{"id":991,"date":"2018-04-09T09:49:19","date_gmt":"2018-04-09T09:49:19","guid":{"rendered":"http:\/\/listagil.is\/?p=991"},"modified":"2018-05-22T14:26:09","modified_gmt":"2018-05-22T14:26:09","slug":"ljodabod","status":"publish","type":"post","link":"https:\/\/listagil.is\/?p=991","title":{"rendered":"Lj\u00f3\u00f0abo\u00f0"},"content":{"rendered":"<p><img loading=\"lazy\" decoding=\"async\" class=\"alignnone wp-image-993 size-large\" src=\"http:\/\/listagil.is\/wp-content\/uploads\/2018\/04\/Lj\u00f3\u00f0abo\u00f0-724x1024.jpg\" alt=\"\" width=\"724\" height=\"1024\" srcset=\"https:\/\/listagil.is\/wp-content\/uploads\/2018\/04\/Lj\u00f3\u00f0abo\u00f0-724x1024.jpg 724w, https:\/\/listagil.is\/wp-content\/uploads\/2018\/04\/Lj\u00f3\u00f0abo\u00f0-212x300.jpg 212w, https:\/\/listagil.is\/wp-content\/uploads\/2018\/04\/Lj\u00f3\u00f0abo\u00f0-768x1086.jpg 768w\" sizes=\"auto, (max-width: 724px) 100vw, 724px\" \/><\/p>\n<p>S\u00f3knarsk\u00e1ld \u00ed samstarfi vi\u00f0 Gilf\u00e9lagi\u00f0 bj\u00f3\u00f0a \u00ed LJ\u00d3\u00d0ABO\u00d0 \u00ed Deiglunni \u00e1 Akureyri, sunnudagskv\u00f6ldi\u00f0 15. apr\u00edl klukkan 20:00. Opi\u00f0 lj\u00f3\u00f0akv\u00f6ld \u00fear sem allir eru velkomnir a\u00f0 flytja og lesa lj\u00f3\u00f0in s\u00edn. Sk\u00faffusk\u00e1ld, st\u00f3rsk\u00e1ld, n\u00ed\u00f0v\u00edsur og \u00e1starlj\u00f3\u00f0 \u00f6ll velkomin.<\/p>\n<p>S\u00f3knarsk\u00e1ld er f\u00e9lagsskapur tveggja ungra sk\u00e1lda \u00ed Eyjafjar\u00f0ars\u00f3kn sem vilja bl\u00e1sa l\u00edfi \u00ed lj\u00f3\u00f0i\u00f0 og bj\u00f3\u00f0a l\u00fd\u00f0num birginn. Markmi\u00f0i\u00f0 er a\u00f0 skapa vettvang fyrir f\u00f3lk til a\u00f0 flytja og bera \u00fat eigin sk\u00e1ldskap. \u00dea\u00f0 er mikilv\u00e6gt a\u00f0 pl\u00e6gja akurinn fyrir fleiri og meiri lj\u00f3\u00f0 \u00ed \u00feessum b\u00e6 Dav\u00ed\u00f0s Stef\u00e1nssonar. Hafi\u00f0 augun opin fyrir fleiri vi\u00f0bur\u00f0um me\u00f0 h\u00e6kkandi s\u00f3l \u00fev\u00ed \u00feetta eru bara fyrstu fersku vindarnir nor\u00f0an hei\u00f0a.<\/p>\n<p><em>S\u00f3knarsk\u00e1ld eru \u00feau Kar\u00f3l\u00edna R\u00f3s og S\u00f6lvi Halld\u00f3rsson, f\u00e6dd og uppalin \u00e1 Akureyri, 20 og 19 \u00e1ra. Menntask\u00f3lagengin og fer\u00f0av\u00f6n.<\/em><\/p>\n","protected":false},"excerpt":{"rendered":"<p>S\u00f3knarsk\u00e1ld \u00ed samstarfi vi\u00f0 Gilf\u00e9lagi\u00f0 bj\u00f3\u00f0a \u00ed LJ\u00d3\u00d0ABO\u00d0 \u00ed Deiglunni \u00e1 Akureyri, sunnudagskv\u00f6ldi\u00f0 15. apr\u00edl klukkan 20:00. Opi\u00f0 lj\u00f3\u00f0akv\u00f6ld \u00fear sem allir eru velkomnir a\u00f0 flytja og lesa lj\u00f3\u00f0in s\u00edn. Sk\u00faffusk\u00e1ld, st\u00f3rsk\u00e1ld, n\u00ed\u00f0v\u00edsur og \u00e1starlj\u00f3\u00f0 \u00f6ll velkomin. S\u00f3knarsk\u00e1ld&#46;&#46;&#46;<\/p>\n","protected":false},"author":3,"featured_media":995,"comment_status":"closed","ping_status":"closed","sticky":false,"template":"","format":"standard","meta":{"_exactmetrics_skip_tracking":false,"_exactmetrics_sitenote_active":false,"_exactmetrics_sitenote_note":"","_exactmetrics_sitenote_category":0,"footnotes":""},"categories":[4],"tags":[],"class_list":["post-991","post","type-post","status-publish","format-standard","has-post-thumbnail","hentry","category-frettir"],"_links":{"self":[{"href":"https:\/\/listagil.is\/index.php?rest_route=\/wp\/v2\/posts\/991","targetHints":{"allow":["GET"]}}],"collection":[{"href":"https:\/\/listagil.is\/index.php?rest_route=\/wp\/v2\/posts"}],"about":[{"href":"https:\/\/listagil.is\/index.php?rest_route=\/wp\/v2\/types\/post"}],"author":[{"embeddable":true,"href":"https:\/\/listagil.is\/index.php?rest_route=\/wp\/v2\/users\/3"}],"replies":[{"embeddable":true,"href":"https:\/\/listagil.is\/index.php?rest_route=%2Fwp%2Fv2%2Fcomments&post=991"}],"version-history":[{"count":4,"href":"https:\/\/listagil.is\/index.php?rest_route=\/wp\/v2\/posts\/991\/revisions"}],"predecessor-version":[{"id":999,"href":"https:\/\/listagil.is\/index.php?rest_route=\/wp\/v2\/posts\/991\/revisions\/999"}],"wp:featuredmedia":[{"embeddable":true,"href":"https:\/\/listagil.is\/index.php?rest_route=\/wp\/v2\/media\/995"}],"wp:attachment":[{"href":"https:\/\/listagil.is\/index.php?rest_route=%2Fwp%2Fv2%2Fmedia&parent=991"}],"wp:term":[{"taxonomy":"category","embeddable":true,"href":"https:\/\/listagil.is\/index.php?rest_route=%2Fwp%2Fv2%2Fcategories&post=991"},{"taxonomy":"post_tag","embeddable":true,"href":"https:\/\/listagil.is\/index.php?rest_route=%2Fwp%2Fv2%2Ftags&post=991"}],"curies":[{"name":"wp","href":"https:\/\/api.w.org\/{rel}","templated":true}]}}