{"id":876,"date":"2017-12-11T12:15:41","date_gmt":"2017-12-11T12:15:41","guid":{"rendered":"http:\/\/listagil.is\/?p=876"},"modified":"2017-12-17T16:52:22","modified_gmt":"2017-12-17T16:52:22","slug":"styrkleiki","status":"publish","type":"post","link":"https:\/\/listagil.is\/?p=876","title":{"rendered":"Styrkleiki &#8211; Myndlistars\u00fdning"},"content":{"rendered":"<p><img loading=\"lazy\" decoding=\"async\" class=\"aligncenter wp-image-877 size-large\" src=\"http:\/\/listagil.is\/wp-content\/uploads\/2017\/12\/23509373_10155891552799596_5395914490095322266_o-1024x275.jpg\" alt=\"\" width=\"1024\" height=\"275\" \/><\/p>\n<p>Veri\u00f0 velkomin \u00e1 opnun s\u00fdningarinnar <em>Styrkleiki<\/em> \u00ed Deiglunni, f\u00f6studaginn 15. desember kl. 17. \u00dear s\u00fdnir hin \u00e1stralska Amanda Marsh n\u00fd ol\u00edum\u00e1lverk unnin \u00e1 NES vinnustofunum \u00e1 Skagastr\u00f6nd.<\/p>\n<p>S\u00fdningin er opin kl. 14 &#8211; 17 f\u00f6studaginn 15. des. til sunnudagsins 17. des.<br \/>\nNew work created at NES Artist Residency, Skagastr\u00f6nd, Iceland.<br \/>\nOfficial opening: Friday 15 December at 5pm of new solo show by Amanda Marsh at Deiglan Gallery.<\/p>\n<p>The exhibition is open from 2pm &#8211; 5pm Friday 15th to Sunday 17th December.<\/p>\n<p>Styrkleiki is an attempt at recording pre-reflective phenomenal experience of momentary awe, knowing all the while, that such attempts are doomed to failure. No event experienced in real time can be adequately passed on to another who can experience it in the exact same way. In a way, the viewer\u2019s own pre-reflective experience is key to the process. Do I as artist, recognise in their responses, something of my own? How \u2018well\u2019 have I failed at generating in others, a response akin to my own? Is there a universality in the \u2018me-ness\u2019 of experiences of place and moment?<br \/>\nthis year of experiencing successive waves of awe and wonder has I believe, been the key to my own transformation and perception of time slowing down, of ditching my \u2018time deficit\u2019. It is born out by research done by academics in psychology and neurophilosophy.<span class=\"ydp5a9cb9c1Apple-converted-space\">\u00a0<\/span><\/p>\n<blockquote><p><i>&#8220;When do people feel as if they are rich in time? Not often, research and daily experience suggest. However, three experiments showed that participants who felt awe, relative to other emotions, felt they had more time available and were less impatient. Participants who experienced awe also were more willing to volunteer their time to help other people, more strongly preferred experiences over material products, and experienced greater life satisfaction. Mediation analyses revealed that these changes in decision making and well-being were due to awe\u2019s ability to alter the subjective experience of time. Experiences of awe bring people into the present moment, and being in the present moment underlies awe\u2019s capacity to adjust time perception, influence decisions, and make life feel more satisfying than it would otherwise.&#8221;<br \/>\n<\/i><span style=\"font-size: xx-small;\">Melanie Rudd, Kathleen D. Vohs &amp; Jennifer Aaker<br \/>\n<\/span><span style=\"font-size: xx-small;\">Graduate School of Business, Stanford University, and<span class=\"ydp5a9cb9c1Apple-converted-space\">\u00a0\u00a0<\/span>Carlson School of Management, University of Minnesota<\/span><\/p><\/blockquote>\n<p>It is my hope that in visiting this exhibition the viewer may, at least temporarily, feel immersed in my attempts at regenerating feelings of awe, and thereby regain time.<\/p>\n<div>Born in Melbourne 1972, I now live and work in Fremantle, Western Australia. I have a Bachelor of Fine Arts (Painting) from the Victorian College of the Arts (Melbourne University), completed in 1994. I have been working as an artist part time ever since, exhibiting in Melbourne and Perth in solo and group shows. Primarily a painter, I sometimes also produce digital animation works (some will be on show at Deiglan), installation, film and sculptural works. The underlying theme of my work is aspects of mind: consciousness, free will and phenomenology.\u00a0 I&#8217;ve been a finalist in several prestigious art awards and won a few as well. Most recently the Mandjar Art Award. This is my first international exhibition.<\/div>\n<div><\/div>\n<div>My website:\u00a0<span id=\"OBJ_PREFIX_DWT97_com_zimbra_url\" class=\"Object\"><span id=\"OBJ_PREFIX_DWT105_com_zimbra_url\" class=\"Object\"><a href=\"http:\/\/www.amandamarsh.com.a\/\" target=\"_blank\" rel=\"noopener noreferrer\">www.amandamarsh.com.a\u00a0<\/a><\/span><\/span><\/div>\n<div>My instagram:\u00a0\u00a0<span id=\"OBJ_PREFIX_DWT98_com_zimbra_url\" class=\"Object\"><span id=\"OBJ_PREFIX_DWT106_com_zimbra_url\" class=\"Object\"><a href=\"https:\/\/www.instagram.com\/marsh_amanda\/\" target=\"_blank\" rel=\"noopener noreferrer\">https:\/\/www.instagram.com\/marsh_amanda\/<\/a><\/span><\/span><\/div>\n<div><img loading=\"lazy\" decoding=\"async\" class=\"alignnone size-medium wp-image-896 alignright\" src=\"http:\/\/listagil.is\/wp-content\/uploads\/2017\/12\/FullSizeRender-4-180x300.jpg\" alt=\"\" width=\"180\" height=\"300\" srcset=\"https:\/\/listagil.is\/wp-content\/uploads\/2017\/12\/FullSizeRender-4-180x300.jpg 180w, https:\/\/listagil.is\/wp-content\/uploads\/2017\/12\/FullSizeRender-4-768x1277.jpg 768w, https:\/\/listagil.is\/wp-content\/uploads\/2017\/12\/FullSizeRender-4-616x1024.jpg 616w, https:\/\/listagil.is\/wp-content\/uploads\/2017\/12\/FullSizeRender-4.jpg 1966w\" sizes=\"auto, (max-width: 180px) 100vw, 180px\" \/><img loading=\"lazy\" decoding=\"async\" class=\"alignnone size-medium wp-image-897 alignright\" src=\"http:\/\/listagil.is\/wp-content\/uploads\/2017\/12\/IMG_1051-166x300.jpg\" alt=\"\" width=\"166\" height=\"300\" srcset=\"https:\/\/listagil.is\/wp-content\/uploads\/2017\/12\/IMG_1051-166x300.jpg 166w, https:\/\/listagil.is\/wp-content\/uploads\/2017\/12\/IMG_1051-768x1387.jpg 768w, https:\/\/listagil.is\/wp-content\/uploads\/2017\/12\/IMG_1051-567x1024.jpg 567w, https:\/\/listagil.is\/wp-content\/uploads\/2017\/12\/IMG_1051.jpg 1955w\" sizes=\"auto, (max-width: 166px) 100vw, 166px\" \/><\/div>\n","protected":false},"excerpt":{"rendered":"<p>Veri\u00f0 velkomin \u00e1 opnun s\u00fdningarinnar Styrkleiki \u00ed Deiglunni, f\u00f6studaginn 15. desember kl. 17. \u00dear s\u00fdnir hin \u00e1stralska Amanda Marsh n\u00fd ol\u00edum\u00e1lverk unnin \u00e1 NES vinnustofunum \u00e1 Skagastr\u00f6nd. S\u00fdningin er opin kl. 14 &#8211; 17 f\u00f6studaginn 15. des. til&#46;&#46;&#46;<\/p>\n","protected":false},"author":3,"featured_media":877,"comment_status":"closed","ping_status":"closed","sticky":false,"template":"","format":"standard","meta":{"_exactmetrics_skip_tracking":false,"_exactmetrics_sitenote_active":false,"_exactmetrics_sitenote_note":"","_exactmetrics_sitenote_category":0,"footnotes":""},"categories":[4],"tags":[],"class_list":["post-876","post","type-post","status-publish","format-standard","has-post-thumbnail","hentry","category-frettir"],"_links":{"self":[{"href":"https:\/\/listagil.is\/index.php?rest_route=\/wp\/v2\/posts\/876","targetHints":{"allow":["GET"]}}],"collection":[{"href":"https:\/\/listagil.is\/index.php?rest_route=\/wp\/v2\/posts"}],"about":[{"href":"https:\/\/listagil.is\/index.php?rest_route=\/wp\/v2\/types\/post"}],"author":[{"embeddable":true,"href":"https:\/\/listagil.is\/index.php?rest_route=\/wp\/v2\/users\/3"}],"replies":[{"embeddable":true,"href":"https:\/\/listagil.is\/index.php?rest_route=%2Fwp%2Fv2%2Fcomments&post=876"}],"version-history":[{"count":3,"href":"https:\/\/listagil.is\/index.php?rest_route=\/wp\/v2\/posts\/876\/revisions"}],"predecessor-version":[{"id":905,"href":"https:\/\/listagil.is\/index.php?rest_route=\/wp\/v2\/posts\/876\/revisions\/905"}],"wp:featuredmedia":[{"embeddable":true,"href":"https:\/\/listagil.is\/index.php?rest_route=\/wp\/v2\/media\/877"}],"wp:attachment":[{"href":"https:\/\/listagil.is\/index.php?rest_route=%2Fwp%2Fv2%2Fmedia&parent=876"}],"wp:term":[{"taxonomy":"category","embeddable":true,"href":"https:\/\/listagil.is\/index.php?rest_route=%2Fwp%2Fv2%2Fcategories&post=876"},{"taxonomy":"post_tag","embeddable":true,"href":"https:\/\/listagil.is\/index.php?rest_route=%2Fwp%2Fv2%2Ftags&post=876"}],"curies":[{"name":"wp","href":"https:\/\/api.w.org\/{rel}","templated":true}]}}