{"id":872,"date":"2017-12-03T15:52:43","date_gmt":"2017-12-03T15:52:43","guid":{"rendered":"http:\/\/listagil.is\/?p=872"},"modified":"2017-12-04T16:58:14","modified_gmt":"2017-12-04T16:58:14","slug":"amma-myndlistarsyning","status":"publish","type":"post","link":"https:\/\/listagil.is\/?p=872","title":{"rendered":"AMMA &#8211; Myndlistars\u00fdning"},"content":{"rendered":"<p>Listakl\u00fabburinn\u00a0<em>\u201eGellur sem m\u00e1la\u201c<\/em>\u00a0heldur sams\u00fdninguna AMMA \u00ed Deiglunni \u00e1 Akureyri 9.-10. des. 2017. Kl\u00fabburinn hefur starfa\u00f0 s\u00ed\u00f0an \u00ed jan\u00faar 2016 en a\u00f0 honum standa \u00f3l\u00edkir einstaklingar sem koma \u00far \u00f6llum \u00e1ttum og sty\u00f0ja hvert anna\u00f0 \u00ed listsk\u00f6puninni.<\/p>\n<p>\u00deema \u00feessarar s\u00fdningar er einfaldlega AMMA \u00fear sem hver og einn n\u00e1lgast vi\u00f0fangsefni\u00f0 me\u00f0 s\u00ednum h\u00e6tti. Kl\u00fabburinn kynnir sig og s\u00fdninguna \u00e1 f\u00e9sb\u00f3kars\u00ed\u00f0unni \u201eGellur sem m\u00e1la \u00ed b\u00edlsk\u00far\u201c. S\u00fdningin ver\u00f0ur opin kl. 14:00-18:00 b\u00e1\u00f0a dagana.<\/p>\n<p><em>\u201e\u00de\u00f6rfin fyrir a\u00f0 skapa sameinar okkur. H\u00f3purinn sem a\u00f0 s\u00fdningunni stendur kynntist \u00e1 n\u00e1mskei\u00f0i hj\u00e1 Listfr\u00e6\u00f0slunni veturinn 2015 \u2013 2016 \u00fear \u00f6ndvegiskennararnir Billa og Gu\u00f0mundur \u00c1rmann t\u00f3ku okkur \u00ed fangi\u00f0 og kenndu okkur og f\u00e6ddu,\u201c\u00a0<\/em>segir \u00ed tilkynningu \u00e1 f\u00e9sb\u00f3kars\u00ed\u00f0unni.<\/p>\n<p>Me\u00f0limir h\u00f3psins koma \u00far \u00f6llum \u00e1ttum en sameinast \u00ed listsk\u00f6puninni:<\/p>\n<p>Anna Mar\u00eda Hj\u00e1lmarsd\u00f3ttir<br \/>\nBarbara Hj\u00e1lmarsd\u00f3ttir<br \/>\nBj\u00f6rgvin Kolbeinsson<br \/>\nHarpa Halld\u00f3rsd\u00f3ttir<br \/>\nJ\u00f3hanna B\u00e1ra \u00de\u00f3risd\u00f3ttir<br \/>\nJ\u00f3n\u00edna Sigur\u00f0ard\u00f3ttir<br \/>\nKrist\u00edn H\u00f3lm<br \/>\nL\u00edney Helgad\u00f3ttir<br \/>\nSoff\u00eda Vagnsd\u00f3ttir<\/p>\n","protected":false},"excerpt":{"rendered":"<p>Listakl\u00fabburinn\u00a0\u201eGellur sem m\u00e1la\u201c\u00a0heldur sams\u00fdninguna AMMA \u00ed Deiglunni \u00e1 Akureyri 9.-10. des. 2017. Kl\u00fabburinn hefur starfa\u00f0 s\u00ed\u00f0an \u00ed jan\u00faar 2016 en a\u00f0 honum standa \u00f3l\u00edkir einstaklingar sem koma \u00far \u00f6llum \u00e1ttum og sty\u00f0ja hvert anna\u00f0 \u00ed listsk\u00f6puninni. \u00deema \u00feessarar&#46;&#46;&#46;<\/p>\n","protected":false},"author":3,"featured_media":873,"comment_status":"closed","ping_status":"closed","sticky":false,"template":"","format":"standard","meta":{"_exactmetrics_skip_tracking":false,"_exactmetrics_sitenote_active":false,"_exactmetrics_sitenote_note":"","_exactmetrics_sitenote_category":0,"footnotes":""},"categories":[4],"tags":[],"class_list":["post-872","post","type-post","status-publish","format-standard","has-post-thumbnail","hentry","category-frettir"],"_links":{"self":[{"href":"https:\/\/listagil.is\/index.php?rest_route=\/wp\/v2\/posts\/872","targetHints":{"allow":["GET"]}}],"collection":[{"href":"https:\/\/listagil.is\/index.php?rest_route=\/wp\/v2\/posts"}],"about":[{"href":"https:\/\/listagil.is\/index.php?rest_route=\/wp\/v2\/types\/post"}],"author":[{"embeddable":true,"href":"https:\/\/listagil.is\/index.php?rest_route=\/wp\/v2\/users\/3"}],"replies":[{"embeddable":true,"href":"https:\/\/listagil.is\/index.php?rest_route=%2Fwp%2Fv2%2Fcomments&post=872"}],"version-history":[{"count":2,"href":"https:\/\/listagil.is\/index.php?rest_route=\/wp\/v2\/posts\/872\/revisions"}],"predecessor-version":[{"id":875,"href":"https:\/\/listagil.is\/index.php?rest_route=\/wp\/v2\/posts\/872\/revisions\/875"}],"wp:featuredmedia":[{"embeddable":true,"href":"https:\/\/listagil.is\/index.php?rest_route=\/wp\/v2\/media\/873"}],"wp:attachment":[{"href":"https:\/\/listagil.is\/index.php?rest_route=%2Fwp%2Fv2%2Fmedia&parent=872"}],"wp:term":[{"taxonomy":"category","embeddable":true,"href":"https:\/\/listagil.is\/index.php?rest_route=%2Fwp%2Fv2%2Fcategories&post=872"},{"taxonomy":"post_tag","embeddable":true,"href":"https:\/\/listagil.is\/index.php?rest_route=%2Fwp%2Fv2%2Ftags&post=872"}],"curies":[{"name":"wp","href":"https:\/\/api.w.org\/{rel}","templated":true}]}}