{"id":778,"date":"2017-10-10T09:38:02","date_gmt":"2017-10-10T09:38:02","guid":{"rendered":"http:\/\/listagil.is\/?p=778"},"modified":"2017-10-10T09:52:27","modified_gmt":"2017-10-10T09:52:27","slug":"778","status":"publish","type":"post","link":"https:\/\/listagil.is\/?p=778","title":{"rendered":"Opi\u00f0 fyrir ums\u00f3knir \u00ed gestavinnustofu"},"content":{"rendered":"<p><img loading=\"lazy\" decoding=\"async\" class=\"alignnone size-medium wp-image-779\" src=\"http:\/\/listagil.is\/wp-content\/uploads\/2017\/10\/Akureyri-300x200.jpg\" alt=\"\" width=\"300\" height=\"200\" srcset=\"https:\/\/listagil.is\/wp-content\/uploads\/2017\/10\/Akureyri-300x200.jpg 300w, https:\/\/listagil.is\/wp-content\/uploads\/2017\/10\/Akureyri.jpg 640w\" sizes=\"auto, (max-width: 300px) 100vw, 300px\" \/><\/p>\n<p>Gilf\u00e9lagi\u00f0 augl\u00fdsir eftir ums\u00f3knum til dvalar \u00ed gestavinnustofu Gilf\u00e9lagsins. Um er a\u00f0 r\u00e6\u00f0a m\u00e1na\u00f0ardvalir \u00e1 t\u00edmabilinu j\u00fal\u00ed til desember 2018. Gestavinnustofan er fullb\u00fain \u00edb\u00fa\u00f0 me\u00f0 vinnustofu sem hentar einum listamanni e\u00f0a pari. Innangengt er \u00ed vi\u00f0bur\u00f0arr\u00fdmi\u00f0 okkar Deigluna \u00fear sem er \u00ed bo\u00f0i a\u00f0 halda s\u00fdningu e\u00f0a annarskonar vi\u00f0bur\u00f0 \u00ed lok dvalar e\u00f0a eftir samkomulagi. \u00cdb\u00fa\u00f0in er sta\u00f0sett \u00ed Kaupvangsstr\u00e6ti, e\u00f0a Listagilinu \u00ed mi\u00f0b\u00e6 Akureyrar \u00fear sem er stutt a\u00f0 s\u00e6kja alla helstu \u00fej\u00f3nustu svo ekki s\u00e9 minnst \u00e1 menningarl\u00edfi\u00f0. Ums\u00f3knarfrestur er til og me\u00f0 1. n\u00f3vember.<\/p>\n<p><a href=\"http:\/\/listagil.is\/?page_id=17\">N\u00e1nari uppl\u00fdsingar um vinnustofuna og ums\u00f3knarferli\u00f0 m\u00e1 n\u00e1lgast H\u00c9R<\/a><\/p>\n<hr \/>\n<p>Gil Artist Residency is open for applications for one month stays in July to December 2018. Application deadline is November 1st.<\/p>\n<p>Gil Artist Residency is an Artist in Residence Program located in Akureyri, North Iceland.\u00a0We are located in the town center, in\u00a0the Art Street where the Art Museum and several galleries, artist studios, restaurants and bars are located. At the end of the street is the shore of Eyjafj\u00f6r\u00f0ur, a beautiful mountain view of the fjord. Akureyri is a small town with an easy access to open nature.<\/p>\n<p>We can accommodate one or two artists, in a private apartment with a studio, fully equipped kitchen &amp; bathroom and a gallery for final events &amp; exhibitions. Our exhibition space Deiglan is next door and has an internal access from the studio.<\/p>\n<p><a href=\"http:\/\/listagil.is\/?page_id=17\">More info on the residency and the application process HERE<\/a><\/p>\n","protected":false},"excerpt":{"rendered":"<p>Gilf\u00e9lagi\u00f0 augl\u00fdsir eftir ums\u00f3knum til dvalar \u00ed gestavinnustofu Gilf\u00e9lagsins. Um er a\u00f0 r\u00e6\u00f0a m\u00e1na\u00f0ardvalir \u00e1 t\u00edmabilinu j\u00fal\u00ed til desember 2018. Gestavinnustofan er fullb\u00fain \u00edb\u00fa\u00f0 me\u00f0 vinnustofu sem hentar einum listamanni e\u00f0a pari. Innangengt er \u00ed vi\u00f0bur\u00f0arr\u00fdmi\u00f0 okkar Deigluna&#46;&#46;&#46;<\/p>\n","protected":false},"author":3,"featured_media":639,"comment_status":"closed","ping_status":"closed","sticky":false,"template":"","format":"standard","meta":{"_exactmetrics_skip_tracking":false,"_exactmetrics_sitenote_active":false,"_exactmetrics_sitenote_note":"","_exactmetrics_sitenote_category":0,"footnotes":""},"categories":[4],"tags":[],"class_list":["post-778","post","type-post","status-publish","format-standard","has-post-thumbnail","hentry","category-frettir"],"_links":{"self":[{"href":"https:\/\/listagil.is\/index.php?rest_route=\/wp\/v2\/posts\/778","targetHints":{"allow":["GET"]}}],"collection":[{"href":"https:\/\/listagil.is\/index.php?rest_route=\/wp\/v2\/posts"}],"about":[{"href":"https:\/\/listagil.is\/index.php?rest_route=\/wp\/v2\/types\/post"}],"author":[{"embeddable":true,"href":"https:\/\/listagil.is\/index.php?rest_route=\/wp\/v2\/users\/3"}],"replies":[{"embeddable":true,"href":"https:\/\/listagil.is\/index.php?rest_route=%2Fwp%2Fv2%2Fcomments&post=778"}],"version-history":[{"count":4,"href":"https:\/\/listagil.is\/index.php?rest_route=\/wp\/v2\/posts\/778\/revisions"}],"predecessor-version":[{"id":1225,"href":"https:\/\/listagil.is\/index.php?rest_route=\/wp\/v2\/posts\/778\/revisions\/1225"}],"wp:featuredmedia":[{"embeddable":true,"href":"https:\/\/listagil.is\/index.php?rest_route=\/wp\/v2\/media\/639"}],"wp:attachment":[{"href":"https:\/\/listagil.is\/index.php?rest_route=%2Fwp%2Fv2%2Fmedia&parent=778"}],"wp:term":[{"taxonomy":"category","embeddable":true,"href":"https:\/\/listagil.is\/index.php?rest_route=%2Fwp%2Fv2%2Fcategories&post=778"},{"taxonomy":"post_tag","embeddable":true,"href":"https:\/\/listagil.is\/index.php?rest_route=%2Fwp%2Fv2%2Ftags&post=778"}],"curies":[{"name":"wp","href":"https:\/\/api.w.org\/{rel}","templated":true}]}}