{"id":755,"date":"2017-09-18T14:26:57","date_gmt":"2017-09-18T14:26:57","guid":{"rendered":"http:\/\/listagil.is\/?p=755"},"modified":"2017-09-18T14:29:16","modified_gmt":"2017-09-18T14:29:16","slug":"voyager","status":"publish","type":"post","link":"https:\/\/listagil.is\/?p=755","title":{"rendered":"Voyager"},"content":{"rendered":"<p><img loading=\"lazy\" decoding=\"async\" class=\" wp-image-756 aligncenter\" src=\"http:\/\/listagil.is\/wp-content\/uploads\/2017\/09\/IMG_1268-269x300.jpg\" alt=\"\" width=\"339\" height=\"400\" \/><\/p>\n<p>\u00de\u00e9r er bo\u00f0i\u00f0 \u00e1 opnun s\u00fdningarinnar &#8220;Voyager \/ Fer\u00f0alangur&#8221; \u00ed Deiglunni \u00e1 laugardag, 23. sept kl. 14 &#8211; 17. Einnig opi\u00f0 14 &#8211; 17 \u00e1 sunnudag.<br \/>\nCindy Small er gestalistama\u00f0ur Gilf\u00e9lagsins \u00ed september og mun s\u00fdna afrakstur dvalar sinnar.<\/p>\n<p>&#8220;Fer\u00f0alangur&#8221;<br \/>\nStuttu eftir a\u00f0 \u00e9g kom til Akureyrar heims\u00f3tti \u00e9g safni\u00f0 sem s\u00fdnir n\u00fa g\u00f6mul \u00edslensk kort. Margt vi\u00f0 kortin gripu mig &#8211; fallegu landfr\u00e6\u00f0iteikningarnar og notkun lita, st\u00f3rfenglegu s\u00e6skr\u00edmslin og s\u00edbreytilegt form eyjarinnar eftir n\u00fdjar uppg\u00f6tvanir.<br \/>\nEftir \u00fev\u00ed sem \u00e9g ver\u00f0 \u00f6ruggari \u00e1 \u00feessu &#8220;\u00e6ttleidda heimili&#8221; breytist skilningur minn \u00e1 landi og \u00fej\u00f3\u00f0. Hver dagur er n\u00fd upplifun \u00e1 loftslagi, landslagi, hlj\u00f3\u00f0i og lykt.<br \/>\n\u00c9g hef b\u00fai\u00f0 til n\u00fd kort me\u00f0 uppg\u00f6tvunum m\u00ednum, me\u00f0 \u00e1herslu \u00e1 sj\u00e1lfsmynda, &#8220;skr\u00edmsla&#8221; sem Fer\u00f0alangurinn. B\u00e1tarnir, sem eru oft til sta\u00f0ar, t\u00e1kna fer\u00f0ina sem hefur prentast \u00ed hjarta mitt.<br \/>\nTakk, Akureyri.<br \/>\nTakk, \u00cdsland.<\/p>\n<p>www.cindysmallstudio.com<br \/>\nwww.listagil.is<br \/>\nDeiglan, Kaupvangsstr\u00e6ti 23, Akureyri.<\/p>\n<p>\/\/\/<\/p>\n<p>You are invited to the opening of the exhibition &#8220;Voyager&#8221; by Cindy Small, artist in residence, in Deiglan on Saturday, September 23rd at 2 &#8211; 5 pm. Also open on Sunday 2 &#8211; 5 pm.<\/p>\n<p>&#8220;Voyager&#8221;<br \/>\nShortly after I arrived in Akureyri, I visited the museum which currently has on display a collection of ancient maps of Iceland. Many things about the maps struck me-the beautiful topographical illustrations and use of color, the fantastical sea monsters, and the ever-changing shape of the island as new discoveries were learned.<br \/>\nAs I became more comfortable in this &#8220;adopted home&#8221;, I noticed my changing insights of this land and culture. Each day brings a different awareness of the climate, the landscape, the sounds and smells of this place.<br \/>\nMy work speaks to creating new maps of my discoveries, highlighting the self-portrait &#8220;monsters&#8221; as the Voyager. The boats that are often times present, symbolize the journey, which is absolutely leaving an imprint on my heart.<br \/>\nThank you, Akureyri.<br \/>\nThank you, Iceland.<\/p>\n<p>www.cindysmallstudio.com<br \/>\nwww.listagil.is<br \/>\nDeiglan, Kaupvangsstr\u00e6ti 23, Akureyri.<\/p>\n","protected":false},"excerpt":{"rendered":"<p>\u00de\u00e9r er bo\u00f0i\u00f0 \u00e1 opnun s\u00fdningarinnar &#8220;Voyager \/ Fer\u00f0alangur&#8221; \u00ed Deiglunni \u00e1 laugardag, 23. sept kl. 14 &#8211; 17. Einnig opi\u00f0 14 &#8211; 17 \u00e1 sunnudag. Cindy Small er gestalistama\u00f0ur Gilf\u00e9lagsins \u00ed september og mun s\u00fdna afrakstur dvalar&#46;&#46;&#46;<\/p>\n","protected":false},"author":3,"featured_media":757,"comment_status":"closed","ping_status":"closed","sticky":false,"template":"","format":"standard","meta":{"_exactmetrics_skip_tracking":false,"_exactmetrics_sitenote_active":false,"_exactmetrics_sitenote_note":"","_exactmetrics_sitenote_category":0,"footnotes":""},"categories":[4],"tags":[],"class_list":["post-755","post","type-post","status-publish","format-standard","has-post-thumbnail","hentry","category-frettir"],"_links":{"self":[{"href":"https:\/\/listagil.is\/index.php?rest_route=\/wp\/v2\/posts\/755","targetHints":{"allow":["GET"]}}],"collection":[{"href":"https:\/\/listagil.is\/index.php?rest_route=\/wp\/v2\/posts"}],"about":[{"href":"https:\/\/listagil.is\/index.php?rest_route=\/wp\/v2\/types\/post"}],"author":[{"embeddable":true,"href":"https:\/\/listagil.is\/index.php?rest_route=\/wp\/v2\/users\/3"}],"replies":[{"embeddable":true,"href":"https:\/\/listagil.is\/index.php?rest_route=%2Fwp%2Fv2%2Fcomments&post=755"}],"version-history":[{"count":1,"href":"https:\/\/listagil.is\/index.php?rest_route=\/wp\/v2\/posts\/755\/revisions"}],"predecessor-version":[{"id":758,"href":"https:\/\/listagil.is\/index.php?rest_route=\/wp\/v2\/posts\/755\/revisions\/758"}],"wp:featuredmedia":[{"embeddable":true,"href":"https:\/\/listagil.is\/index.php?rest_route=\/wp\/v2\/media\/757"}],"wp:attachment":[{"href":"https:\/\/listagil.is\/index.php?rest_route=%2Fwp%2Fv2%2Fmedia&parent=755"}],"wp:term":[{"taxonomy":"category","embeddable":true,"href":"https:\/\/listagil.is\/index.php?rest_route=%2Fwp%2Fv2%2Fcategories&post=755"},{"taxonomy":"post_tag","embeddable":true,"href":"https:\/\/listagil.is\/index.php?rest_route=%2Fwp%2Fv2%2Ftags&post=755"}],"curies":[{"name":"wp","href":"https:\/\/api.w.org\/{rel}","templated":true}]}}