{"id":731,"date":"2017-08-16T18:10:57","date_gmt":"2017-08-16T18:10:57","guid":{"rendered":"http:\/\/listagil.is\/?p=731"},"modified":"2017-08-16T18:10:57","modified_gmt":"2017-08-16T18:10:57","slug":"ormur-svanur-trubadoratonleikar","status":"publish","type":"post","link":"https:\/\/listagil.is\/?p=731","title":{"rendered":"Ormur &#038; Svanur &#8211; Tr\u00fabadorat\u00f3nleikar"},"content":{"rendered":"<p><img loading=\"lazy\" decoding=\"async\" class=\"alignnone size-medium wp-image-734\" src=\"http:\/\/listagil.is\/wp-content\/uploads\/2017\/08\/19222661_1500424873343374_4783576421396450309_o-300x169.jpg\" alt=\"\" width=\"300\" height=\"169\" srcset=\"https:\/\/listagil.is\/wp-content\/uploads\/2017\/08\/19222661_1500424873343374_4783576421396450309_o-300x169.jpg 300w, https:\/\/listagil.is\/wp-content\/uploads\/2017\/08\/19222661_1500424873343374_4783576421396450309_o-768x432.jpg 768w, https:\/\/listagil.is\/wp-content\/uploads\/2017\/08\/19222661_1500424873343374_4783576421396450309_o-1024x576.jpg 1024w, https:\/\/listagil.is\/wp-content\/uploads\/2017\/08\/19222661_1500424873343374_4783576421396450309_o.jpg 2048w\" sizes=\"auto, (max-width: 300px) 100vw, 300px\" \/><\/p>\n<p>Fe\u00f0garnir og tr\u00fabadorarnir A\u00f0alsteinn Svanur Sigf\u00fasson (57) og Sigur\u00f0ur Ormur A\u00f0alsteinsson (21) halda tr\u00fabadorat\u00f3nleika \u00ed Deiglunni \u00fear sem \u00feeir syngja og leika frumsamin l\u00f6g og texta, \u00fe\u00f3tt e.t.v. sl\u00e6\u00f0ist einhverjar \u00e1brei\u00f0ur me\u00f0.<\/p>\n<p>Fe\u00f0garnir eru fulltr\u00faar tveggja kynsl\u00f3\u00f0a s\u00f6ngask\u00e1lda: Svanurinn syngur h\u00e1ttbundin kv\u00e6\u00f0i \u00e1 m\u00f3\u00f0urm\u00e1linu me\u00f0an Ormur er t\u00ed\u00f0arandanum tr\u00far og syngur \u00e1 ensku. Dagskr\u00e1in \u00e6tti a\u00f0 vera vi\u00f0 h\u00e6fi f\u00f3lks \u00e1 \u00f6llum aldri.<\/p>\n<p>Sta\u00f0setning: Deiglan (Gilf\u00e9lagi\u00f0 &#8211; Listagil)<\/p>\n<p>Vi\u00f0 erum hluti af Listasumri!<br \/>\n<a class=\"_58cn\" href=\"https:\/\/www.facebook.com\/hashtag\/listasumar\" data-ft=\"{&quot;tn&quot;:&quot;*N&quot;,&quot;type&quot;:104}\">#listasumar<\/a><\/p>\n","protected":false},"excerpt":{"rendered":"<p>Fe\u00f0garnir og tr\u00fabadorarnir A\u00f0alsteinn Svanur Sigf\u00fasson (57) og Sigur\u00f0ur Ormur A\u00f0alsteinsson (21) halda tr\u00fabadorat\u00f3nleika \u00ed Deiglunni \u00fear sem \u00feeir syngja og leika frumsamin l\u00f6g og texta, \u00fe\u00f3tt e.t.v. sl\u00e6\u00f0ist einhverjar \u00e1brei\u00f0ur me\u00f0. Fe\u00f0garnir eru fulltr\u00faar tveggja kynsl\u00f3\u00f0a s\u00f6ngask\u00e1lda:&#46;&#46;&#46;<\/p>\n","protected":false},"author":3,"featured_media":735,"comment_status":"closed","ping_status":"closed","sticky":false,"template":"","format":"standard","meta":{"_exactmetrics_skip_tracking":false,"_exactmetrics_sitenote_active":false,"_exactmetrics_sitenote_note":"","_exactmetrics_sitenote_category":0,"footnotes":""},"categories":[4],"tags":[],"class_list":["post-731","post","type-post","status-publish","format-standard","has-post-thumbnail","hentry","category-frettir"],"_links":{"self":[{"href":"https:\/\/listagil.is\/index.php?rest_route=\/wp\/v2\/posts\/731","targetHints":{"allow":["GET"]}}],"collection":[{"href":"https:\/\/listagil.is\/index.php?rest_route=\/wp\/v2\/posts"}],"about":[{"href":"https:\/\/listagil.is\/index.php?rest_route=\/wp\/v2\/types\/post"}],"author":[{"embeddable":true,"href":"https:\/\/listagil.is\/index.php?rest_route=\/wp\/v2\/users\/3"}],"replies":[{"embeddable":true,"href":"https:\/\/listagil.is\/index.php?rest_route=%2Fwp%2Fv2%2Fcomments&post=731"}],"version-history":[{"count":1,"href":"https:\/\/listagil.is\/index.php?rest_route=\/wp\/v2\/posts\/731\/revisions"}],"predecessor-version":[{"id":736,"href":"https:\/\/listagil.is\/index.php?rest_route=\/wp\/v2\/posts\/731\/revisions\/736"}],"wp:featuredmedia":[{"embeddable":true,"href":"https:\/\/listagil.is\/index.php?rest_route=\/wp\/v2\/media\/735"}],"wp:attachment":[{"href":"https:\/\/listagil.is\/index.php?rest_route=%2Fwp%2Fv2%2Fmedia&parent=731"}],"wp:term":[{"taxonomy":"category","embeddable":true,"href":"https:\/\/listagil.is\/index.php?rest_route=%2Fwp%2Fv2%2Fcategories&post=731"},{"taxonomy":"post_tag","embeddable":true,"href":"https:\/\/listagil.is\/index.php?rest_route=%2Fwp%2Fv2%2Ftags&post=731"}],"curies":[{"name":"wp","href":"https:\/\/api.w.org\/{rel}","templated":true}]}}