{"id":694,"date":"2017-07-06T21:25:26","date_gmt":"2017-07-06T21:25:26","guid":{"rendered":"http:\/\/listagil.is\/?p=694"},"modified":"2017-07-09T21:32:04","modified_gmt":"2017-07-09T21:32:04","slug":"bubbarnir-hljod-med-karakter","status":"publish","type":"post","link":"https:\/\/listagil.is\/?p=694","title":{"rendered":"Bubbarnir &#8211; Hlj\u00f3\u00f0 me\u00f0 karakter"},"content":{"rendered":"<p>S\u00fdningin Bubbarnir er litr\u00edkt safn sj\u00f6 hlj\u00f3\u00f0leikfanga. Leikf\u00f6ngin eru einf\u00f6ld hlj\u00f3\u00f0f\u00e6ri sem hafa veri\u00f0 sett \u00ed vingjarnlegan og litr\u00edkan b\u00faning og gle\u00f0ja auga\u00f0. Meginmarkmi\u00f0 me\u00f0 ger\u00f0 \u00feessara leikfanga er a\u00f0 auka t\u00f3nlistarsk\u00f6pun barna og \u00e1huga \u00e1 hlj\u00f3\u00f0f\u00e6raleik me\u00f0 hlj\u00f3\u00f0f\u00e6rum sem eru \u00f3hef\u00f0bundin og me\u00f0 pers\u00f3nueinkennum.<\/p>\n<p>\u00dea\u00f0 er gaman a\u00f0 b\u00faa til hlj\u00f3\u00f0 og \u00fea\u00f0 er gaman a\u00f0 b\u00faa til hlj\u00f3\u00f0 saman. F\u00e9lagarnir \u00ed hlj\u00f3msveitinni Bubbar gefa fr\u00e1 s\u00e9r mismunandi hlj\u00f3\u00f0 og finnst f\u00e1tt skemmtilegra en a\u00f0 koma saman og b\u00faa til l\u00e6ti e\u00f0a hrista \u00ed takt.<\/p>\n<p>H\u00f6nnu\u00f0ur Bubbana er barnamenningarh\u00f6nnu\u00f0urinn Ninna \u00de\u00f3rarinsd\u00f3ttir<\/p>\n<p><a href=\"https:\/\/l.facebook.com\/l.php?u=http%3A%2F%2Fwww.ninna.is%2F&amp;h=ATOgM0Lx17gSsQtLFSbZbOhh4aWQJ98NvgereJYiispI_yZd5J3LYmfTi3d0ZRUaMPJg6ele0OTPdIM6gOy4EljI5xsRwelvTuKTxlGsoaisbv6_nbIXWVq_St1i-5b1OAuw-uF-Mg&amp;enc=AZMNqfleWgmD_b_dWFVf3nbmQrxUxsla55yWUNNzpTKEUhEacv9BmZKoj471ZSw9NM8&amp;s=1\" target=\"_blank\" rel=\"nofollow nofollow noopener noreferrer\">www.ninna.is<\/a><\/p>\n<p>Opnunart\u00edmi:<br \/>\n14.07 &#8211; 20:00-22:00 (Opnunarh\u00f3f)<br \/>\n15.07 &#8211; 12:00-17:00<br \/>\n16.07 &#8211; 12:00-18:00<\/p>\n<p>Sta\u00f0setning: Deiglan (Gilf\u00e9lagi\u00f0 &#8211; Listagil)<\/p>\n<p>Vi\u00f0 erum hluti af Listasumri!<br \/>\n<a class=\"_58cn\" href=\"https:\/\/www.facebook.com\/hashtag\/listasumar\" data-ft=\"{&quot;tn&quot;:&quot;*N&quot;,&quot;type&quot;:104}\">#listasumar<\/a><\/p>\n","protected":false},"excerpt":{"rendered":"<p>S\u00fdningin Bubbarnir er litr\u00edkt safn sj\u00f6 hlj\u00f3\u00f0leikfanga. Leikf\u00f6ngin eru einf\u00f6ld hlj\u00f3\u00f0f\u00e6ri sem hafa veri\u00f0 sett \u00ed vingjarnlegan og litr\u00edkan b\u00faning og gle\u00f0ja auga\u00f0. Meginmarkmi\u00f0 me\u00f0 ger\u00f0 \u00feessara leikfanga er a\u00f0 auka t\u00f3nlistarsk\u00f6pun barna og \u00e1huga \u00e1 hlj\u00f3\u00f0f\u00e6raleik me\u00f0&#46;&#46;&#46;<\/p>\n","protected":false},"author":3,"featured_media":695,"comment_status":"closed","ping_status":"closed","sticky":false,"template":"","format":"standard","meta":{"_exactmetrics_skip_tracking":false,"_exactmetrics_sitenote_active":false,"_exactmetrics_sitenote_note":"","_exactmetrics_sitenote_category":0,"footnotes":""},"categories":[4],"tags":[],"class_list":["post-694","post","type-post","status-publish","format-standard","has-post-thumbnail","hentry","category-frettir"],"_links":{"self":[{"href":"https:\/\/listagil.is\/index.php?rest_route=\/wp\/v2\/posts\/694","targetHints":{"allow":["GET"]}}],"collection":[{"href":"https:\/\/listagil.is\/index.php?rest_route=\/wp\/v2\/posts"}],"about":[{"href":"https:\/\/listagil.is\/index.php?rest_route=\/wp\/v2\/types\/post"}],"author":[{"embeddable":true,"href":"https:\/\/listagil.is\/index.php?rest_route=\/wp\/v2\/users\/3"}],"replies":[{"embeddable":true,"href":"https:\/\/listagil.is\/index.php?rest_route=%2Fwp%2Fv2%2Fcomments&post=694"}],"version-history":[{"count":2,"href":"https:\/\/listagil.is\/index.php?rest_route=\/wp\/v2\/posts\/694\/revisions"}],"predecessor-version":[{"id":697,"href":"https:\/\/listagil.is\/index.php?rest_route=\/wp\/v2\/posts\/694\/revisions\/697"}],"wp:featuredmedia":[{"embeddable":true,"href":"https:\/\/listagil.is\/index.php?rest_route=\/wp\/v2\/media\/695"}],"wp:attachment":[{"href":"https:\/\/listagil.is\/index.php?rest_route=%2Fwp%2Fv2%2Fmedia&parent=694"}],"wp:term":[{"taxonomy":"category","embeddable":true,"href":"https:\/\/listagil.is\/index.php?rest_route=%2Fwp%2Fv2%2Fcategories&post=694"},{"taxonomy":"post_tag","embeddable":true,"href":"https:\/\/listagil.is\/index.php?rest_route=%2Fwp%2Fv2%2Ftags&post=694"}],"curies":[{"name":"wp","href":"https:\/\/api.w.org\/{rel}","templated":true}]}}