{"id":5225,"date":"2026-04-25T11:36:08","date_gmt":"2026-04-25T11:36:08","guid":{"rendered":"https:\/\/listagil.is\/?p=5225"},"modified":"2026-04-25T11:36:12","modified_gmt":"2026-04-25T11:36:12","slug":"freya-bjorg-olafsson","status":"publish","type":"post","link":"https:\/\/listagil.is\/?p=5225","title":{"rendered":"Freya Bj\u00f6rg Olafsson"},"content":{"rendered":"\n\n\n<p>Gestalistama\u00f0ur m\u00e1na\u00f0arins, Freya Bj\u00f6rg Olafsson, opnar s\u00fdningu \u00e1 eldri v\u00edde\u00f3verkum laugardaginn 25. apr\u00edl klukkan 15:00 og ver\u00f0ur me\u00f0 \u00f3formlegan lifandi flutning klukkan 16:00.<\/p>\n\n\n\n<p>Freya hefur unni\u00f0 a\u00f0 n\u00fdjum gj\u00f6rningi \u00ed gestavinnustofunni sem h\u00fan allar &#8220;Body Double&#8221;, \u00fear sem h\u00fan notar MoCap-t\u00e6kni og kannar v\u00edsvitandi mis-notkun \u00e1 gervigreindart\u00f3lum. Freya er \u00fearna a\u00f0 v\u00edkka ranns\u00f3knir sem h\u00f3fust fyrir \u00e1ri s\u00ed\u00f0an, \u00feegar h\u00fan t\u00f3k \u00fe\u00e1tt \u00ed vi\u00f0bur\u00f0i sem snerist um notkun gervigreindar \u00ed samhengi vi\u00f0 k\u00f3re\u00f3graf\u00edu. \u00c1huga hennar \u00e1 notkun raunt\u00edmagervigreindar \u00ed lifandi gj\u00f6rningum, \u00fear sem h\u00fan notast einungis vi\u00f0 vefmyndav\u00e9l, m\u00e1 rekja til svokalla\u00f0ra VTubers, sem teikna upp stafr\u00e6na manngervingu \u00ed raunt\u00edma til a\u00f0 skapa sk\u00e1lda\u00f0ar pers\u00f3nur. Stafr\u00e6n \u00edmynd og flutningur hefur veri\u00f0 kjarninn \u00ed hennar listsk\u00f6pun s\u00ed\u00f0an 2006.<\/p>\n\n\n\n<p>Sj\u00e1 meira \u00e1:&nbsp;<a href=\"http:\/\/www.freyaolafson.com\/?fbclid=IwZXh0bgNhZW0CMTAAYnJpZBExODh2V21Yb3JHbnVuV2FkcXNydGMGYXBwX2lkEDIyMjAzOTE3ODgyMDA4OTIAAR7-Vjn27C5d8k6_FGk4Ph_vY8G_K0SvgFjHy48aLI4YrQS5iIhf4tnV6BrOkQ_aem_s-yYO_UwLsgWYsC7MH3LGg\" rel=\"noreferrer noopener\" target=\"_blank\">www.freyaolafson.com<\/a><\/p>\n\n\n\n<p>Hl\u00f6kkum til a\u00f0 sj\u00e1 sem flest!<\/p>\n","protected":false},"excerpt":{"rendered":"<p>Gestalistama\u00f0ur m\u00e1na\u00f0arins, Freya Bj\u00f6rg Olafsson, opnar s\u00fdningu \u00e1 eldri v\u00edde\u00f3verkum laugardaginn 25. apr\u00edl klukkan 15:00 og ver\u00f0ur me\u00f0 \u00f3formlegan lifandi flutning klukkan 16:00. Freya hefur unni\u00f0 a\u00f0 n\u00fdjum gj\u00f6rningi \u00ed gestavinnustofunni sem h\u00fan allar &#8220;Body Double&#8221;, \u00fear sem&#46;&#46;&#46;<\/p>\n","protected":false},"author":12,"featured_media":5226,"comment_status":"closed","ping_status":"closed","sticky":false,"template":"","format":"standard","meta":{"_exactmetrics_skip_tracking":false,"_exactmetrics_sitenote_active":false,"_exactmetrics_sitenote_note":"","_exactmetrics_sitenote_category":0,"footnotes":""},"categories":[4,73,304],"tags":[52,7,250,6,42,10,46,54],"class_list":["post-5225","post","type-post","status-publish","format-standard","has-post-thumbnail","hentry","category-frettir","category-gestalistamenn","category-gestavinnustofa","tag-akureyri","tag-deiglan","tag-gestalistamadur-is","tag-gil-artist-residency-akureyri","tag-gilfelagid","tag-listagil","tag-listagilid","tag-syning"],"_links":{"self":[{"href":"https:\/\/listagil.is\/index.php?rest_route=\/wp\/v2\/posts\/5225","targetHints":{"allow":["GET"]}}],"collection":[{"href":"https:\/\/listagil.is\/index.php?rest_route=\/wp\/v2\/posts"}],"about":[{"href":"https:\/\/listagil.is\/index.php?rest_route=\/wp\/v2\/types\/post"}],"author":[{"embeddable":true,"href":"https:\/\/listagil.is\/index.php?rest_route=\/wp\/v2\/users\/12"}],"replies":[{"embeddable":true,"href":"https:\/\/listagil.is\/index.php?rest_route=%2Fwp%2Fv2%2Fcomments&post=5225"}],"version-history":[{"count":1,"href":"https:\/\/listagil.is\/index.php?rest_route=\/wp\/v2\/posts\/5225\/revisions"}],"predecessor-version":[{"id":5227,"href":"https:\/\/listagil.is\/index.php?rest_route=\/wp\/v2\/posts\/5225\/revisions\/5227"}],"wp:featuredmedia":[{"embeddable":true,"href":"https:\/\/listagil.is\/index.php?rest_route=\/wp\/v2\/media\/5226"}],"wp:attachment":[{"href":"https:\/\/listagil.is\/index.php?rest_route=%2Fwp%2Fv2%2Fmedia&parent=5225"}],"wp:term":[{"taxonomy":"category","embeddable":true,"href":"https:\/\/listagil.is\/index.php?rest_route=%2Fwp%2Fv2%2Fcategories&post=5225"},{"taxonomy":"post_tag","embeddable":true,"href":"https:\/\/listagil.is\/index.php?rest_route=%2Fwp%2Fv2%2Ftags&post=5225"}],"curies":[{"name":"wp","href":"https:\/\/api.w.org\/{rel}","templated":true}]}}