{"id":5209,"date":"2026-03-11T10:39:04","date_gmt":"2026-03-11T10:39:04","guid":{"rendered":"https:\/\/listagil.is\/?p=5209"},"modified":"2026-03-11T10:39:05","modified_gmt":"2026-03-11T10:39:05","slug":"solarponk-2026-bjartsynishatid-a-akureyri","status":"publish","type":"post","link":"https:\/\/listagil.is\/?p=5209","title":{"rendered":"S\u00d3LARP\u00d6NK 2026 | Bjarts\u00fdnish\u00e1ti\u00f0 \u00e1 Akureyri"},"content":{"rendered":"\n<figure class=\"wp-block-gallery has-nested-images columns-default is-cropped wp-block-gallery-1 is-layout-flex wp-block-gallery-is-layout-flex\">\n<figure class=\"wp-block-image size-large\"><img loading=\"lazy\" decoding=\"async\" width=\"1024\" height=\"576\" data-id=\"5211\" src=\"https:\/\/listagil.is\/wp-content\/uploads\/2026\/03\/633919162_10164736853277028_6693808565613558961_n-1-1024x576.jpg\" alt=\"\" class=\"wp-image-5211\" srcset=\"https:\/\/listagil.is\/wp-content\/uploads\/2026\/03\/633919162_10164736853277028_6693808565613558961_n-1-1024x576.jpg 1024w, https:\/\/listagil.is\/wp-content\/uploads\/2026\/03\/633919162_10164736853277028_6693808565613558961_n-1-800x450.jpg 800w, https:\/\/listagil.is\/wp-content\/uploads\/2026\/03\/633919162_10164736853277028_6693808565613558961_n-1-768x432.jpg 768w, https:\/\/listagil.is\/wp-content\/uploads\/2026\/03\/633919162_10164736853277028_6693808565613558961_n-1-1536x864.jpg 1536w, https:\/\/listagil.is\/wp-content\/uploads\/2026\/03\/633919162_10164736853277028_6693808565613558961_n-1.jpg 1920w\" sizes=\"auto, (max-width: 1024px) 100vw, 1024px\" \/><\/figure>\n<\/figure>\n\n\n\n<p><strong>S\u00d3LARP\u00d6NK<\/strong><br>Bjarts\u00fdnish\u00e1t\u00ed\u00f0 \u00ed Listagilinu!<\/p>\n\n\n\n<p>www.solarponk.is <br>&#8212;&#8212;<br>M\u00e1l\u00feing, vinnustofur, t\u00f3nleikar, samvera og meira p\u00f6nk.<br>&#8212;&#8212;<br>Hva\u00f0 er S\u00f3larp\u00f6nk? Er menning og list mikilv\u00e6gt? Af hverju? Hvernig getum vi\u00f0 veri\u00f0 \u00ed meira jafnv\u00e6gi vi\u00f0 okkur sj\u00e1lf, a\u00f0ra og n\u00e1tt\u00faruna?<br>&#8212;&#8212;<br>FR\u00cdTT INN<\/p>\n\n\n\n<p>***Dagskr\u00e1 ***<\/p>\n\n\n\n<p><strong>F\u00f6studagur 13. mars<\/strong><br>19:30 Opnun \u00ed Deiglunni<br>Samvera, t\u00f3nlist og spjall fram eftir kv\u00f6ldi<\/p>\n\n\n\n<p><strong>Laugardagur 14. mars<\/strong><br>11:00 \u00d6rerindi og kynning \u00e1 vinnustofum dagsins<br>12:30 Hva\u00f0 er S\u00f3larp\u00f6nk? Samt\u00f6l \u00e1 svi\u00f0i (m\u00e1l\u00feing)<br>12:45 Skapandi skrif me\u00f0 Ren fr\u00e1 Svartar b\u00e6kur- Deiglan<br>14:00 R\u00f6sk, Listagilinu, B\u00f6rnum bo\u00f0i\u00f0 a\u00f0 p\u00f6nka upp gamla sk\u00f3, gera h\u00e1lsmen \u00far og fl.<br>15:00 Vinnustofur \u00ed Deiglunni, Listasafninu \u00e1 Akureyri, Kaktus og \u00ed Sj\u00e1lfsr\u00e6kt \u00ed Brekkug\u00f6tu.<br>17:00 Jar\u00f0arganga \u00ed Lystigar\u00f0inum<br>20:00 Str\u00e1kurinn f\u00e1kurinn \u00ed Kaktus<\/p>\n\n\n\n<p><strong>Sunnudagur 15. mars<\/strong><br>10:00-11:00 Deiglan: Meeting for Silence and Shared Reflection with Gillian<\/p>\n\n\n\n<p>11:00 Dansfl\u00e6\u00f0i<\/p>\n\n\n\n<p>12:00 A\u00f0ger\u00f0astarf er undirsta\u00f0a mannr\u00e9ttindabar\u00e1ttu en hva\u00f0 \u00feegar orkan er uppurin? Eru litlar a\u00f0ger\u00f0ir l\u00edka mikilv\u00e6gar?<br>Er pl\u00e1ss fyrir j\u00e1kv\u00e6\u00f0ni \u00ed mannr\u00e9ttindabar\u00e1ttu? E\u00f0a \u00e1 mannr\u00e9ttindabar\u00e1tta kannski engan sjens \u00e1n j\u00e1kv\u00e6\u00f0ni?<\/p>\n\n\n\n<p>14:00 Uppskera fr\u00e1 vinnustofum, samvera og meira p\u00f6nk<\/p>\n\n\n\n<p>15:00 Listasmi\u00f0ja \u00ed t\u00f3nlistark\u00f3\u00f0un (Jack Armitage)<\/p>\n\n\n\n<p>S\u00d3LARP\u00d6NK er \u00ed samstarfi vi\u00f0:<br>Gilf\u00e9lagi\u00f0 | SUNN | Skrauti | Veglyndi | Listasafni\u00f0 \u00e1 Akureyri<\/p>\n\n\n\n<p>Styrkt af<br>KEA | Akureyrarb\u00e6<\/p>\n","protected":false},"excerpt":{"rendered":"<p>S\u00d3LARP\u00d6NKBjarts\u00fdnish\u00e1t\u00ed\u00f0 \u00ed Listagilinu! www.solarponk.is &#8212;&#8212;M\u00e1l\u00feing, vinnustofur, t\u00f3nleikar, samvera og meira p\u00f6nk.&#8212;&#8212;Hva\u00f0 er S\u00f3larp\u00f6nk? Er menning og list mikilv\u00e6gt? Af hverju? Hvernig getum vi\u00f0 veri\u00f0 \u00ed meira jafnv\u00e6gi vi\u00f0 okkur sj\u00e1lf, a\u00f0ra og n\u00e1tt\u00faruna?&#8212;&#8212;FR\u00cdTT INN ***Dagskr\u00e1 *** F\u00f6studagur 13.&#46;&#46;&#46;<\/p>\n","protected":false},"author":12,"featured_media":5210,"comment_status":"closed","ping_status":"closed","sticky":false,"template":"","format":"standard","meta":{"_exactmetrics_skip_tracking":false,"_exactmetrics_sitenote_active":false,"_exactmetrics_sitenote_note":"","_exactmetrics_sitenote_category":0,"footnotes":""},"categories":[4],"tags":[],"class_list":["post-5209","post","type-post","status-publish","format-standard","has-post-thumbnail","hentry","category-frettir"],"_links":{"self":[{"href":"https:\/\/listagil.is\/index.php?rest_route=\/wp\/v2\/posts\/5209","targetHints":{"allow":["GET"]}}],"collection":[{"href":"https:\/\/listagil.is\/index.php?rest_route=\/wp\/v2\/posts"}],"about":[{"href":"https:\/\/listagil.is\/index.php?rest_route=\/wp\/v2\/types\/post"}],"author":[{"embeddable":true,"href":"https:\/\/listagil.is\/index.php?rest_route=\/wp\/v2\/users\/12"}],"replies":[{"embeddable":true,"href":"https:\/\/listagil.is\/index.php?rest_route=%2Fwp%2Fv2%2Fcomments&post=5209"}],"version-history":[{"count":1,"href":"https:\/\/listagil.is\/index.php?rest_route=\/wp\/v2\/posts\/5209\/revisions"}],"predecessor-version":[{"id":5212,"href":"https:\/\/listagil.is\/index.php?rest_route=\/wp\/v2\/posts\/5209\/revisions\/5212"}],"wp:featuredmedia":[{"embeddable":true,"href":"https:\/\/listagil.is\/index.php?rest_route=\/wp\/v2\/media\/5210"}],"wp:attachment":[{"href":"https:\/\/listagil.is\/index.php?rest_route=%2Fwp%2Fv2%2Fmedia&parent=5209"}],"wp:term":[{"taxonomy":"category","embeddable":true,"href":"https:\/\/listagil.is\/index.php?rest_route=%2Fwp%2Fv2%2Fcategories&post=5209"},{"taxonomy":"post_tag","embeddable":true,"href":"https:\/\/listagil.is\/index.php?rest_route=%2Fwp%2Fv2%2Ftags&post=5209"}],"curies":[{"name":"wp","href":"https:\/\/api.w.org\/{rel}","templated":true}]}}