{"id":5205,"date":"2026-03-11T10:18:31","date_gmt":"2026-03-11T10:18:31","guid":{"rendered":"https:\/\/listagil.is\/?p=5205"},"modified":"2026-03-11T10:22:35","modified_gmt":"2026-03-11T10:22:35","slug":"archives-of-akureyri-erin-gericke-2","status":"publish","type":"post","link":"https:\/\/listagil.is\/?p=5205","title":{"rendered":"Archives of Akureyri &#8211; Erin Gericke"},"content":{"rendered":"\n<figure class=\"wp-block-gallery has-nested-images columns-default is-cropped wp-block-gallery-1 is-layout-flex wp-block-gallery-is-layout-flex\">\n<figure class=\"wp-block-image size-large\"><img loading=\"lazy\" decoding=\"async\" width=\"1024\" height=\"1024\" data-id=\"5206\" src=\"https:\/\/listagil.is\/wp-content\/uploads\/2026\/03\/unnamed-2-1024x1024.jpg\" alt=\"\" class=\"wp-image-5206\" srcset=\"https:\/\/listagil.is\/wp-content\/uploads\/2026\/03\/unnamed-2-1024x1024.jpg 1024w, https:\/\/listagil.is\/wp-content\/uploads\/2026\/03\/unnamed-2-800x800.jpg 800w, https:\/\/listagil.is\/wp-content\/uploads\/2026\/03\/unnamed-2-150x150.jpg 150w, https:\/\/listagil.is\/wp-content\/uploads\/2026\/03\/unnamed-2-768x768.jpg 768w, https:\/\/listagil.is\/wp-content\/uploads\/2026\/03\/unnamed-2-80x80.jpg 80w, https:\/\/listagil.is\/wp-content\/uploads\/2026\/03\/unnamed-2-320x320.jpg 320w, https:\/\/listagil.is\/wp-content\/uploads\/2026\/03\/unnamed-2.jpg 1280w\" sizes=\"auto, (max-width: 1024px) 100vw, 1024px\" \/><\/figure>\n<\/figure>\n\n\n\n<p>\u00deann 27. mars opnar s\u00fdning gestalistakonunnar Erin Gericke \u00ed Deiglunni, sem h\u00fan kallar \u201eArchives of Akureyri\u201c, sem er safn verka sem s\u00e6kja innbl\u00e1stur \u00ed b\u00f3kmenntir og einbl\u00ednir \u00e1 \u00edslenska fugla.<\/p>\n\n\n\n<p>Verk hennar nota gamalt efni fr\u00e1 b\u00f3ksafninu, svo sem gamla vanskilami\u00f0a og spjaldskr\u00e1rspj\u00f6ld til a\u00f0 skapa narrat\u00edf m\u00e1lverk sem tengja b\u00f3kartitla vi\u00f0 vi\u00f0fang m\u00e1lverksins. Me\u00f0 bj\u00f6rtum litum og einf\u00f6ldum l\u00ednum b\u00fdr Erin til verk sem skeyta saman n\u00e1tt\u00farulegum elementum vi\u00f0 mannger\u00f0 stundarfyrirb\u00e6ri sem eins konar lei\u00f0 til a\u00f0 gefa \u00feessum brotum \u00far b\u00f3kmenntas\u00f6gunni framhaldsl\u00edf sem listaverk. S\u00fdningin inniheldur n\u00fd verk \u00e1 g\u00f6mlu b\u00f3kasafnsa\u00f0f\u00f6ng og efni til a\u00f0 etja saman \u00fe\u00e1 fugla sem s\u00e6kja \u00cdsland heim og \u00e1 sama t\u00edma; upplifun Gericke af t\u00edma s\u00ednum \u00e1 Akureyri.<\/p>\n\n\n\n<p>Erin Gericke starfar \u00ed Bandar\u00edkjunum sem vinnur me\u00f0 endurunni\u00f0 efni sem lei\u00f0 til a\u00f0 v\u00edsa til fyrri starfa sinna innan b\u00f3kasafna. H\u00fan hlaut BFA \u00ed m\u00e1lverkinu fr\u00e1 Southeast Missouri State University \u00e1ri\u00f0 2020. Vatnslitam\u00e1lverk hennar vinna me\u00f0 einfaldar l\u00ednur og lagskiptingu til a\u00f0 skapa m\u00e1lverk sem eru innbl\u00e1sin af n\u00e1tt\u00farunni og tvinna saman s\u00f6gur fundnar \u00ed efni b\u00f3kasafnana sem \u00feeim er stillt upp saman vi\u00f0.<\/p>\n\n\n\n<p>\u00c1 me\u00f0an dv\u00f6l hennar stendur h\u00e9rna \u00e1 \u00cdslandi er h\u00fan \u00ed samstarfi vi\u00f0 Amtsb\u00f3kasafni\u00f0 \u00e1 Akureyri og b\u00fd\u00f0ur upp \u00e1 s\u00fdnikennslu \u00ed m\u00e1lverkinu alla fimmtudagsmorgna \u00ed mars.<\/p>\n\n\n\n<p>S\u00fdningin ver\u00f0ur opin helgina 27.<em>\u2013<\/em>29. mars og vi\u00f0 hvetjum \u00f6ll til a\u00f0 l\u00edta vi\u00f0!<\/p>\n\n\n\n<p><\/p>\n","protected":false},"excerpt":{"rendered":"<p>\u00deann 27. mars opnar s\u00fdning gestalistakonunnar Erin Gericke \u00ed Deiglunni, sem h\u00fan kallar \u201eArchives of Akureyri\u201c, sem er safn verka sem s\u00e6kja innbl\u00e1stur \u00ed b\u00f3kmenntir og einbl\u00ednir \u00e1 \u00edslenska fugla. Verk hennar nota gamalt efni fr\u00e1 b\u00f3ksafninu, svo&#46;&#46;&#46;<\/p>\n","protected":false},"author":12,"featured_media":5206,"comment_status":"closed","ping_status":"closed","sticky":false,"template":"","format":"standard","meta":{"_exactmetrics_skip_tracking":false,"_exactmetrics_sitenote_active":false,"_exactmetrics_sitenote_note":"","_exactmetrics_sitenote_category":0,"footnotes":""},"categories":[4],"tags":[],"class_list":["post-5205","post","type-post","status-publish","format-standard","has-post-thumbnail","hentry","category-frettir"],"_links":{"self":[{"href":"https:\/\/listagil.is\/index.php?rest_route=\/wp\/v2\/posts\/5205","targetHints":{"allow":["GET"]}}],"collection":[{"href":"https:\/\/listagil.is\/index.php?rest_route=\/wp\/v2\/posts"}],"about":[{"href":"https:\/\/listagil.is\/index.php?rest_route=\/wp\/v2\/types\/post"}],"author":[{"embeddable":true,"href":"https:\/\/listagil.is\/index.php?rest_route=\/wp\/v2\/users\/12"}],"replies":[{"embeddable":true,"href":"https:\/\/listagil.is\/index.php?rest_route=%2Fwp%2Fv2%2Fcomments&post=5205"}],"version-history":[{"count":2,"href":"https:\/\/listagil.is\/index.php?rest_route=\/wp\/v2\/posts\/5205\/revisions"}],"predecessor-version":[{"id":5208,"href":"https:\/\/listagil.is\/index.php?rest_route=\/wp\/v2\/posts\/5205\/revisions\/5208"}],"wp:featuredmedia":[{"embeddable":true,"href":"https:\/\/listagil.is\/index.php?rest_route=\/wp\/v2\/media\/5206"}],"wp:attachment":[{"href":"https:\/\/listagil.is\/index.php?rest_route=%2Fwp%2Fv2%2Fmedia&parent=5205"}],"wp:term":[{"taxonomy":"category","embeddable":true,"href":"https:\/\/listagil.is\/index.php?rest_route=%2Fwp%2Fv2%2Fcategories&post=5205"},{"taxonomy":"post_tag","embeddable":true,"href":"https:\/\/listagil.is\/index.php?rest_route=%2Fwp%2Fv2%2Ftags&post=5205"}],"curies":[{"name":"wp","href":"https:\/\/api.w.org\/{rel}","templated":true}]}}