{"id":5178,"date":"2026-01-29T18:30:40","date_gmt":"2026-01-29T18:30:40","guid":{"rendered":"https:\/\/listagil.is\/?p=5178"},"modified":"2026-01-29T18:55:53","modified_gmt":"2026-01-29T18:55:53","slug":"undir-berum-himni-gudmundur-armann-sigurjonsson","status":"publish","type":"post","link":"https:\/\/listagil.is\/?p=5178","title":{"rendered":"Undir berum himni &#8211; Gu\u00f0mundur \u00c1rmann Sigurj\u00f3nsson"},"content":{"rendered":"<div class=\"wp-block-image\">\n<figure class=\"aligncenter size-full\"><img loading=\"lazy\" decoding=\"async\" width=\"367\" height=\"519\" src=\"https:\/\/listagil.is\/wp-content\/uploads\/2026\/01\/216e7b85-16c7-43e3-9d0e-bf2cd3cb2d4e.jpg\" alt=\"\" class=\"wp-image-5179\"\/><\/figure><\/div>\n\n\n<p>Gu\u00f0mundur \u00c1rmann Sigurj\u00f3nsson opnar s\u00fdninguna Undir berum himni, \u00fear sem til s\u00fdnis ver\u00f0a um 30 vatnslitamyndir. S\u00fdningin opnar f\u00f6studaginn 7. febr\u00faar kl. 14:00 og ver\u00f0ur opin laugardag og sunnudag. \u00de\u00e1 ver\u00f0ur einnig opi\u00f0 mi\u00f0vikudaginn 11.febr\u00faar kl. 14:00\u201317:00 og s\u00ed\u00f0an f\u00f6studag, laugardag og sunnudaginn 13.\u201315. febr\u00faar \u00e1 sama t\u00edma.<\/p>\n\n\n\n<p><br>\u00c1 s\u00fdningunni ver\u00f0a um 30 vatnslitamyndir, m\u00e1la\u00f0ar \u00e1 \u00e1runum 2019 til 2024. Flest myndefnin eru s\u00f3tt \u00ed<br>n\u00e6rumhverfi\u00f0 h\u00e9r vi\u00f0 Eyjafj\u00f6r\u00f0inn. Allar myndirnar eru m\u00e1la\u00f0ar \u00fati \u00ed n\u00e1tt\u00farunni og \u00fdmist var \u00feeim loki\u00f0 \u00e1 sta\u00f0num e\u00f0a \u00ed sumum tilfellum unni\u00f0 a\u00f0 sm\u00e1atri\u00f0um heima \u00e1 vinnustofunni &#8211; \u00fe\u00e1 vegna \u00farkomu e\u00f0a a\u00f0 vindur ger\u00f0ist \u00e6\u00f0i \u00e1gengur svo erfitt var a\u00f0 hemja spjald og tr\u00f6nur. Var \u00fe\u00e1 t\u00edmi til kominn a\u00f0 sn\u00faa \u00feanga\u00f0 sem ekki bl\u00e9su vindar n\u00e9 rigndi.<br><\/p>\n\n\n\n<p>Allt eru \u00feetta f\u00edgurat\u00edfar vatnslitamyndir og ekki \u00e6tla\u00f0ar sem frumdr\u00f6g a\u00f0 st\u00e6rri ol\u00edum\u00e1lverkum, heldur sem fullbur\u00f0a myndverk. \u00deannig er enn dvalist me\u00f0 annan f\u00f3tinn \u00ed ver\u00f6ld fig\u00farat\u00edfs myndm\u00e1ls. Annars vegar er m\u00e1la\u00f0 \u00fati me\u00f0 vatni, bindiefni og litadufti \u00e1 vatnslita\u00f6rk. \u00dea\u00f0 er einst\u00f6k upplifun sem b\u00fd\u00f0ur upp \u00e1 t\u00e6ra s\u00fdn \u00e1 n\u00e1tt\u00faruna, litina, formin og birtuna. Hins vegar unni\u00f0 a\u00f0 myndlist \u00e1 vinnustofunni \u00fear sem eru m\u00e1lu\u00f0 abstrakt m\u00e1lverk me\u00f0 ol\u00edu, teikningum og graf\u00edk. \u00dear er horft inn \u00e1 vi\u00f0 \u00ed einhvers konar minni og l\u00f6gm\u00e1li hins tv\u00edv\u00ed\u00f0a flatar.<br><\/p>\n\n\n\n<p>Er mikill munur \u00e1 \u00feessari \u00f3l\u00edku n\u00e1lgun vi\u00f0 myndefni\u00f0? Hvar liggja m\u00f6rkin \u00e1 milli \u00feess sem b\u00fdr \u00ed n\u00e1tt\u00farunni og \u00feess sem b\u00fdr hi\u00f0 innra me\u00f0 okkur? \u00dea\u00f0 er efni \u00ed a\u00f0ra huglei\u00f0ingu og e.t.v. a\u00f0ra s\u00fdningu.<\/p>\n","protected":false},"excerpt":{"rendered":"<p>Gu\u00f0mundur \u00c1rmann Sigurj\u00f3nsson opnar s\u00fdninguna Undir berum himni, \u00fear sem til s\u00fdnis ver\u00f0a um 30 vatnslitamyndir. S\u00fdningin opnar f\u00f6studaginn 7. febr\u00faar kl. 14:00 og ver\u00f0ur opin laugardag og sunnudag. \u00de\u00e1 ver\u00f0ur einnig opi\u00f0 mi\u00f0vikudaginn 11.febr\u00faar kl. 14:00\u201317:00 og&#46;&#46;&#46;<\/p>\n","protected":false},"author":12,"featured_media":5179,"comment_status":"closed","ping_status":"closed","sticky":false,"template":"","format":"standard","meta":{"_exactmetrics_skip_tracking":false,"_exactmetrics_sitenote_active":false,"_exactmetrics_sitenote_note":"","_exactmetrics_sitenote_category":0,"footnotes":""},"categories":[4],"tags":[52,40,7,42,46,54],"class_list":["post-5178","post","type-post","status-publish","format-standard","has-post-thumbnail","hentry","category-frettir","tag-akureyri","tag-art","tag-deiglan","tag-gilfelagid","tag-listagilid","tag-syning"],"_links":{"self":[{"href":"https:\/\/listagil.is\/index.php?rest_route=\/wp\/v2\/posts\/5178","targetHints":{"allow":["GET"]}}],"collection":[{"href":"https:\/\/listagil.is\/index.php?rest_route=\/wp\/v2\/posts"}],"about":[{"href":"https:\/\/listagil.is\/index.php?rest_route=\/wp\/v2\/types\/post"}],"author":[{"embeddable":true,"href":"https:\/\/listagil.is\/index.php?rest_route=\/wp\/v2\/users\/12"}],"replies":[{"embeddable":true,"href":"https:\/\/listagil.is\/index.php?rest_route=%2Fwp%2Fv2%2Fcomments&post=5178"}],"version-history":[{"count":2,"href":"https:\/\/listagil.is\/index.php?rest_route=\/wp\/v2\/posts\/5178\/revisions"}],"predecessor-version":[{"id":5188,"href":"https:\/\/listagil.is\/index.php?rest_route=\/wp\/v2\/posts\/5178\/revisions\/5188"}],"wp:featuredmedia":[{"embeddable":true,"href":"https:\/\/listagil.is\/index.php?rest_route=\/wp\/v2\/media\/5179"}],"wp:attachment":[{"href":"https:\/\/listagil.is\/index.php?rest_route=%2Fwp%2Fv2%2Fmedia&parent=5178"}],"wp:term":[{"taxonomy":"category","embeddable":true,"href":"https:\/\/listagil.is\/index.php?rest_route=%2Fwp%2Fv2%2Fcategories&post=5178"},{"taxonomy":"post_tag","embeddable":true,"href":"https:\/\/listagil.is\/index.php?rest_route=%2Fwp%2Fv2%2Ftags&post=5178"}],"curies":[{"name":"wp","href":"https:\/\/api.w.org\/{rel}","templated":true}]}}