{"id":5171,"date":"2026-01-23T12:54:06","date_gmt":"2026-01-23T12:54:06","guid":{"rendered":"https:\/\/listagil.is\/?p=5171"},"modified":"2026-01-23T12:57:52","modified_gmt":"2026-01-23T12:57:52","slug":"solastagia-gillian-alise-pokalo-og-tereza-kocian","status":"publish","type":"post","link":"https:\/\/listagil.is\/?p=5171","title":{"rendered":"Solastagia &#8211; Gillian Alise Pokalo og Tereza Kocian"},"content":{"rendered":"\n<figure class=\"wp-block-image size-full\"><img loading=\"lazy\" decoding=\"async\" width=\"596\" height=\"842\" src=\"https:\/\/listagil.is\/wp-content\/uploads\/2026\/01\/poster-solastalgia-fb-event-1-1.jpg\" alt=\"\" class=\"wp-image-5175\" srcset=\"https:\/\/listagil.is\/wp-content\/uploads\/2026\/01\/poster-solastalgia-fb-event-1-1.jpg 596w, https:\/\/listagil.is\/wp-content\/uploads\/2026\/01\/poster-solastalgia-fb-event-1-1-566x800.jpg 566w\" sizes=\"auto, (max-width: 596px) 100vw, 596px\" \/><\/figure>\n\n\n\n<p><strong>| ENGLISH BELOW |<\/strong><\/p>\n\n\n\n<p>Solastalgia (\/\u02ccs\u0252l\u0259\u02c8st\u00e6ld\u0292\u0259\/) er form tilfinningalegrar e\u00f0a tilvistarlegrar vanl\u00ed\u00f0unar sem orsakast af neikv\u00e6\u00f0um umhverfisbreytingum. H\u00e6gt er a\u00f0 greina \u00e1 milli solastag\u00edu sem upplifunar neikv\u00e6\u00f0ra breytinga \u00ed n\u00fainu og umhverfiskv\u00ed\u00f0a sem tengist e\u00f0a \u00e1hyggjum af \u00fev\u00ed sem g\u00e6ti gerst \u00ed framti\u00f0inni.<\/p>\n\n\n\n<p>\u00cd \u00feessari s\u00fdningu Terezu Kocian og Gillian Alise Pokalo kanna listamennirnir \u00feetta hugtak \u00ed gegnum \u00feessa ser\u00edu verka. S\u00fdningin ver\u00f0ur opin fr\u00e1 20:00-22:00 f\u00f6studaginn 30.1 og fr\u00e1 13:00-17:00 laugardaginn og sunnudaginn 31.1 og 1.2.<\/p>\n\n\n\n<p>Allir eru velkomnir a\u00f0 koma og sj\u00e1 \u00feessi verk sem sk\u00f6pu\u00f0 hafa veri\u00f0 \u00ed samr\u00e6\u00f0um s\u00ed\u00f0ustu m\u00e1nu\u00f0i.<\/p>\n\n\n\n<p><strong>Um Listakonurnar<\/strong><br>Tereza Kocian (f. 1989) er myndlistar- og blanda\u00f0mi\u00f0lalistakona fr\u00e1 T\u00e9kklandi, b\u00fasett \u00e1 Akureyri. H\u00fan l\u00e6r\u00f0i text\u00edllist og graf\u00edska h\u00f6nnun vi\u00f0 Listah\u00e1sk\u00f3lann \u00ed Bratislava, Listah\u00e1sk\u00f3lann \u00ed Strzemi\u0144ski \u00ed \u0141\u00f3d\u017a og Myndlistarsk\u00f3lann \u00e1 Akureyri. Landslag er a\u00f0al\u00e1herslan \u00ed verkum hennar. H\u00fan s\u00e6kir innbl\u00e1stur \u00ed sta\u00f0ina sem h\u00fan rekst \u00e1 og kannar hvernig umhverfi m\u00f3tar tilfinningalega upplifun, minni og tilfinningu fyrir tilheyrslu. A\u00f0 b\u00faa sem \u00fatlendingur \u00ed v\u00ed\u00f0\u00e1ttumiklu og oft einangru\u00f0u landi m\u00f3tar n\u00e6mni hennar fyrir fjarl\u00e6g\u00f0 og tengslum, sem h\u00fan \u00fe\u00fd\u00f0ir \u00ed draumkennda, \u00edmynda\u00f0a heima \u00fear sem veruleiki og \u00edmyndunarafl sameinast. Me\u00f0 sk\u00e6rum litum, graf\u00edskum formum og lagskiptum yfirbor\u00f0um skapa m\u00e1lverk hennar og text\u00edlverk upplifunarr\u00fdmi sem endurspegla samband mannkyns og n\u00e1tt\u00faru og hverfula fegur\u00f0 landslagsins sem umlykur okkur.<\/p>\n\n\n\n<p>Verk Gillian hafa veri\u00f0 innbl\u00e1sin af landslagi \u00cdslands og tilfinningar\u00edkum himninum allt fr\u00e1 fyrstu heims\u00f3kn hennar \u00e1ri\u00f0 2014. \u00dea\u00f0 sem ger\u00f0ist svo var \u00fer\u00f3un \u00ed \u00e1tt a\u00f0 \u00fev\u00ed lifi sem h\u00fan lifir n\u00fa h\u00e9r \u00e1 Akureyri, sem b\u00e6\u00f0i listkennari og myndlistarkona. Fyrsta heims\u00f3kn hennar leiddi af s\u00e9r fj\u00f6lda annarra fer\u00f0alaga, listamannadvala, n\u00e1mskei\u00f0a, veggjam\u00e1lunar, og loks a\u00f0 \u00fev\u00ed a\u00f0 b\u00faa heimili sitt \u00e1 Akureyri me\u00f0 eiginmanni s\u00ednum og sonum.<br>\u00c1\u00f0ur en h\u00fan flutti til \u00cdslands \u00e1tti Gillian virkan listferil \u00ed og vi\u00f0 Philadelphiu \u00ed Pennsylvan\u00edu \u00ed Bandar\u00edkjunum, \u00fear sem verk hennar voru reglulega \u00e1 s\u00fdningum \u00ed galler\u00edum. H\u00fan var me\u00f0limur \u00ed m\u00f6rgum listasamt\u00f6kum og \u00ed dag er h\u00fan m.a. me\u00f0limur \u00ed Professional Artist Network fyrir Speedball Incorporated, sem er framlei\u00f0andi silkiprentvara \u00ed Bandar\u00edkjunum. Fr\u00e1 \u00fev\u00ed a\u00f0 h\u00fan \u00fatskrifa\u00f0ist fr\u00e1 Moore College of Art Design \u00e1ri\u00f0 2005 hafa verk hennar veri\u00f0 \u00e1 m\u00f6rgum opinberum st\u00f6\u00f0um og \u00ed einkas\u00f6fnum b\u00e6\u00f0i \u00ed Bandar\u00edkjunum og \u00e1 \u00cdslandi, \u00fear \u00e1 me\u00f0al 20th Century Fox, Duus Safn \u00ed Keflav\u00edk, Phoenixville, Pennsylvian\u00edu og fleiri.<br><\/p>\n\n\n\n<p>Endilega k\u00edktu \u00e1 heimas\u00ed\u00f0u hennar til a\u00f0 f\u00e1 betri hugmynd um ferilinn og verk Gillian.<\/p>\n\n\n\n<p>__________________________________<\/p>\n\n\n\n<p><br>Solastalgia (\/\u02ccs\u0252l\u0259\u02c8st\u00e6ld\u0292\u0259\/) is a form of emotional or existential distress caused by negatively perceived environmental change. A distinction can be made between solastalgia as the lived experience of negatively perceived change in the present, and eco-anxiety linked to worry or concern about what may happen in the future.<\/p>\n\n\n\n<p>In this exhibition of Tereza Kocian and Gillian Alise Pokalo, the artists explore this concept through this series of works. The show will be open from 20:00-22:00 Friday 30.1, and from 13:00-17:00 Saturday and Sunday, 31.1 and 1.2.<\/p>\n\n\n\n<p>All are welcome to come and see these works created in dialogue over the past several months.<\/p>\n\n\n\n<p><strong>About the artists<\/strong><br>Tereza Kocian (b. 1989) is a visual and mixed media artist from the Czech Republic, based in Akureyri, Iceland. She was trained in textile art and graphic design at the Academy of Fine Arts and Design in Bratislava, the Strzemi\u0144ski Academy of Fine Arts in \u0141\u00f3d\u017a, and the School of Visual Arts in Akureyri. Landscape is the central focus of her work. Drawing inspiration from the places she encounters, she explores how environments shape emotional experience, memory, and a sense of belonging. Living as a foreigner in a vast and often isolating country informs her sensitivity to distance and connection, which she translates into dreamlike, imaginary worlds where reality and imagination merge. Through vivid color, graphic forms, and layered surfaces, her paintings and textile works create immersive spaces that reflect the relationship between humanity and nature, and the fleeting beauty of the landscapes that surround us.<\/p>\n\n\n\n<p>Gillian\u2019s work has been inspired by Iceland\u2019s landscapes and emotive skyscapes ever since her first visit in 2014. What then transpired was a natural acceleration towards the life she now lives here in Akureyri as both an art educator and visual artist: her first trip turned into multiple travel opportunities, followed by artist residencies, teaching workshops, painting murals, and finally leading her to make her home in Akureyri with her husband and his sons.<br>Before moving to Iceland, Gillian maintained an active art career in and around Philadelphia, Pennsylvania, USA where she was a regularly featured gallery artist, and she was a member of multiple local art organizations. She is a member of the Professional Artist Network for Speedball, Incorporated,<br>which is a producer of screen printing supplies in the US. Since graduating Moore College of Art &amp; Design in 2005, her work has been in multiple public and private collections in both the USA and Iceland, including 20th Century Fox, Duus Museum in Keflavik, the township of Phoenixville, Pennsylvania and much more. <\/p>\n\n\n\n<p>Please visit her website for a more complete picture of her extensive career.<\/p>\n","protected":false},"excerpt":{"rendered":"<p>| ENGLISH BELOW | Solastalgia (\/\u02ccs\u0252l\u0259\u02c8st\u00e6ld\u0292\u0259\/) er form tilfinningalegrar e\u00f0a tilvistarlegrar vanl\u00ed\u00f0unar sem orsakast af neikv\u00e6\u00f0um umhverfisbreytingum. H\u00e6gt er a\u00f0 greina \u00e1 milli solastag\u00edu sem upplifunar neikv\u00e6\u00f0ra breytinga \u00ed n\u00fainu og umhverfiskv\u00ed\u00f0a sem tengist e\u00f0a \u00e1hyggjum af \u00fev\u00ed&#46;&#46;&#46;<\/p>\n","protected":false},"author":12,"featured_media":5172,"comment_status":"closed","ping_status":"closed","sticky":false,"template":"","format":"standard","meta":{"_exactmetrics_skip_tracking":false,"_exactmetrics_sitenote_active":false,"_exactmetrics_sitenote_note":"","_exactmetrics_sitenote_category":0,"footnotes":""},"categories":[4],"tags":[52,7,42,46,54],"class_list":["post-5171","post","type-post","status-publish","format-standard","has-post-thumbnail","hentry","category-frettir","tag-akureyri","tag-deiglan","tag-gilfelagid","tag-listagilid","tag-syning"],"_links":{"self":[{"href":"https:\/\/listagil.is\/index.php?rest_route=\/wp\/v2\/posts\/5171","targetHints":{"allow":["GET"]}}],"collection":[{"href":"https:\/\/listagil.is\/index.php?rest_route=\/wp\/v2\/posts"}],"about":[{"href":"https:\/\/listagil.is\/index.php?rest_route=\/wp\/v2\/types\/post"}],"author":[{"embeddable":true,"href":"https:\/\/listagil.is\/index.php?rest_route=\/wp\/v2\/users\/12"}],"replies":[{"embeddable":true,"href":"https:\/\/listagil.is\/index.php?rest_route=%2Fwp%2Fv2%2Fcomments&post=5171"}],"version-history":[{"count":2,"href":"https:\/\/listagil.is\/index.php?rest_route=\/wp\/v2\/posts\/5171\/revisions"}],"predecessor-version":[{"id":5177,"href":"https:\/\/listagil.is\/index.php?rest_route=\/wp\/v2\/posts\/5171\/revisions\/5177"}],"wp:featuredmedia":[{"embeddable":true,"href":"https:\/\/listagil.is\/index.php?rest_route=\/wp\/v2\/media\/5172"}],"wp:attachment":[{"href":"https:\/\/listagil.is\/index.php?rest_route=%2Fwp%2Fv2%2Fmedia&parent=5171"}],"wp:term":[{"taxonomy":"category","embeddable":true,"href":"https:\/\/listagil.is\/index.php?rest_route=%2Fwp%2Fv2%2Fcategories&post=5171"},{"taxonomy":"post_tag","embeddable":true,"href":"https:\/\/listagil.is\/index.php?rest_route=%2Fwp%2Fv2%2Ftags&post=5171"}],"curies":[{"name":"wp","href":"https:\/\/api.w.org\/{rel}","templated":true}]}}