{"id":5165,"date":"2025-12-04T18:25:20","date_gmt":"2025-12-04T18:25:20","guid":{"rendered":"https:\/\/listagil.is\/?p=5165"},"modified":"2025-12-04T18:25:21","modified_gmt":"2025-12-04T18:25:21","slug":"syning-sjo-listsyning-samlagsins-skopunarverkstaedis","status":"publish","type":"post","link":"https:\/\/listagil.is\/?p=5165","title":{"rendered":"S\u00fdning sj\u00f6 &#8211; Lists\u00fdning Samlagsins-sk\u00f6punarverkst\u00e6\u00f0is"},"content":{"rendered":"\n<figure class=\"wp-block-image size-large\"><img loading=\"lazy\" decoding=\"async\" width=\"1024\" height=\"768\" src=\"https:\/\/listagil.is\/wp-content\/uploads\/2025\/12\/592331597_122282683592030133_5073473117160643930_n-1024x768.jpg\" alt=\"\" class=\"wp-image-5166\" srcset=\"https:\/\/listagil.is\/wp-content\/uploads\/2025\/12\/592331597_122282683592030133_5073473117160643930_n-1024x768.jpg 1024w, https:\/\/listagil.is\/wp-content\/uploads\/2025\/12\/592331597_122282683592030133_5073473117160643930_n-800x600.jpg 800w, https:\/\/listagil.is\/wp-content\/uploads\/2025\/12\/592331597_122282683592030133_5073473117160643930_n-768x576.jpg 768w, https:\/\/listagil.is\/wp-content\/uploads\/2025\/12\/592331597_122282683592030133_5073473117160643930_n-1536x1152.jpg 1536w, https:\/\/listagil.is\/wp-content\/uploads\/2025\/12\/592331597_122282683592030133_5073473117160643930_n.jpg 2048w\" sizes=\"auto, (max-width: 1024px) 100vw, 1024px\" \/><\/figure>\n\n\n\n<p>Laugardaginn 6. desember opnar S\u00fdning sj\u00f6 \u00ed Deiglunni. Til s\u00fdnis ver\u00f0a verk eftir nemendur Samlagsins-sk\u00f6punarverkst\u00e6\u00f0is, sem eru \u00e1 aldrinum 6-16 \u00e1ra og s\u00e1tu 12 vikna listn\u00e1mskei\u00f0. Samlagi\u00f0 leggur \u00e1herslu \u00e1 teikningu, m\u00e1lun, m\u00f3tun og graf\u00edk\/\u00ferykk.<\/p>\n\n\n\n<p>Opnunart\u00edmar eru eftirfarandi:<\/p>\n\n\n\n<p>Laugardaginn 6. desember 13-17<br>Sunnudaginn 7. desember 13-17<\/p>\n\n\n\n<p>\u00d6ll eru hjartanlega velkomin a\u00f0 sko\u00f0a afrakstur haustannarinnar, en \u00feema\u00f0 \u00e1 n\u00e1mskei\u00f0inu og s\u00fdningunni var n\u00e1tt\u00faruvernd og fari\u00f0 var v\u00ed\u00f0a \u00ed innbl\u00e1stur fyrir verkefni.<\/p>\n","protected":false},"excerpt":{"rendered":"<p>Laugardaginn 6. desember opnar S\u00fdning sj\u00f6 \u00ed Deiglunni. Til s\u00fdnis ver\u00f0a verk eftir nemendur Samlagsins-sk\u00f6punarverkst\u00e6\u00f0is, sem eru \u00e1 aldrinum 6-16 \u00e1ra og s\u00e1tu 12 vikna listn\u00e1mskei\u00f0. Samlagi\u00f0 leggur \u00e1herslu \u00e1 teikningu, m\u00e1lun, m\u00f3tun og graf\u00edk\/\u00ferykk. Opnunart\u00edmar eru eftirfarandi:&#46;&#46;&#46;<\/p>\n","protected":false},"author":12,"featured_media":5166,"comment_status":"closed","ping_status":"closed","sticky":false,"template":"","format":"standard","meta":{"_exactmetrics_skip_tracking":false,"_exactmetrics_sitenote_active":false,"_exactmetrics_sitenote_note":"","_exactmetrics_sitenote_category":0,"footnotes":""},"categories":[4],"tags":[],"class_list":["post-5165","post","type-post","status-publish","format-standard","has-post-thumbnail","hentry","category-frettir"],"_links":{"self":[{"href":"https:\/\/listagil.is\/index.php?rest_route=\/wp\/v2\/posts\/5165","targetHints":{"allow":["GET"]}}],"collection":[{"href":"https:\/\/listagil.is\/index.php?rest_route=\/wp\/v2\/posts"}],"about":[{"href":"https:\/\/listagil.is\/index.php?rest_route=\/wp\/v2\/types\/post"}],"author":[{"embeddable":true,"href":"https:\/\/listagil.is\/index.php?rest_route=\/wp\/v2\/users\/12"}],"replies":[{"embeddable":true,"href":"https:\/\/listagil.is\/index.php?rest_route=%2Fwp%2Fv2%2Fcomments&post=5165"}],"version-history":[{"count":1,"href":"https:\/\/listagil.is\/index.php?rest_route=\/wp\/v2\/posts\/5165\/revisions"}],"predecessor-version":[{"id":5167,"href":"https:\/\/listagil.is\/index.php?rest_route=\/wp\/v2\/posts\/5165\/revisions\/5167"}],"wp:featuredmedia":[{"embeddable":true,"href":"https:\/\/listagil.is\/index.php?rest_route=\/wp\/v2\/media\/5166"}],"wp:attachment":[{"href":"https:\/\/listagil.is\/index.php?rest_route=%2Fwp%2Fv2%2Fmedia&parent=5165"}],"wp:term":[{"taxonomy":"category","embeddable":true,"href":"https:\/\/listagil.is\/index.php?rest_route=%2Fwp%2Fv2%2Fcategories&post=5165"},{"taxonomy":"post_tag","embeddable":true,"href":"https:\/\/listagil.is\/index.php?rest_route=%2Fwp%2Fv2%2Ftags&post=5165"}],"curies":[{"name":"wp","href":"https:\/\/api.w.org\/{rel}","templated":true}]}}