{"id":511,"date":"2017-01-24T10:32:35","date_gmt":"2017-01-24T10:32:35","guid":{"rendered":"http:\/\/listagil.is\/?p=511"},"modified":"2017-04-30T21:03:50","modified_gmt":"2017-04-30T21:03:50","slug":"511","status":"publish","type":"post","link":"https:\/\/listagil.is\/?p=511","title":{"rendered":"\u00deri\u00f0judagsfyrirlestur \u00ed Listasafninu \u00e1 Akureyri"},"content":{"rendered":"<p><a href=\"http:\/\/listagil.is\/wp-content\/uploads\/2017\/01\/large_photo-barbara-bernardi.jpg\"><img loading=\"lazy\" decoding=\"async\" class=\"alignnone wp-image-512\" src=\"http:\/\/listagil.is\/wp-content\/uploads\/2017\/01\/large_photo-barbara-bernardi.jpg\" alt=\"large_photo-barbara-bernardi\" width=\"447\" height=\"337\" srcset=\"https:\/\/listagil.is\/wp-content\/uploads\/2017\/01\/large_photo-barbara-bernardi.jpg 640w, https:\/\/listagil.is\/wp-content\/uploads\/2017\/01\/large_photo-barbara-bernardi-300x226.jpg 300w\" sizes=\"auto, (max-width: 447px) 100vw, 447px\" \/><\/a><\/p>\n<p>\u00deri\u00f0judaginn 24. jan\u00faar kl. 17-17.40 heldur \u00edtalska listakonan Barbara Bernardi fyrsta \u00deri\u00f0judagsfyrirlestur \u00e1rsins \u00ed Listasafninu, Ketilh\u00fasi undir yfirskriftinni A Poetic Landscape. \u00cd fyrirlestrinum fjallar h\u00fan m.a. um vinnua\u00f0fer\u00f0ir s\u00ednar vi\u00f0 listsk\u00f6pun og endurreisn tilfinningar\u00fdmis me\u00f0 myndum og hlj\u00f3\u00f0i.<\/p>\n<p>Barbara Bernardi nam kvikmyndaleikstj\u00f3rn \u00ed M\u00edlan\u00f3 og lauk MA gr\u00e1\u00f0u fr\u00e1 Chelsea College of Art and Design \u00ed London \u00fear sem v\u00edde\u00f3list var hennar megin vi\u00f0fangsefni. Fr\u00e1 2008 hefur h\u00fan b\u00fai\u00f0 og starfa\u00f0 sem listama\u00f0ur \u00ed Berl\u00edn. \u00cd gegnum t\u00ed\u00f0ina hefur Bernardi unni\u00f0 a\u00f0 fj\u00f6lm\u00f6rgum v\u00edde\u00f3verkefnum, s.s. heimildarmyndinni Ciao Italia \u00ed samvinnu vi\u00f0 Fausto Caviglia 2010, og hlutu v\u00edde\u00f3lj\u00f3\u00f0 hennar og lj\u00f3\u00f0sk\u00e1ldsins Nicole<span class=\"text_exposed_show\">ttu Grillo fyrstu ver\u00f0laun \u00e1 \u00cdt\u00f6lsku b\u00f3kmenntah\u00e1t\u00ed\u00f0inni 2016. H\u00fan dvelur um \u00feessar mundir \u00ed gestavinnustofu Gilf\u00e9lagsins \u00ed Kaupvangsstr\u00e6ti.<\/span><\/p>\n<p>\u00deetta er fyrsti \u00deri\u00f0judagsfyrirlestur \u00e1rsins og sem fyrr fara \u00feeir fram \u00ed Listasafninu, Ketilh\u00fasi \u00e1 hverjum \u00feri\u00f0judegi kl. 17. A\u00f0gangur er \u00f3keypis.<\/p>\n<p>Fyrirlestrar\u00f6\u00f0in er samvinnuverkefni Listasafnsins \u00e1 Akureyri, Myndlistask\u00f3lans \u00e1 Akureyri, Gilf\u00e9lagsins, Menntask\u00f3lans \u00e1 Akureyri, Myndlistaf\u00e9lagsins og H\u00e1sk\u00f3lans \u00e1 Akureyri. \u00c1 me\u00f0al annarra fyrirlesara vetrarins eru Hallgr\u00edmur Oddsson, P\u00e1ll Bj\u00f6rnsson, Katinka Theis og Immo Eyser, Rebekka Kuhnis, A\u00f0alsteinn \u00de\u00f3rsson, Susan Singer og Ingibj\u00f6rg Sigur\u00f0ard\u00f3ttir.<\/p>\n<p>Dagskr\u00e1 vetrarins m\u00e1 sj\u00e1 h\u00e9r a\u00f0 ne\u00f0an:<\/p>\n<p>24. jan\u00faar: Barbara Bernardi, v\u00edde\u00f3listakona<br \/>\n31. jan\u00faar: Hallgr\u00edmur Oddsson, bla\u00f0ama\u00f0ur<br \/>\n7. febr\u00faar: P\u00e1ll Bj\u00f6rnsson, sagnfr\u00e6\u00f0ipr\u00f3fessor<br \/>\n14. febr\u00faar: Ingi Bekk, lj\u00f3sa- og myndbandah\u00f6nnu\u00f0ur<br \/>\n21. febr\u00faar: Katinka Theis og Immo Eyser, myndlistarmenn<br \/>\n28. febr\u00faar: Rebekka K\u00fchnis, myndlistarkona<br \/>\n7. mars: A\u00f0alsteinn \u00de\u00f3rsson, myndlistarma\u00f0ur<br \/>\n14. mars: Susan Singer, myndlistarkona<br \/>\n21. mars: Ingibj\u00f6rg Sigur\u00f0ard\u00f3ttir, b\u00f3kmenntafr\u00e6\u00f0ingur<\/p>\n","protected":false},"excerpt":{"rendered":"<p>\u00deri\u00f0judaginn 24. jan\u00faar kl. 17-17.40 heldur \u00edtalska listakonan Barbara Bernardi fyrsta \u00deri\u00f0judagsfyrirlestur \u00e1rsins \u00ed Listasafninu, Ketilh\u00fasi undir yfirskriftinni A Poetic Landscape. \u00cd fyrirlestrinum fjallar h\u00fan m.a. um vinnua\u00f0fer\u00f0ir s\u00ednar vi\u00f0 listsk\u00f6pun og endurreisn tilfinningar\u00fdmis me\u00f0 myndum og hlj\u00f3\u00f0i.&#46;&#46;&#46;<\/p>\n","protected":false},"author":3,"featured_media":512,"comment_status":"closed","ping_status":"closed","sticky":false,"template":"","format":"standard","meta":{"_exactmetrics_skip_tracking":false,"_exactmetrics_sitenote_active":false,"_exactmetrics_sitenote_note":"","_exactmetrics_sitenote_category":0,"footnotes":""},"categories":[4],"tags":[],"class_list":["post-511","post","type-post","status-publish","format-standard","has-post-thumbnail","hentry","category-frettir"],"_links":{"self":[{"href":"https:\/\/listagil.is\/index.php?rest_route=\/wp\/v2\/posts\/511","targetHints":{"allow":["GET"]}}],"collection":[{"href":"https:\/\/listagil.is\/index.php?rest_route=\/wp\/v2\/posts"}],"about":[{"href":"https:\/\/listagil.is\/index.php?rest_route=\/wp\/v2\/types\/post"}],"author":[{"embeddable":true,"href":"https:\/\/listagil.is\/index.php?rest_route=\/wp\/v2\/users\/3"}],"replies":[{"embeddable":true,"href":"https:\/\/listagil.is\/index.php?rest_route=%2Fwp%2Fv2%2Fcomments&post=511"}],"version-history":[{"count":2,"href":"https:\/\/listagil.is\/index.php?rest_route=\/wp\/v2\/posts\/511\/revisions"}],"predecessor-version":[{"id":514,"href":"https:\/\/listagil.is\/index.php?rest_route=\/wp\/v2\/posts\/511\/revisions\/514"}],"wp:featuredmedia":[{"embeddable":true,"href":"https:\/\/listagil.is\/index.php?rest_route=\/wp\/v2\/media\/512"}],"wp:attachment":[{"href":"https:\/\/listagil.is\/index.php?rest_route=%2Fwp%2Fv2%2Fmedia&parent=511"}],"wp:term":[{"taxonomy":"category","embeddable":true,"href":"https:\/\/listagil.is\/index.php?rest_route=%2Fwp%2Fv2%2Fcategories&post=511"},{"taxonomy":"post_tag","embeddable":true,"href":"https:\/\/listagil.is\/index.php?rest_route=%2Fwp%2Fv2%2Ftags&post=511"}],"curies":[{"name":"wp","href":"https:\/\/api.w.org\/{rel}","templated":true}]}}