{"id":5070,"date":"2025-08-31T18:27:50","date_gmt":"2025-08-31T18:27:50","guid":{"rendered":"https:\/\/listagil.is\/?p=5070"},"modified":"2025-08-31T18:27:52","modified_gmt":"2025-08-31T18:27:52","slug":"jorge-corpuna-vatnslitanamskeid","status":"publish","type":"post","link":"https:\/\/listagil.is\/?p=5070","title":{"rendered":"Jorge Corpuna \u2013 Vatnslitan\u00e1mskei\u00f0"},"content":{"rendered":"\n<p><\/p>\n\n\n\n<p>Einn eftirs\u00f3ttasti og mest spennandi vatnslitam\u00e1lari samt\u00edmans heldur tveggja daga n\u00e1mskei\u00f0 \u00e1 Akureyri helgina 6.-7. september.<\/p>\n\n\n\n<p><\/p>\n\n\n\n<figure class=\"wp-block-image size-large\"><img loading=\"lazy\" decoding=\"async\" width=\"1024\" height=\"840\" src=\"https:\/\/listagil.is\/wp-content\/uploads\/2025\/08\/image005-1024x840.jpg\" alt=\"\" class=\"wp-image-5071\" srcset=\"https:\/\/listagil.is\/wp-content\/uploads\/2025\/08\/image005-1024x840.jpg 1024w, https:\/\/listagil.is\/wp-content\/uploads\/2025\/08\/image005-800x656.jpg 800w, https:\/\/listagil.is\/wp-content\/uploads\/2025\/08\/image005-768x630.jpg 768w, https:\/\/listagil.is\/wp-content\/uploads\/2025\/08\/image005-1536x1259.jpg 1536w, https:\/\/listagil.is\/wp-content\/uploads\/2025\/08\/image005.jpg 1844w\" sizes=\"auto, (max-width: 1024px) 100vw, 1024px\" \/><\/figure>\n\n\n\n<p><\/p>\n\n\n\n<p><\/p>\n\n\n\n<p><\/p>\n\n\n\n<p>Jorge Corpuna er \u00feekktur fyrir heillandi vatnslitamyndir sem fanga stemningu og d\u00fdpt landslagsins \u00e1 einstakan h\u00e1tt. <\/p>\n\n\n\n<p>\u00c1 n\u00e1mskei\u00f0inu er veitt inns\u00fdn \u00ed \u00fea\u00f0 hvernig m\u00e1 nota lj\u00f3s og skugga, liti og \u00e1fer\u00f0, til a\u00f0 t\u00falka n\u00e1tt\u00faruna og \u00fea\u00f0 sem fyrir augu ber. Jorge hefur hloti\u00f0 fj\u00f6lda vi\u00f0urkenninga fyrir vatnslitamyndir s\u00ednar og ver\u00f0laun um allan heim. Hann f\u00e6ddist 1993 \u00ed Cusco \u00ed Per\u00fa og er \u00fatskrifa\u00f0ur \u00ed m\u00e1laralist me\u00f0 \u00e1herslu \u00e1 vatnsliti fr\u00e1 Listah\u00e1sk\u00f3lanum \u00ed Arequipa.<\/p>\n\n\n\n<p>UPPSELT!<\/p>\n\n\n\n<p><\/p>\n\n\n\n<figure class=\"wp-block-image size-large\"><img loading=\"lazy\" decoding=\"async\" width=\"1024\" height=\"768\" src=\"https:\/\/listagil.is\/wp-content\/uploads\/2025\/08\/image002-1024x768.jpg\" alt=\"\" class=\"wp-image-5072\" srcset=\"https:\/\/listagil.is\/wp-content\/uploads\/2025\/08\/image002-1024x768.jpg 1024w, https:\/\/listagil.is\/wp-content\/uploads\/2025\/08\/image002-800x600.jpg 800w, https:\/\/listagil.is\/wp-content\/uploads\/2025\/08\/image002-768x576.jpg 768w, https:\/\/listagil.is\/wp-content\/uploads\/2025\/08\/image002-1536x1152.jpg 1536w, https:\/\/listagil.is\/wp-content\/uploads\/2025\/08\/image002.jpg 2016w\" sizes=\"auto, (max-width: 1024px) 100vw, 1024px\" \/><\/figure>\n\n\n\n<p><\/p>\n\n\n\n<p><\/p>\n\n\n\n<figure class=\"wp-block-image size-large\"><img loading=\"lazy\" decoding=\"async\" width=\"768\" height=\"1024\" src=\"https:\/\/listagil.is\/wp-content\/uploads\/2025\/08\/image003-768x1024.jpg\" alt=\"\" class=\"wp-image-5073\" srcset=\"https:\/\/listagil.is\/wp-content\/uploads\/2025\/08\/image003-768x1024.jpg 768w, https:\/\/listagil.is\/wp-content\/uploads\/2025\/08\/image003-600x800.jpg 600w, https:\/\/listagil.is\/wp-content\/uploads\/2025\/08\/image003-1152x1536.jpg 1152w, https:\/\/listagil.is\/wp-content\/uploads\/2025\/08\/image003.jpg 1512w\" sizes=\"auto, (max-width: 768px) 100vw, 768px\" \/><\/figure>\n\n\n\n<p><\/p>\n\n\n\n<p><\/p>\n\n\n\n<figure class=\"wp-block-image size-large\"><img loading=\"lazy\" decoding=\"async\" width=\"1022\" height=\"1024\" src=\"https:\/\/listagil.is\/wp-content\/uploads\/2025\/08\/image004-1022x1024.jpg\" alt=\"\" class=\"wp-image-5074\" srcset=\"https:\/\/listagil.is\/wp-content\/uploads\/2025\/08\/image004-1022x1024.jpg 1022w, https:\/\/listagil.is\/wp-content\/uploads\/2025\/08\/image004-150x150.jpg 150w, https:\/\/listagil.is\/wp-content\/uploads\/2025\/08\/image004-768x769.jpg 768w, https:\/\/listagil.is\/wp-content\/uploads\/2025\/08\/image004-80x80.jpg 80w, https:\/\/listagil.is\/wp-content\/uploads\/2025\/08\/image004-320x320.jpg 320w, https:\/\/listagil.is\/wp-content\/uploads\/2025\/08\/image004.jpg 1278w\" sizes=\"auto, (max-width: 1022px) 100vw, 1022px\" \/><\/figure>\n","protected":false},"excerpt":{"rendered":"<p>Einn eftirs\u00f3ttasti og mest spennandi vatnslitam\u00e1lari samt\u00edmans heldur tveggja daga n\u00e1mskei\u00f0 \u00e1 Akureyri helgina 6.-7. september. Jorge Corpuna er \u00feekktur fyrir heillandi vatnslitamyndir sem fanga stemningu og d\u00fdpt landslagsins \u00e1 einstakan h\u00e1tt. \u00c1 n\u00e1mskei\u00f0inu er veitt inns\u00fdn \u00ed&#46;&#46;&#46;<\/p>\n","protected":false},"author":12,"featured_media":5071,"comment_status":"closed","ping_status":"closed","sticky":false,"template":"","format":"standard","meta":{"_exactmetrics_skip_tracking":false,"_exactmetrics_sitenote_active":false,"_exactmetrics_sitenote_note":"","_exactmetrics_sitenote_category":0,"footnotes":""},"categories":[4],"tags":[52,40,7,42,46],"class_list":["post-5070","post","type-post","status-publish","format-standard","has-post-thumbnail","hentry","category-frettir","tag-akureyri","tag-art","tag-deiglan","tag-gilfelagid","tag-listagilid"],"_links":{"self":[{"href":"https:\/\/listagil.is\/index.php?rest_route=\/wp\/v2\/posts\/5070","targetHints":{"allow":["GET"]}}],"collection":[{"href":"https:\/\/listagil.is\/index.php?rest_route=\/wp\/v2\/posts"}],"about":[{"href":"https:\/\/listagil.is\/index.php?rest_route=\/wp\/v2\/types\/post"}],"author":[{"embeddable":true,"href":"https:\/\/listagil.is\/index.php?rest_route=\/wp\/v2\/users\/12"}],"replies":[{"embeddable":true,"href":"https:\/\/listagil.is\/index.php?rest_route=%2Fwp%2Fv2%2Fcomments&post=5070"}],"version-history":[{"count":1,"href":"https:\/\/listagil.is\/index.php?rest_route=\/wp\/v2\/posts\/5070\/revisions"}],"predecessor-version":[{"id":5075,"href":"https:\/\/listagil.is\/index.php?rest_route=\/wp\/v2\/posts\/5070\/revisions\/5075"}],"wp:featuredmedia":[{"embeddable":true,"href":"https:\/\/listagil.is\/index.php?rest_route=\/wp\/v2\/media\/5071"}],"wp:attachment":[{"href":"https:\/\/listagil.is\/index.php?rest_route=%2Fwp%2Fv2%2Fmedia&parent=5070"}],"wp:term":[{"taxonomy":"category","embeddable":true,"href":"https:\/\/listagil.is\/index.php?rest_route=%2Fwp%2Fv2%2Fcategories&post=5070"},{"taxonomy":"post_tag","embeddable":true,"href":"https:\/\/listagil.is\/index.php?rest_route=%2Fwp%2Fv2%2Ftags&post=5070"}],"curies":[{"name":"wp","href":"https:\/\/api.w.org\/{rel}","templated":true}]}}