{"id":4933,"date":"2025-06-23T14:36:09","date_gmt":"2025-06-23T14:36:09","guid":{"rendered":"https:\/\/listagil.is\/?p=4933"},"modified":"2025-06-23T14:43:06","modified_gmt":"2025-06-23T14:43:06","slug":"skyrsla-stjornar-starfsarid-2024-25","status":"publish","type":"post","link":"https:\/\/listagil.is\/?p=4933","title":{"rendered":"Sk\u00fdrsla stj\u00f3rnar starfs\u00e1ri\u00f0 2024 &#8211; 25"},"content":{"rendered":"\n<p>L\u00f6g\u00f0 fyrir a\u00f0alfund 1. j\u00fan\u00ed 2025.<\/p>\n\n\n\n<p>Gilf\u00e9lagi\u00f0 er n\u00fa a\u00f0 lj\u00faka 34. starfs\u00e1ri s\u00ednu.<\/p>\n\n\n\n<p>Vi\u00f0 rekum Deigluna og gestavinnustofu h\u00e9r \u00ed \u00feessu h\u00fasn\u00e6\u00f0i eins og \u00e1\u00f0ur.&nbsp;<\/p>\n\n\n\n<p>Gilf\u00e9lagi\u00f0 leitast vi\u00f0 a\u00f0 sty\u00f0ja vi\u00f0 og styrkja eftir megni grasr\u00f3tarstarf menningarinnar, vaxtarsprotana sem eiga l\u00edti\u00f0 undir s\u00e9r og stunda skapand starf af \u00e1str\u00ed\u00f0u. Vi\u00f0 erum opi\u00f0 f\u00e9lag \u00e1n a\u00f0greiningar. Vi\u00f0 erum f\u00e9lag sj\u00e1lfbo\u00f0ali\u00f0a og okkar styrkur r\u00e6\u00f0st verulega af \u00f3eigingj\u00f6rnu starfi f\u00e9laganna. Vi\u00f0 h\u00f6fum geta\u00f0 bo\u00f0i\u00f0 h\u00fasn\u00e6\u00f0i\u00f0 undir vi\u00f0bur\u00f0i \u00e1 s\u00e9rlega hagst\u00e6\u00f0um kj\u00f6rum og stundum gjaldfrj\u00e1lst og \u00feannig viljum vi\u00f0 hafa \u00fea\u00f0.<\/p>\n\n\n\n<p>&#8211; 46 opnir vi\u00f0bur\u00f0ir voru skr\u00e1\u00f0ir \u00ed Deiglunni fr\u00e1&nbsp; \u00fev\u00ed \u00ed ma\u00ed 2024 \u2013 j\u00fan\u00ed 2025. \u00dea\u00f0 er \u00fe\u00f3 nokkur fj\u00f6lgun fr\u00e1 fyrra \u00e1ri.&nbsp;<\/p>\n\n\n\n<p>&#8211; Gestavinnustofan var full n\u00fdtt \u00e1 \u00e1rinu. Eitt t\u00edmabil var nota\u00f0 af heimamanni og febr\u00faar m\u00e1nu\u00f0ur var ekki fylltur og var \u00fea\u00f0 \u00e1kv\u00f6r\u00f0un stj\u00f3rnar.<\/p>\n\n\n\n<p>Var\u00f0andi h\u00fasn\u00e6\u00f0i\u00f0 er \u00fe\u00f3 \u00e1n\u00e6gjulegt a\u00f0 notkun einkaa\u00f0ila \u00ed menningrstarfi hefur aukist og veri\u00f0 af m\u00f6rgu tagi.&nbsp;<\/p>\n\n\n\n<p>&#8211; Samlagi\u00f0 Sk\u00f6punarverkst\u00e6\u00f0i h\u00e9lt \u00e1fram n\u00e1mskei\u00f0ahaldi \u00ed Deiglunni uns \u00fea\u00f0 fluttist \u00ed eigi\u00f0 h\u00fasn\u00e6\u00f0i um s\u00ed\u00f0ustu \u00e1ram\u00f3t.&nbsp;<\/p>\n\n\n\n<ul class=\"wp-block-list\">\n<li>Draumaleikh\u00fasi\u00f0 nota\u00f0i Deigluna til \u00e6finga s\u00ed\u00f0astli\u00f0i\u00f0 haust og enda\u00f0i me\u00f0 s\u00fdningum \u00ed n\u00f3vember.\u00a0<\/li>\n\n\n\n<li>Sunnefa kjartansd\u00f3ttir Sumarlistama\u00f0ur Akureyrar f\u00e9kk Deigluna til \u00e6finga og h\u00fan setti up danss\u00fdningu 9. j\u00fal\u00ed.<\/li>\n\n\n\n<li>Boreal Screendance Festival var Deigluna eins og undanfarin \u00e1r.<\/li>\n\n\n\n<li>Northen Lights &#8211; Fantastic Film Festival com \u00ed Deigluna \u00ed fyrsta skifti \u00ed okt\u00f3ber .<\/li>\n\n\n\n<li>A! Gj\u00f6rningah\u00e1t\u00ed\u00f0 var h\u00e9r a\u00f0 venju \u00ed samstarfi.<\/li>\n\n\n\n<li>N\u00e1mskei\u00f0 \u00e1 Barnamenningarh\u00e1t\u00ed\u00f0, Gu\u00f0mundur \u00c1rmann me\u00f0 vatnslitan\u00e1mskei\u00f0, Rau\u00f0ikrossinn \u00ed samstarfi, me\u00f0 samvinnu b\u00fatasaumsverkefni og svo m\u00e6tti \u00e1fram telja.<\/li>\n<\/ul>\n\n\n\n<p>\u00c1fram h\u00f6fum vi\u00f0 veri\u00f0 samstarfsa\u00f0ilar vi\u00f0 st\u00e6rri h\u00e1t\u00ed\u00f0ir, auk \u00feess a\u00f0 vera samstarfsa\u00f0ili Listasumars. \u00dear sj\u00e1um vi\u00f0 um framkv\u00e6md og st\u00fdrum vi\u00f0bur\u00f0um gegn d\u00e1litlum styrk fr\u00e1 b\u00e6num. Karnivala var haldin sem lokah\u00e1t\u00ed\u00f0 listasumars og \u00fe\u00f3tti takast einstaklega vel.<\/p>\n\n\n\n<p>Gestalistamenn okkar hafa teki\u00f0 \u00fe\u00e1tt \u00ed \u00deri\u00f0judagsfyrirlestrunum sem haldnir eru \u00ed Listasafninu yfir vetrart\u00edmann \u00ed samstarfi vi\u00f0 Listasafni\u00f0, MA og VMA.<\/p>\n\n\n\n<p>Tveit handverksmarka\u00f0ir voru haldnir \u00e1 vegum f\u00e9lagsins.<\/p>\n\n\n\n<p>Vi\u00f0 h\u00f6fum fellt ni\u00f0ur leigu af s\u00fdningum ungs listaf\u00f3lks e\u00f0a listaf\u00f3lks \u00ed vi\u00f0kv\u00e6mri st\u00f6\u00f0u. \u00dea\u00f0 er alltaf \u00e1lita m\u00e1l hversu oft vi\u00f0 getum leyft okkur a\u00f0 bj\u00f3\u00f0a salinn \u00e1n endurgjalds, en \u00fea\u00f0 er \u00e1 hinn b\u00f3ginn styrkur a\u00f0 geta \u00fea\u00f0 og m\u00e9r hefur fundist a\u00f0 vi\u00f0 eigum a\u00f0 gera \u00fea\u00f0 oft.<\/p>\n\n\n\n<p>Vi\u00f0 erum opin fyrir ums\u00f3knum og flokkum ekki ums\u00e6kjandur, allir hafa s\u00f6mu m\u00f6guleika \u00e1 a\u00f0 s\u00e6kja um Deigluna fyrir menningarvi\u00f0bur\u00f0i.&nbsp;<\/p>\n\n\n\n<p>\u00cd stj\u00f3rn f\u00e9lagsins sitja: A\u00f0alsteinn \u00de\u00f3rsson forma\u00f0ur, Kar\u00f3l\u00edna Baldvinsd\u00f3ttir ritari, Brynd\u00eds S\u00edmonard\u00f3ttir gjaldkeri, me\u00f0stj\u00f3rnendur Anna Richardsd\u00f3ttir og Joris Rademaker. Varamenn eru Gillian Pokalo og Arna G. Valsd\u00f3ttir.<\/p>\n\n\n\n<p>\u00cd \u00fathlutunarnefnd gestavinnustofu sitja, S\u00f3ley Bj\u00f6rk Stef\u00e1nsd\u00f3ttir, \u00d3lafur Sveinsson og A\u00f0alsteinn \u00de\u00f3rsson.&nbsp;<\/p>\n\n\n\n<p>Stj\u00f3rnin hefur fr\u00e1 s\u00ed\u00f0asta a\u00f0alfundi og haldi\u00f0 stj\u00f3rnarfundi a\u00f0 me\u00f0altali \u00e1 \u00feriggja vikna fresti.<\/p>\n\n\n\n<p>F\u00e9lagatali\u00f0 stendur \u00ed 155 f\u00e9laga sem greitt hafa \u00e1rgjaldi\u00f0. Einungs f\u00e1ir taka \u00fe\u00e1tt \u00ed starfi fyrir f\u00e9lagi\u00f0 og er \u00fea\u00f0 st\u00f6\u00f0ug \u00e1skorun a\u00f0 st\u00e6kka \u00feann h\u00f3p.<\/p>\n\n\n\n<p>Vi\u00f0 viljum standa v\u00f6r\u00f0 um hugmyndina sem var m\u00f3tu\u00f0 1991 um Listagili\u00f0 sem mikilv\u00e6gt kennimark \u00ed listasamf\u00e9laginu \u00e1 Akureyri. Ekki s\u00edst a\u00f0 stu\u00f0la markvisst a\u00f0 eflingu grasr\u00f3tarstarfs \u00ed listum og menningu. Starfs sem s\u00ed\u00f0ur finnur s\u00e9r farveg innann stofnananna.<\/p>\n\n\n\n<p>Samningar vi\u00f0 Akureyrarb\u00e6?<\/p>\n\n\n\n<p>Vid erum enn samningslaus vi\u00f0 b\u00e6inn vegna h\u00fasn\u00e6\u00f0isins s\u00ed\u00f0an 1. jan\u00faar 2023.&nbsp;<\/p>\n\n\n\n<p>Samkv\u00e6mt \u00feeim samningi borgar Gilf\u00e9lagi\u00f0 m\u00e1na\u00f0arlega 35.000 kr til b\u00e6jarins m\u00e1na\u00f0arlega.<\/p>\n\n\n\n<p>\u00dea\u00f0 kvartar enginn undan l\u00e1gri leigu en \u00f3\u00f6ryggi\u00f0 er algert og fullkomlega \u00f3lj\u00f3st me\u00f0 n\u00e6sta dag, \u00e1byrg\u00f0 og skyldur \u00ed b\u00e1\u00f0ar \u00e1ttir.<\/p>\n\n\n\n<p>&#8211; Hva\u00f0 langar okkur?<\/p>\n\n\n\n<p>Er spurning sem \u00e9g l\u00e6t eftir n\u00fdrri stj\u00f3rn \u00e9g l\u00e6t h\u00e9r me\u00f0 af st\u00f6rfum sem forma\u00f0ur Gilf\u00e9lagsins, eftir stj\u00f3rnarsetu fr\u00e1 \u00fev\u00ed 1017 og formennsku s\u00ed\u00f0ustu fj\u00f6gur \u00e1rin, \u00f3ska \u00e9g n\u00fdrri stj\u00f3rn alls hinns besta og er sannf\u00e6r\u00f0ur um a\u00f0 Gilf\u00e9laginu blasir vi\u00f0 bj\u00f6rt framt\u00ed\u00f0.<\/p>\n\n\n\n<p>Fyrir h\u00f6nd stj\u00f3rnar.&nbsp;<\/p>\n\n\n\n<p>A\u00f0alsteinn \u00de\u00f3rsson&nbsp;<\/p>\n\n\n\n<p>30. ma\u00ed 2025.<\/p>\n","protected":false},"excerpt":{"rendered":"<p>L\u00f6g\u00f0 fyrir a\u00f0alfund 1. j\u00fan\u00ed 2025. Gilf\u00e9lagi\u00f0 er n\u00fa a\u00f0 lj\u00faka 34. starfs\u00e1ri s\u00ednu. Vi\u00f0 rekum Deigluna og gestavinnustofu h\u00e9r \u00ed \u00feessu h\u00fasn\u00e6\u00f0i eins og \u00e1\u00f0ur.&nbsp; Gilf\u00e9lagi\u00f0 leitast vi\u00f0 a\u00f0 sty\u00f0ja vi\u00f0 og styrkja eftir megni grasr\u00f3tarstarf menningarinnar,&#46;&#46;&#46;<\/p>\n","protected":false},"author":10,"featured_media":4935,"comment_status":"closed","ping_status":"closed","sticky":false,"template":"","format":"standard","meta":{"_exactmetrics_skip_tracking":false,"_exactmetrics_sitenote_active":false,"_exactmetrics_sitenote_note":"","_exactmetrics_sitenote_category":0,"footnotes":""},"categories":[71],"tags":[393,42],"class_list":["post-4933","post","type-post","status-publish","format-standard","has-post-thumbnail","hentry","category-fundargerdir","tag-arsskyrsla-2024-25","tag-gilfelagid"],"_links":{"self":[{"href":"https:\/\/listagil.is\/index.php?rest_route=\/wp\/v2\/posts\/4933","targetHints":{"allow":["GET"]}}],"collection":[{"href":"https:\/\/listagil.is\/index.php?rest_route=\/wp\/v2\/posts"}],"about":[{"href":"https:\/\/listagil.is\/index.php?rest_route=\/wp\/v2\/types\/post"}],"author":[{"embeddable":true,"href":"https:\/\/listagil.is\/index.php?rest_route=\/wp\/v2\/users\/10"}],"replies":[{"embeddable":true,"href":"https:\/\/listagil.is\/index.php?rest_route=%2Fwp%2Fv2%2Fcomments&post=4933"}],"version-history":[{"count":1,"href":"https:\/\/listagil.is\/index.php?rest_route=\/wp\/v2\/posts\/4933\/revisions"}],"predecessor-version":[{"id":4934,"href":"https:\/\/listagil.is\/index.php?rest_route=\/wp\/v2\/posts\/4933\/revisions\/4934"}],"wp:featuredmedia":[{"embeddable":true,"href":"https:\/\/listagil.is\/index.php?rest_route=\/wp\/v2\/media\/4935"}],"wp:attachment":[{"href":"https:\/\/listagil.is\/index.php?rest_route=%2Fwp%2Fv2%2Fmedia&parent=4933"}],"wp:term":[{"taxonomy":"category","embeddable":true,"href":"https:\/\/listagil.is\/index.php?rest_route=%2Fwp%2Fv2%2Fcategories&post=4933"},{"taxonomy":"post_tag","embeddable":true,"href":"https:\/\/listagil.is\/index.php?rest_route=%2Fwp%2Fv2%2Ftags&post=4933"}],"curies":[{"name":"wp","href":"https:\/\/api.w.org\/{rel}","templated":true}]}}