{"id":493,"date":"2016-11-18T07:40:02","date_gmt":"2016-11-18T07:40:02","guid":{"rendered":"http:\/\/listagil.is\/?p=493"},"modified":"2016-11-18T07:40:02","modified_gmt":"2016-11-18T07:40:02","slug":"lista-og-handverksmessa","status":"publish","type":"post","link":"https:\/\/listagil.is\/?p=493","title":{"rendered":"Lista- og handverksmessa!"},"content":{"rendered":"<p>Lista- og handverksmessa Gilf\u00e9lagsins ver\u00f0ur haldin \u00ed Deiglunni laugardaginn 19. n\u00f3vember kl. 13 &#8211; 18. Um er a\u00f0 r\u00e6\u00f0a marka\u00f0 lista- og handverksf\u00f3lks og \u00fear mun kenna \u00fdmissa grasa, myndlist, handverk, t\u00f3nlist og lj\u00f3\u00f0. Upplagt a\u00f0 koma og versla eitthva\u00f0 sni\u00f0ugt \u00ed j\u00f3lapakkann e\u00f0a til a\u00f0 gle\u00f0ja \u00ed skammdeginu.<\/p>\n<p>\u00de\u00e1tttakendur eru:<br \/>\nHr\u00f6nn Einarsd\u00f3ttir<br \/>\nJ\u00f3nborg Sigur\u00f0ard\u00f3ttir<br \/>\n\u00de\u00f3rhildur \u00d6rvars<br \/>\nL\u00e1ra og Hjalti<br \/>\n\u00deorger\u00f0ur J\u00f3nsd\u00f3ttir<br \/>\nJ\u00f6kull Gu\u00f0mundsson<br \/>\nR\u00f3sa J\u00fal og Kalli<br \/>\nKristjana Agnars<br \/>\nJ\u00f3na Bergdal<\/p>\n<p>N\u00e1nari uppl\u00fdsingar veita Ingibj\u00f6rg Stef\u00e1nsd\u00f3ttir s. 895 3345 og \u00cdvar Freyr s. 868 9218.<\/p>\n<p><a href=\"http:\/\/listagil.is\/wp-content\/uploads\/2016\/10\/14570426_10209309189719942_3786065520069477164_n.jpg\"><img loading=\"lazy\" decoding=\"async\" class=\"alignnone  wp-image-485\" src=\"http:\/\/listagil.is\/wp-content\/uploads\/2016\/10\/14570426_10209309189719942_3786065520069477164_n.jpg\" alt=\"14570426_10209309189719942_3786065520069477164_n\" width=\"400\" height=\"533\" srcset=\"https:\/\/listagil.is\/wp-content\/uploads\/2016\/10\/14570426_10209309189719942_3786065520069477164_n.jpg 720w, https:\/\/listagil.is\/wp-content\/uploads\/2016\/10\/14570426_10209309189719942_3786065520069477164_n-225x300.jpg 225w\" sizes=\"auto, (max-width: 400px) 100vw, 400px\" \/><\/a><\/p>\n","protected":false},"excerpt":{"rendered":"<p>Lista- og handverksmessa Gilf\u00e9lagsins ver\u00f0ur haldin \u00ed Deiglunni laugardaginn 19. n\u00f3vember kl. 13 &#8211; 18. Um er a\u00f0 r\u00e6\u00f0a marka\u00f0 lista- og handverksf\u00f3lks og \u00fear mun kenna \u00fdmissa grasa, myndlist, handverk, t\u00f3nlist og lj\u00f3\u00f0. Upplagt a\u00f0 koma og&#46;&#46;&#46;<\/p>\n","protected":false},"author":3,"featured_media":0,"comment_status":"closed","ping_status":"closed","sticky":false,"template":"","format":"standard","meta":{"_exactmetrics_skip_tracking":false,"_exactmetrics_sitenote_active":false,"_exactmetrics_sitenote_note":"","_exactmetrics_sitenote_category":0,"footnotes":""},"categories":[4],"tags":[],"class_list":["post-493","post","type-post","status-publish","format-standard","hentry","category-frettir"],"_links":{"self":[{"href":"https:\/\/listagil.is\/index.php?rest_route=\/wp\/v2\/posts\/493","targetHints":{"allow":["GET"]}}],"collection":[{"href":"https:\/\/listagil.is\/index.php?rest_route=\/wp\/v2\/posts"}],"about":[{"href":"https:\/\/listagil.is\/index.php?rest_route=\/wp\/v2\/types\/post"}],"author":[{"embeddable":true,"href":"https:\/\/listagil.is\/index.php?rest_route=\/wp\/v2\/users\/3"}],"replies":[{"embeddable":true,"href":"https:\/\/listagil.is\/index.php?rest_route=%2Fwp%2Fv2%2Fcomments&post=493"}],"version-history":[{"count":1,"href":"https:\/\/listagil.is\/index.php?rest_route=\/wp\/v2\/posts\/493\/revisions"}],"predecessor-version":[{"id":494,"href":"https:\/\/listagil.is\/index.php?rest_route=\/wp\/v2\/posts\/493\/revisions\/494"}],"wp:attachment":[{"href":"https:\/\/listagil.is\/index.php?rest_route=%2Fwp%2Fv2%2Fmedia&parent=493"}],"wp:term":[{"taxonomy":"category","embeddable":true,"href":"https:\/\/listagil.is\/index.php?rest_route=%2Fwp%2Fv2%2Fcategories&post=493"},{"taxonomy":"post_tag","embeddable":true,"href":"https:\/\/listagil.is\/index.php?rest_route=%2Fwp%2Fv2%2Ftags&post=493"}],"curies":[{"name":"wp","href":"https:\/\/api.w.org\/{rel}","templated":true}]}}