{"id":4901,"date":"2025-05-25T10:23:25","date_gmt":"2025-05-25T10:23:25","guid":{"rendered":"https:\/\/listagil.is\/?p=4901"},"modified":"2025-05-27T09:43:58","modified_gmt":"2025-05-27T09:43:58","slug":"deglar-kynni","status":"publish","type":"post","link":"https:\/\/listagil.is\/?p=4901","title":{"rendered":"DAGLEG KYNNI"},"content":{"rendered":"\n<p class=\"has-medium-font-size\">S\u00fdning Gestalistamanns Gilf\u00e9lagsins \u00ed ma\u00ed Vicente Fita Botet opnar \u00e1 f\u00f6studaginn 30. ma\u00ed kl 19.00 \u00ed Deiglunni.<\/p>\n\n\n\n<figure class=\"wp-block-image size-large\"><img loading=\"lazy\" decoding=\"async\" width=\"1024\" height=\"847\" src=\"http:\/\/listagil.is\/wp-content\/uploads\/2025\/05\/junkpile-1-1024x847.jpg\" alt=\"\" class=\"wp-image-4890\" srcset=\"https:\/\/listagil.is\/wp-content\/uploads\/2025\/05\/junkpile-1-1024x847.jpg 1024w, https:\/\/listagil.is\/wp-content\/uploads\/2025\/05\/junkpile-1-800x662.jpg 800w, https:\/\/listagil.is\/wp-content\/uploads\/2025\/05\/junkpile-1-768x635.jpg 768w, https:\/\/listagil.is\/wp-content\/uploads\/2025\/05\/junkpile-1.jpg 1300w\" sizes=\"auto, (max-width: 1024px) 100vw, 1024px\" \/><\/figure>\n\n\n\n<p><\/p>\n\n\n\n<p>S\u00fdningin ver\u00f0ur opin f\u00f6studag 30. ma\u00ed fr\u00e1 19 &#8211; 21 og laugardag 31. ma\u00ed fr\u00e1 14 &#8211; 15.45, ath. S\u00fdningin hangir uppi me\u00f0an \u00e1 t\u00f3lleikum M\u00ddR tr\u00ed\u00f3s stendur, sem hefjast kl. 16.00 \u00feann 31. <\/p>\n\n\n\n<p><\/p>\n\n\n\n<p>Listama\u00f0urinn um verkefni\u00f0:<\/p>\n\n\n\n<p>Me\u00f0an \u00e1 dv\u00f6l minni h\u00e9r \u00e1 Akureyri hefur sta\u00f0i\u00f0 hef \u00e9g haldi\u00f0 stefnu \u00ed listsk\u00f6pun mnni. \u00c9g hef au\u00f0gast af myndunum sem \u00e9g safna \u00feegar \u00e9g kanna n\u00fdtt umhverfi me\u00f0 myndav\u00e9l a\u00f0 vopni.<br>\u00cd Deiglunni mun \u00e9g kynna n\u00fdleg verk \u00e1 papp\u00edr sem og frums\u00fdni tv\u00f6 myndbandsverk, anna\u00f0 gert \u00ed Rotterdam og hitt h\u00e9r, utan vi\u00f0 s\u00fdningarsalinn mun \u00e9g a\u00f0 gera t\u00edmabundinn sk\u00falpt\u00far \u00far fundnu efni sem inngrip \u00ed almannar\u00fdmi\u00f0.<\/p>\n\n\n\n<p>S\u00fdningin er \u00f6llum opin og enginn a\u00f0gangseyrir, \u00e1 opnun ver\u00f0ur bo\u00f0i\u00f0 upp \u00e1 l\u00e9ttar veitingar og sp\u00e6nskt g\u00f3\u00f0g\u00e6ti.<\/p>\n\n\n\n<p>Frekari uppl\u00fdsingar um Vicente Fita Botet. Information about the artist in English below<\/p>\n\n\n\n<figure class=\"wp-block-embed is-type-wp-embed is-provider-gilf-lagi-deiglan wp-block-embed-gilf-lagi-deiglan\"><div class=\"wp-block-embed__wrapper\">\n<blockquote class=\"wp-embedded-content\" data-secret=\"WfLW3phoco\"><a href=\"https:\/\/listagil.is\/?p=4883\">Vicente Fita Botet<\/a><\/blockquote><iframe loading=\"lazy\" class=\"wp-embedded-content\" sandbox=\"allow-scripts\" security=\"restricted\" style=\"position: absolute; visibility: hidden;\" title=\"&#8220;Vicente Fita Botet&#8221; &#8212; GILF\u00c9LAGI\u00d0 \/ DEIGLAN\" src=\"https:\/\/listagil.is\/?p=4883&#038;embed=true#?secret=WgDJFwJBb3#?secret=WfLW3phoco\" data-secret=\"WfLW3phoco\" width=\"500\" height=\"282\" frameborder=\"0\" marginwidth=\"0\" marginheight=\"0\" scrolling=\"no\"><\/iframe>\n<\/div><\/figure>\n\n\n\n<figure class=\"wp-block-embed is-type-wp-embed is-provider-gilf-lagi-deiglan wp-block-embed-gilf-lagi-deiglan\"><div class=\"wp-block-embed__wrapper\">\n<blockquote class=\"wp-embedded-content\" data-secret=\"uSKcvsOy5u\"><a href=\"https:\/\/listagil.is\/?p=4875\">Vicente Fita Botet<\/a><\/blockquote><iframe loading=\"lazy\" class=\"wp-embedded-content\" sandbox=\"allow-scripts\" security=\"restricted\" style=\"position: absolute; visibility: hidden;\" title=\"&#8220;Vicente Fita Botet&#8221; &#8212; GILF\u00c9LAGI\u00d0 \/ DEIGLAN\" src=\"https:\/\/listagil.is\/?p=4875&#038;embed=true#?secret=XP0Ug21n0C#?secret=uSKcvsOy5u\" data-secret=\"uSKcvsOy5u\" width=\"500\" height=\"282\" frameborder=\"0\" marginwidth=\"0\" marginheight=\"0\" scrolling=\"no\"><\/iframe>\n<\/div><\/figure>\n","protected":false},"excerpt":{"rendered":"<p>S\u00fdning Gestalistamanns Gilf\u00e9lagsins \u00ed ma\u00ed Vicente Fita Botet opnar \u00e1 f\u00f6studaginn 30. ma\u00ed kl 19.00 \u00ed Deiglunni. S\u00fdningin ver\u00f0ur opin f\u00f6studag 30. ma\u00ed fr\u00e1 19 &#8211; 21 og laugardag 31. ma\u00ed fr\u00e1 14 &#8211; 15.45, ath. S\u00fdningin hangir&#46;&#46;&#46;<\/p>\n","protected":false},"author":10,"featured_media":4890,"comment_status":"closed","ping_status":"closed","sticky":false,"template":"","format":"standard","meta":{"_exactmetrics_skip_tracking":false,"_exactmetrics_sitenote_active":false,"_exactmetrics_sitenote_note":"","_exactmetrics_sitenote_category":0,"footnotes":""},"categories":[4,304],"tags":[52,7,250,42,46,54],"class_list":["post-4901","post","type-post","status-publish","format-standard","has-post-thumbnail","hentry","category-frettir","category-gestavinnustofa","tag-akureyri","tag-deiglan","tag-gestalistamadur-is","tag-gilfelagid","tag-listagilid","tag-syning"],"_links":{"self":[{"href":"https:\/\/listagil.is\/index.php?rest_route=\/wp\/v2\/posts\/4901","targetHints":{"allow":["GET"]}}],"collection":[{"href":"https:\/\/listagil.is\/index.php?rest_route=\/wp\/v2\/posts"}],"about":[{"href":"https:\/\/listagil.is\/index.php?rest_route=\/wp\/v2\/types\/post"}],"author":[{"embeddable":true,"href":"https:\/\/listagil.is\/index.php?rest_route=\/wp\/v2\/users\/10"}],"replies":[{"embeddable":true,"href":"https:\/\/listagil.is\/index.php?rest_route=%2Fwp%2Fv2%2Fcomments&post=4901"}],"version-history":[{"count":4,"href":"https:\/\/listagil.is\/index.php?rest_route=\/wp\/v2\/posts\/4901\/revisions"}],"predecessor-version":[{"id":4906,"href":"https:\/\/listagil.is\/index.php?rest_route=\/wp\/v2\/posts\/4901\/revisions\/4906"}],"wp:featuredmedia":[{"embeddable":true,"href":"https:\/\/listagil.is\/index.php?rest_route=\/wp\/v2\/media\/4890"}],"wp:attachment":[{"href":"https:\/\/listagil.is\/index.php?rest_route=%2Fwp%2Fv2%2Fmedia&parent=4901"}],"wp:term":[{"taxonomy":"category","embeddable":true,"href":"https:\/\/listagil.is\/index.php?rest_route=%2Fwp%2Fv2%2Fcategories&post=4901"},{"taxonomy":"post_tag","embeddable":true,"href":"https:\/\/listagil.is\/index.php?rest_route=%2Fwp%2Fv2%2Ftags&post=4901"}],"curies":[{"name":"wp","href":"https:\/\/api.w.org\/{rel}","templated":true}]}}