{"id":4781,"date":"2025-04-12T01:27:38","date_gmt":"2025-04-12T01:27:38","guid":{"rendered":"https:\/\/listagil.is\/?p=4781"},"modified":"2025-04-12T01:36:08","modified_gmt":"2025-04-12T01:36:08","slug":"sledahundar","status":"publish","type":"post","link":"https:\/\/listagil.is\/?p=4781","title":{"rendered":"Vinnuhundar"},"content":{"rendered":"\n<p class=\"has-medium-font-size\">S\u00fdningin Vinnuhundar eftir hollensku listakonuna Philine van der Vegte  opnar \u00ed Deiglunni laugardaginn 19. apr\u00edl.<\/p>\n\n\n\n<figure class=\"wp-block-image size-large\"><img loading=\"lazy\" decoding=\"async\" width=\"819\" height=\"1024\" src=\"https:\/\/listagil.is\/wp-content\/uploads\/2025\/04\/Poster-Deiglan-Van-der-Vegte-819x1024.jpg\" alt=\"\" class=\"wp-image-4782\" srcset=\"https:\/\/listagil.is\/wp-content\/uploads\/2025\/04\/Poster-Deiglan-Van-der-Vegte-819x1024.jpg 819w, https:\/\/listagil.is\/wp-content\/uploads\/2025\/04\/Poster-Deiglan-Van-der-Vegte-640x800.jpg 640w, https:\/\/listagil.is\/wp-content\/uploads\/2025\/04\/Poster-Deiglan-Van-der-Vegte-768x960.jpg 768w, https:\/\/listagil.is\/wp-content\/uploads\/2025\/04\/Poster-Deiglan-Van-der-Vegte.jpg 1080w\" sizes=\"auto, (max-width: 819px) 100vw, 819px\" \/><\/figure>\n\n\n\n<p><\/p>\n\n\n\n<p><strong>Opnunart\u00edmar: 19. og 20. apr\u00edl 2025 | 14:00\u201317:00 | Deiglan, Kaupvangsstr\u00e6ti 23 \u00e1 Akureyri<\/strong>. <strong>A\u00f0eins \u00feessi eina s\u00fdningarhelgi.<\/strong><\/p>\n\n\n\n<p>(English below)<\/p>\n\n\n\n<p>\u00cd apr\u00edl tekur Listasafni\u00f0 \u00e1 Akureyri \u00e1 m\u00f3ti hollensku listakonunni Philine van der Vegte \u00ed gestavinnustofu safnsins. Van der Vegte er \u00feekkt fyrir tj\u00e1ningarr\u00edk ol\u00edum\u00e1lverk og lifandi blekteikningar af h\u00fasd\u00fdrum. S\u00fdningin ver\u00f0ur opin dagan 19. og 20. apr\u00edl, fr\u00e1 kl. 14:00 til 17:00 \u00ed Deiglunni Listagilinu \u00e1 Akureyri. S\u00fdningin sn\u00fdst alfari\u00f0 um blekteikningar og ol\u00eduskissur af sle\u00f0ahundum af tegundinni husky.<\/p>\n\n\n\n<p>Philine van der Vegte er samt\u00edmalistakona sem vinnur fyrst og fremast me\u00f0 f\u00edg\u00farat\u00edfa list me\u00f0 ol\u00edulitum og bleki. H\u00fan s\u00e6kir efnivi\u00f0 sinn \u00ed umhverfi vinnustofunnar \u00e1 sveitab\u00e6 r\u00e9tt nor\u00f0an vi\u00f0 Amsterdam, \u00fear sem h\u00fan m\u00e1lar d\u00fdr, manneskjur og landslag \u2013 me\u00f0 s\u00e9rstakri \u00e1herslu \u00e1 samband mannsins vi\u00f0 h\u00fasd\u00fdr. Me\u00f0 djarfri pensilskrift og n\u00e6mi fyrir hreyfingu og pers\u00f3nuleika d\u00fdranna sko\u00f0ar h\u00fan tilfinningatengsl og l\u00edkamlega n\u00e1nd \u00feeirra og mannsinns.<\/p>\n\n\n\n<p>\u00cd vinnustofudv\u00f6l sinni \u00e1 Akureyri, vann van der Vegte n\u00e1i\u00f0 me\u00f0 sle\u00f0ahundafyrirt\u00e6kinu goHusky sem reki\u00f0 er af Mar\u00edu og Gunnari. \u00dear eru fleiri en \u00ferj\u00e1t\u00edu hundar sem leika s\u00e9r, sofa og vinna. H\u00fan&nbsp; teikna\u00f0i \u00fe\u00e1 \u00e1 sta\u00f0num me\u00f0 penna og bleki \u2013 fanga\u00f0i orku \u00feeirra og pers\u00f3nueinkenni. \u00deessar hra\u00f0skissur vann h\u00fan s\u00ed\u00f0ar \u00e1fram \u00ed tj\u00e1ningarr\u00edk ol\u00edum\u00e1lverk \u00e1 papp\u00edr \u00ed gestavinnustofu Listasafnsins \u00e1 Akureyri.<\/p>\n\n\n\n<p>\u201eD\u00fdr eru \u00e1 hreyfingu \u2013 og \u00fe\u00e1 \u00fearf \u00e9g a\u00f0 hreyfa mig me\u00f0 \u00feeim. \u00c9g teikna \u00ed lifandi a\u00f0st\u00e6\u00f0um eins oft og \u00e9g get \u2013 \u00fea\u00f0 er spennandi a\u00f0 reyna a\u00f0 n\u00e1 \u00fev\u00ed r\u00e9tt \u00ed einni tilraun,\u201c segir van der Vegte. \u201ePensilstrokan \u00ed m\u00e1lverkunum m\u00ednum er lykilatri\u00f0i \u2013 \u00e9g vil halda ferskleikanum \u00far skissunum \u00ed st\u00fad\u00ed\u00f3verkunum.\u201c<\/p>\n\n\n\n<p>\u00c1 s\u00fdningunni m\u00e1 sj\u00e1 voru tveggja beinskeittar vettvangsskissur og d\u00fdpt st\u00e6rri ol\u00eduverka. \u00d6ll verkin eru til s\u00f6lu yfir p\u00e1skahelgina.<\/p>\n\n\n\n<p>Philine van der Vegte nam vi\u00f0 Wackers Academy \u00ed Amsterdam og hefur s\u00fdnt verk s\u00edn oft \u00e1 listas\u00f6fnum og h\u00e1t\u00ed\u00f0um v\u00ed\u00f0a um Evr\u00f3pu og Hollandi. \u00deetta er hennar fyrsta einkas\u00fdning \u00e1 \u00cdslandi.<\/p>\n\n\n\n<p><strong>S\u00fdningart\u00edmar: &nbsp;<\/strong><\/p>\n\n\n\n<p><strong>19.\u201320. apr\u00edl 2025 &nbsp;<\/strong><\/p>\n\n\n\n<p><strong>Opnunart\u00edmi: 14:00\u201317:00 &nbsp;<\/strong><\/p>\n\n\n\n<p><strong>Sta\u00f0ur: Deiglan, Kaupvangsstr\u00e6ti 23, Akureyri &nbsp;<\/strong><\/p>\n\n\n\n<p>A\u00f0gangur er \u00f3keypis \u00a0<\/p>\n\n\n\n<p>Fyrir fyrirspurnir, vi\u00f0t\u00f6l e\u00f0a h\u00e1g\u00e6\u00f0a myndir, hafi\u00f0 samband vi\u00f0: &nbsp;<\/p>\n\n\n\n<p><a href=\"mailto:philine@philinevandervegte.com\">philine@philinevandervegte.com<\/a> &nbsp;<\/p>\n\n\n\n<p>+31 634297557<\/p>\n\n\n\n<p>Fylgstu me\u00f0 verkum Philine h\u00e9r: &nbsp;<\/p>\n\n\n\n<p><a href=\"https:\/\/www.philinevandervegte.com\">https:\/\/www.philinevandervegte.com<\/a><\/p>\n\n\n\n<p><a href=\"https:\/\/www.instagram.com\/philinevandervegte\">https:\/\/www.instagram.com\/philinevandervegte<\/a><\/p>\n\n\n\n<hr class=\"wp-block-separator has-alpha-channel-opacity\"\/>\n\n\n\n<p><strong>PRESS RELEASE<\/strong><\/p>\n\n\n\n<p><strong>Exhibition <\/strong>\u201c<strong>Working Dogs\u201d by Dutch Artist Philine van der Vegte at Deiglan Gallery, Akureyri &nbsp;<\/strong><\/p>\n\n\n\n<p><strong>April 19\u201320, 2025 | 14:00\u201317:00 | Deiglan Gallery, Kaupvangsstr\u00e6ti 23<\/strong><\/p>\n\n\n\n<p>This April, the Akureyri Art Museum welcomes Dutch artist Philine van der Vegte to its artist residency program. Known for her expressive oil paintings and dynamic ink drawings of farm animals, Van der Vegte will present the exhibition \u201cWorking Dogs\u201d at Deiglan Gallery on April 19 and 20, from 14:00\u201317:00 each day. The show focuses exclusively on sketches in ink and in oils of Husky sled dogs.<\/p>\n\n\n\n<p>Philine van der Vegte is a contemporary figurative artist, painting mostly in oils and ink. Her subjects are found close to her studio on a farm just north of Amsterdam, and include animals, portraits and landscapes, with a focus on the relationship between humans and domesticated animals. With bold brushstrokes and a sensitivity to movement and character, she explores the emotional and physical bonds we share with animals.<\/p>\n\n\n\n<p>During her stay in Akureyri, van der Vegte immersed herself in the local scene, particularly through a collaboration with goHusky, the dog sledding company run by Mar\u00eda and Gunnar. There, surrounded by over thirty huskies playing, sleeping, and working, she sketched from life in pen and ink, capturing their energy and individual personalities. These quick studies are worked out into expressive oil sketches on paper, created in the Akureyri Art Museum\u2019s guest studio.<\/p>\n\n\n\n<p>\u201c<strong>Animals move, so I have to move with them. I sketch from life as much as possible\u2014there<\/strong>\u2019<strong>s a thrill in trying to get it right in one go,\u201d van der Vegte explains. <\/strong>\u201c<strong>The brushstroke in my painting is essential, and I aim to keep the freshness of my live sketches in the larger studio works.\u201d<\/strong><\/p>\n\n\n\n<p>The exhibition includes both the raw directness of her on-site sketches and the depth of her larger oil works. All pieces are for sale during the Easter weekend showing.<\/p>\n\n\n\n<p>Philine van der Vegte studied at the Wackers Academy in Amsterdam and exhibited across Europe. Her work has appeared in several Dutch museums and art fairs. This is her first solo presentation in Iceland.<\/p>\n\n\n\n<p><strong>Exhibition Dates: &nbsp;<\/strong><\/p>\n\n\n\n<p><strong>April 19\u201320, 2025 &nbsp;<\/strong><\/p>\n\n\n\n<p><strong>Opening hours: 14:00\u201317:00 &nbsp;<\/strong><\/p>\n\n\n\n<p><strong>Location: Deiglan Gallery, Kaupvangsstr\u00e6ti 23, Akureyri &nbsp;<\/strong><\/p>\n\n\n\n<p><strong>Free admission<\/strong><\/p>\n\n\n\n<p><a href=\"https:\/\/listagil.is\/\"><strong>website<\/strong><\/a><\/p>\n\n\n\n<p>For press inquiries, interviews, or high-res images, please contact: &nbsp;<\/p>\n\n\n\n<p><a href=\"mailto:philine@philinevandervegte.com\">philine@philinevandervegte.com<\/a><\/p>\n\n\n\n<p>+31 634297557<\/p>\n\n\n\n<p><\/p>\n\n\n\n<figure class=\"wp-block-image size-large\"><img loading=\"lazy\" decoding=\"async\" width=\"760\" height=\"1024\" src=\"https:\/\/listagil.is\/wp-content\/uploads\/2025\/04\/8F6EDB43-D460-4FB4-8C80-E5E308034EAB_1_105_c-760x1024.jpg\" alt=\"\" class=\"wp-image-4783\" srcset=\"https:\/\/listagil.is\/wp-content\/uploads\/2025\/04\/8F6EDB43-D460-4FB4-8C80-E5E308034EAB_1_105_c-760x1024.jpg 760w, https:\/\/listagil.is\/wp-content\/uploads\/2025\/04\/8F6EDB43-D460-4FB4-8C80-E5E308034EAB_1_105_c-594x800.jpg 594w, https:\/\/listagil.is\/wp-content\/uploads\/2025\/04\/8F6EDB43-D460-4FB4-8C80-E5E308034EAB_1_105_c.jpg 764w\" sizes=\"auto, (max-width: 760px) 100vw, 760px\" \/><\/figure>\n\n\n\n<p><\/p>\n\n\n\n<figure class=\"wp-block-image size-large\"><img loading=\"lazy\" decoding=\"async\" width=\"752\" height=\"1024\" src=\"https:\/\/listagil.is\/wp-content\/uploads\/2025\/04\/716187E4-2EEC-458B-8F7D-ED4BB002A9F5_1_201_a-752x1024.jpg\" alt=\"\" class=\"wp-image-4784\" srcset=\"https:\/\/listagil.is\/wp-content\/uploads\/2025\/04\/716187E4-2EEC-458B-8F7D-ED4BB002A9F5_1_201_a-752x1024.jpg 752w, https:\/\/listagil.is\/wp-content\/uploads\/2025\/04\/716187E4-2EEC-458B-8F7D-ED4BB002A9F5_1_201_a-588x800.jpg 588w, https:\/\/listagil.is\/wp-content\/uploads\/2025\/04\/716187E4-2EEC-458B-8F7D-ED4BB002A9F5_1_201_a-768x1046.jpg 768w, https:\/\/listagil.is\/wp-content\/uploads\/2025\/04\/716187E4-2EEC-458B-8F7D-ED4BB002A9F5_1_201_a-1128x1536.jpg 1128w, https:\/\/listagil.is\/wp-content\/uploads\/2025\/04\/716187E4-2EEC-458B-8F7D-ED4BB002A9F5_1_201_a.jpg 1300w\" sizes=\"auto, (max-width: 752px) 100vw, 752px\" \/><\/figure>\n\n\n\n<p><\/p>\n\n\n\n<figure class=\"wp-block-image size-large\"><img loading=\"lazy\" decoding=\"async\" width=\"1024\" height=\"754\" src=\"https:\/\/listagil.is\/wp-content\/uploads\/2025\/04\/3377DAE3-CD73-49DB-8E22-B31F87C57A66_1_105_c-1024x754.jpg\" alt=\"\" class=\"wp-image-4785\" srcset=\"https:\/\/listagil.is\/wp-content\/uploads\/2025\/04\/3377DAE3-CD73-49DB-8E22-B31F87C57A66_1_105_c-1024x754.jpg 1024w, https:\/\/listagil.is\/wp-content\/uploads\/2025\/04\/3377DAE3-CD73-49DB-8E22-B31F87C57A66_1_105_c-800x589.jpg 800w, https:\/\/listagil.is\/wp-content\/uploads\/2025\/04\/3377DAE3-CD73-49DB-8E22-B31F87C57A66_1_105_c-768x566.jpg 768w, https:\/\/listagil.is\/wp-content\/uploads\/2025\/04\/3377DAE3-CD73-49DB-8E22-B31F87C57A66_1_105_c.jpg 1033w\" sizes=\"auto, (max-width: 1024px) 100vw, 1024px\" \/><\/figure>\n\n\n\n<p><\/p>\n\n\n\n<figure class=\"wp-block-image size-large\"><img loading=\"lazy\" decoding=\"async\" width=\"1024\" height=\"759\" src=\"https:\/\/listagil.is\/wp-content\/uploads\/2025\/04\/D7A3400B-CB41-4049-B42A-1B1487678059-1024x759.jpg\" alt=\"\" class=\"wp-image-4786\" srcset=\"https:\/\/listagil.is\/wp-content\/uploads\/2025\/04\/D7A3400B-CB41-4049-B42A-1B1487678059-1024x759.jpg 1024w, https:\/\/listagil.is\/wp-content\/uploads\/2025\/04\/D7A3400B-CB41-4049-B42A-1B1487678059-800x593.jpg 800w, https:\/\/listagil.is\/wp-content\/uploads\/2025\/04\/D7A3400B-CB41-4049-B42A-1B1487678059-768x570.jpg 768w, https:\/\/listagil.is\/wp-content\/uploads\/2025\/04\/D7A3400B-CB41-4049-B42A-1B1487678059.jpg 1300w\" sizes=\"auto, (max-width: 1024px) 100vw, 1024px\" \/><\/figure>\n","protected":false},"excerpt":{"rendered":"<p>S\u00fdningin Vinnuhundar eftir hollensku listakonuna Philine van der Vegte opnar \u00ed Deiglunni laugardaginn 19. apr\u00edl. Opnunart\u00edmar: 19. og 20. apr\u00edl 2025 | 14:00\u201317:00 | Deiglan, Kaupvangsstr\u00e6ti 23 \u00e1 Akureyri. A\u00f0eins \u00feessi eina s\u00fdningarhelgi. (English below) \u00cd apr\u00edl tekur&#46;&#46;&#46;<\/p>\n","protected":false},"author":10,"featured_media":4786,"comment_status":"closed","ping_status":"closed","sticky":false,"template":"","format":"standard","meta":{"_exactmetrics_skip_tracking":false,"_exactmetrics_sitenote_active":false,"_exactmetrics_sitenote_note":"","_exactmetrics_sitenote_category":0,"footnotes":""},"categories":[4],"tags":[52,7,42,46,54],"class_list":["post-4781","post","type-post","status-publish","format-standard","has-post-thumbnail","hentry","category-frettir","tag-akureyri","tag-deiglan","tag-gilfelagid","tag-listagilid","tag-syning"],"_links":{"self":[{"href":"https:\/\/listagil.is\/index.php?rest_route=\/wp\/v2\/posts\/4781","targetHints":{"allow":["GET"]}}],"collection":[{"href":"https:\/\/listagil.is\/index.php?rest_route=\/wp\/v2\/posts"}],"about":[{"href":"https:\/\/listagil.is\/index.php?rest_route=\/wp\/v2\/types\/post"}],"author":[{"embeddable":true,"href":"https:\/\/listagil.is\/index.php?rest_route=\/wp\/v2\/users\/10"}],"replies":[{"embeddable":true,"href":"https:\/\/listagil.is\/index.php?rest_route=%2Fwp%2Fv2%2Fcomments&post=4781"}],"version-history":[{"count":5,"href":"https:\/\/listagil.is\/index.php?rest_route=\/wp\/v2\/posts\/4781\/revisions"}],"predecessor-version":[{"id":4791,"href":"https:\/\/listagil.is\/index.php?rest_route=\/wp\/v2\/posts\/4781\/revisions\/4791"}],"wp:featuredmedia":[{"embeddable":true,"href":"https:\/\/listagil.is\/index.php?rest_route=\/wp\/v2\/media\/4786"}],"wp:attachment":[{"href":"https:\/\/listagil.is\/index.php?rest_route=%2Fwp%2Fv2%2Fmedia&parent=4781"}],"wp:term":[{"taxonomy":"category","embeddable":true,"href":"https:\/\/listagil.is\/index.php?rest_route=%2Fwp%2Fv2%2Fcategories&post=4781"},{"taxonomy":"post_tag","embeddable":true,"href":"https:\/\/listagil.is\/index.php?rest_route=%2Fwp%2Fv2%2Ftags&post=4781"}],"curies":[{"name":"wp","href":"https:\/\/api.w.org\/{rel}","templated":true}]}}