{"id":4690,"date":"2025-01-31T11:36:07","date_gmt":"2025-01-31T11:36:07","guid":{"rendered":"https:\/\/listagil.is\/?p=4690"},"modified":"2025-01-31T11:38:32","modified_gmt":"2025-01-31T11:38:32","slug":"vatnslitanamskeid-i-deiglunni","status":"publish","type":"post","link":"https:\/\/listagil.is\/?p=4690","title":{"rendered":"Vatnslitan\u00e1mskei\u00f0 \u00ed Deiglunni"},"content":{"rendered":"\n<p class=\"has-medium-font-size\">Dagana 14. &#8211; 19. febr\u00faar heldur myndlistarma\u00f0urinn Gu\u00f0mundur \u00c1rmann tv\u00f6 vatnslitan\u00e1mskei\u00f0 \u00ed Deiglunni.<\/p>\n\n\n\n<p><\/p>\n\n\n\n<figure class=\"wp-block-image size-large\"><img loading=\"lazy\" decoding=\"async\" width=\"1024\" height=\"695\" src=\"https:\/\/listagil.is\/wp-content\/uploads\/2025\/01\/Garmann1-1-1024x695.jpg\" alt=\"\" class=\"wp-image-4691\" srcset=\"https:\/\/listagil.is\/wp-content\/uploads\/2025\/01\/Garmann1-1-1024x695.jpg 1024w, https:\/\/listagil.is\/wp-content\/uploads\/2025\/01\/Garmann1-1-800x543.jpg 800w, https:\/\/listagil.is\/wp-content\/uploads\/2025\/01\/Garmann1-1-768x521.jpg 768w, https:\/\/listagil.is\/wp-content\/uploads\/2025\/01\/Garmann1-1.jpg 1300w\" sizes=\"auto, (max-width: 1024px) 100vw, 1024px\" \/><\/figure>\n\n\n\n<p><\/p>\n\n\n\n<p>Fyrra n\u00e1mskei\u00f0i\u00f0 hefst\u00a0F\u00f6studag\u00a014. \u00fe\u00e1 byrjum vi\u00f0 kl 16, til 19. Hina dagana kl. 10 til 16.30<\/p>\n\n\n\n<p>Seinna n\u00e1mskei\u00f0i\u00f0 ver\u00f0ur \u00ed beinu framhaldi \u00e1 \u00fev\u00ed fyrra, e\u00f0a m\u00e1nudaginn 17. febr\u00faar til 19.&nbsp;Vi\u00f0 byrjum m\u00e1nudaginn 17. kl 13 ver\u00f0um til kl. 16. Hina dagana kl. 13 til 18.<\/p>\n\n\n\n<p><strong>B\u00e6\u00f0i n\u00e1mskei\u00f0in ver\u00f0a me\u00f0 sama sni\u00f0i.<\/strong><\/p>\n\n\n\n<p><strong>N\u00e1mskei\u00f0sl\u00fdsing:<\/strong><\/p>\n\n\n\n<p>N\u00e1mskei\u00f0i\u00f0 er fyrir byrjendur og \u00fe\u00e1 sem hafa eitthva\u00f0 fengist vi\u00f0 a\u00f0 m\u00e1la me\u00f0 vatnslitum<\/p>\n\n\n\n<p><strong>Helstu \u00e1herslur:<\/strong><\/p>\n\n\n\n<p>\u2022&nbsp;Almennur undirb\u00faningur, fr\u00f3\u00f0leikur um vatnslitat\u00e6kni og mismunandi vatnslita papp\u00edr, l\u00edma upp, e\u00f0a ekki l\u00edma upp.<\/p>\n\n\n\n<p>\u2022&nbsp;Fari\u00f0 ver\u00f0ur \u00ed vatnslitaa\u00f0fer\u00f0ina, a\u00f0&nbsp;<strong>m\u00e1la vott \u00ed vott og velta.<\/strong><\/p>\n\n\n\n<p>\u2022\u00a0Umr\u00e6\u00f0ur\u00a0 um \u00e1rangur nemenda og um vatnslitat\u00e6kni oh efni.<\/p>\n\n\n\n<p class=\"has-vivid-red-color has-text-color has-link-color has-medium-font-size wp-elements-d3522c9e28629758617c4999de2a3653\">ATH. a\u00f0 fullt er \u00e1 b\u00e6\u00f0i n\u00e1mskei\u00f0in. H\u00e6gt er a\u00f0 skr\u00e1 sig \u00e1 bi\u00f0lista hj\u00e1 Gu\u00f0mundi, netfang: <a href=\"mailto:garman@simnet.is\" target=\"_blank\" rel=\"noreferrer noopener\">garman@simnet.is<\/a><\/p>\n\n\n\n<p><\/p>\n\n\n\n<figure class=\"wp-block-image size-large\"><img loading=\"lazy\" decoding=\"async\" width=\"1024\" height=\"695\" src=\"https:\/\/listagil.is\/wp-content\/uploads\/2025\/01\/Garmann3-1-1024x695.jpg\" alt=\"\" class=\"wp-image-4693\" srcset=\"https:\/\/listagil.is\/wp-content\/uploads\/2025\/01\/Garmann3-1-1024x695.jpg 1024w, https:\/\/listagil.is\/wp-content\/uploads\/2025\/01\/Garmann3-1-800x543.jpg 800w, https:\/\/listagil.is\/wp-content\/uploads\/2025\/01\/Garmann3-1-768x521.jpg 768w, https:\/\/listagil.is\/wp-content\/uploads\/2025\/01\/Garmann3-1.jpg 1300w\" sizes=\"auto, (max-width: 1024px) 100vw, 1024px\" \/><\/figure>\n\n\n\n<p><\/p>\n\n\n\n<figure class=\"wp-block-image size-large\"><img loading=\"lazy\" decoding=\"async\" width=\"1024\" height=\"695\" src=\"https:\/\/listagil.is\/wp-content\/uploads\/2025\/01\/Garmann4-1-1024x695.jpg\" alt=\"\" class=\"wp-image-4694\" srcset=\"https:\/\/listagil.is\/wp-content\/uploads\/2025\/01\/Garmann4-1-1024x695.jpg 1024w, https:\/\/listagil.is\/wp-content\/uploads\/2025\/01\/Garmann4-1-800x543.jpg 800w, https:\/\/listagil.is\/wp-content\/uploads\/2025\/01\/Garmann4-1-768x521.jpg 768w, https:\/\/listagil.is\/wp-content\/uploads\/2025\/01\/Garmann4-1.jpg 1300w\" sizes=\"auto, (max-width: 1024px) 100vw, 1024px\" \/><\/figure>\n","protected":false},"excerpt":{"rendered":"<p>Dagana 14. &#8211; 19. febr\u00faar heldur myndlistarma\u00f0urinn Gu\u00f0mundur \u00c1rmann tv\u00f6 vatnslitan\u00e1mskei\u00f0 \u00ed Deiglunni. Fyrra n\u00e1mskei\u00f0i\u00f0 hefst\u00a0F\u00f6studag\u00a014. \u00fe\u00e1 byrjum vi\u00f0 kl 16, til 19. Hina dagana kl. 10 til 16.30 Seinna n\u00e1mskei\u00f0i\u00f0 ver\u00f0ur \u00ed beinu framhaldi \u00e1 \u00fev\u00ed fyrra,&#46;&#46;&#46;<\/p>\n","protected":false},"author":10,"featured_media":4691,"comment_status":"closed","ping_status":"closed","sticky":false,"template":"","format":"standard","meta":{"_exactmetrics_skip_tracking":false,"_exactmetrics_sitenote_active":false,"_exactmetrics_sitenote_note":"","_exactmetrics_sitenote_category":0,"footnotes":""},"categories":[4],"tags":[52,7,10,338],"class_list":["post-4690","post","type-post","status-publish","format-standard","has-post-thumbnail","hentry","category-frettir","tag-akureyri","tag-deiglan","tag-listagil","tag-vatnslitanamskeid"],"_links":{"self":[{"href":"https:\/\/listagil.is\/index.php?rest_route=\/wp\/v2\/posts\/4690","targetHints":{"allow":["GET"]}}],"collection":[{"href":"https:\/\/listagil.is\/index.php?rest_route=\/wp\/v2\/posts"}],"about":[{"href":"https:\/\/listagil.is\/index.php?rest_route=\/wp\/v2\/types\/post"}],"author":[{"embeddable":true,"href":"https:\/\/listagil.is\/index.php?rest_route=\/wp\/v2\/users\/10"}],"replies":[{"embeddable":true,"href":"https:\/\/listagil.is\/index.php?rest_route=%2Fwp%2Fv2%2Fcomments&post=4690"}],"version-history":[{"count":6,"href":"https:\/\/listagil.is\/index.php?rest_route=\/wp\/v2\/posts\/4690\/revisions"}],"predecessor-version":[{"id":4699,"href":"https:\/\/listagil.is\/index.php?rest_route=\/wp\/v2\/posts\/4690\/revisions\/4699"}],"wp:featuredmedia":[{"embeddable":true,"href":"https:\/\/listagil.is\/index.php?rest_route=\/wp\/v2\/media\/4691"}],"wp:attachment":[{"href":"https:\/\/listagil.is\/index.php?rest_route=%2Fwp%2Fv2%2Fmedia&parent=4690"}],"wp:term":[{"taxonomy":"category","embeddable":true,"href":"https:\/\/listagil.is\/index.php?rest_route=%2Fwp%2Fv2%2Fcategories&post=4690"},{"taxonomy":"post_tag","embeddable":true,"href":"https:\/\/listagil.is\/index.php?rest_route=%2Fwp%2Fv2%2Ftags&post=4690"}],"curies":[{"name":"wp","href":"https:\/\/api.w.org\/{rel}","templated":true}]}}