{"id":4617,"date":"2024-11-19T22:06:47","date_gmt":"2024-11-19T22:06:47","guid":{"rendered":"https:\/\/listagil.is\/?p=4617"},"modified":"2024-11-19T22:06:48","modified_gmt":"2024-11-19T22:06:48","slug":"joris-rademaker-og-gudrun-palina-gudmundsdottir-syna-i-deiglunni","status":"publish","type":"post","link":"https:\/\/listagil.is\/?p=4617","title":{"rendered":"Joris Rademaker og Gu\u00f0r\u00fan P\u00e1l\u00edna Gu\u00f0mundsd\u00f3ttir s\u00fdna \u00ed Deiglunni"},"content":{"rendered":"\n<p><\/p>\n\n\n\n<figure class=\"wp-block-image size-large is-resized\"><img loading=\"lazy\" decoding=\"async\" width=\"1024\" height=\"597\" src=\"https:\/\/listagil.is\/wp-content\/uploads\/2024\/11\/jorpal-1024x597.jpg\" alt=\"\" class=\"wp-image-4618\" style=\"width:911px;height:auto\" srcset=\"https:\/\/listagil.is\/wp-content\/uploads\/2024\/11\/jorpal-1024x597.jpg 1024w, https:\/\/listagil.is\/wp-content\/uploads\/2024\/11\/jorpal-800x467.jpg 800w, https:\/\/listagil.is\/wp-content\/uploads\/2024\/11\/jorpal-768x448.jpg 768w, https:\/\/listagil.is\/wp-content\/uploads\/2024\/11\/jorpal.jpg 1200w\" sizes=\"auto, (max-width: 1024px) 100vw, 1024px\" \/><\/figure>\n\n\n\n<p><\/p>\n\n\n\n<p>Joris Rademaker og P\u00e1l\u00edna Gu\u00f0mundsd\u00f3tir s\u00fdna \u00ed Deiglunni helgina 23. og 24. n\u00f3vember s\u00fdningin ver\u00f0ur opin fr\u00e1 14 -17 b\u00e1\u00f0a dagana<\/p>\n\n\n\n<p>Gestalistama\u00f0ur Gilf\u00e9lagsins fyrir n\u00f3ember 2024 afbo\u00f0a\u00f0i sig me\u00f0 \u00f6rsk\u00f6mmum fyrirvara svo \u00ed sta\u00f0inn fyrir a\u00f0 gestavinnustofan st\u00e6\u00f0i t\u00f3m og engar tekjur k\u00e6mu inn fengu Joris Rademaker og P\u00e1l\u00edna Gu\u00f0mundsd\u00f3tir a\u00f0 leigja r\u00fdmi\u00f0 og vinna \u00fear yfir daginn. \u00deau s\u00fdna afrakstur vinnunnar n\u00e6stu helgi \u00fe.e. 23. og 24. n\u00f3vember kl. 14-17.<\/p>\n\n\n\n<p>P\u00e1l\u00edna Gu\u00f0mundsd\u00f3ttir nam myndlist fyrst \u00ed Gautaborg og s\u00ed\u00f0ar \u00ed Hollandi. H\u00fan \u00fatskrifa\u00f0ist fr\u00e1 framhaldsn\u00e1mi \u00ed Jan van Eyck Akademie \u00ed Maastricht 1989 og flutti 1991 til baka til \u00cdslands eftir 16 \u00e1ra b\u00fasetu erlendis. H\u00fan er fyrst og fremst m\u00e1lari og litir og tj\u00e1ningarm\u00e1ttur \u00feeirra helsta vi\u00f0fangsefni\u00f0. H\u00fan hefur unni\u00f0 a\u00f0 list sinni jafnt og \u00fe\u00e9tt eftir heimkomuna og s\u00fdnt reglulega. H\u00fan var b\u00e6jarlistama\u00f0ur Akureyrar 2013 og dvaldi \u00fe\u00e1 h\u00e1lft \u00e1r \u00ed Berlin og vann a\u00f0 m\u00e1lverkum \u00fear. 2016 h\u00e9lt h\u00fan aftur \u00feanga\u00f0 \u00ed h\u00e1lft \u00e1r eftir a\u00f0 hafa fengi\u00f0 sex m\u00e1na\u00f0a starfslaun myndlistamanna. \u00c1 degi \u00edslenskrar tungu 2022 kom \u00fat b\u00f3kin Andlit\/Faces sem fjalla\u00f0i um andlitsmyndir sem h\u00fan hefur unni\u00f0 a\u00f0 s\u00ed\u00f0ustu \u00e1ratugina. B\u00f3kin f\u00e6st \u00ed safnab\u00fa\u00f0um listasafnanna \u00ed Reykjav\u00edk og \u00e1 Akureyri og \u00ed Eymundsson. H\u00fan er einnig \u00e1 b\u00f3kas\u00f6fnum \u00e1 Akureyri og Borgarb\u00f3kasafninu \u00ed Reykjav\u00edk. Heimas\u00ed\u00f0an er <a href=\"http:\/\/palina.is\">palina.is<\/a>&nbsp;<\/p>\n\n\n\n<p>&nbsp;instagram sida pallina.gudmundsdottir.art&nbsp;<\/p>\n\n\n\n<p>Joris Rademaler er hollenskur myndlistama\u00f0ur sem hefur veri\u00f0 b\u00fasettur \u00e1 Akureyri s\u00ed\u00f0an 1991. Hann er mennta\u00f0ur fr\u00e1 m.a. AKI listaakadem\u00edunni \u00ed Enschede sem er \u00cdslendingum vel kunnug vegna fj\u00f6lda myndlistamanna sem \u00fear hafa numi\u00f0 list. Hann var b\u00e6jarlistama\u00f0ur Akureyrar 2006 og dvaldi \u00fe\u00e1 vetrar langt \u00ed Amsterdam og sinnti sinni list \u00fear. Hann hefur veri\u00f0 virkur \u00ed lista og menningarl\u00edfinu \u00e1 Akureyri og s\u00fdnt reglulega. 2010 var hann me\u00f0 st\u00f3ra s\u00fdningu \u00ed \u00f6llu Listasafninu \u00e1 Akureyri og gefin var \u00fat b\u00f3k um verk hans, A\u00f0komuma\u00f0ur, b\u00f3kin f\u00e6st \u00ed safnb\u00fa\u00f0 Listasafnsins \u00e1 Akureyri. Joris hefur unni\u00f0 j\u00f6fnum h\u00f6ndum tv\u00ed- og \u00fer\u00edv\u00ed\u00f0 verk Hann vinnur miki\u00f0 me\u00f0 l\u00edfr\u00e6n efni og fundna hluti sem hann setur saman sem sk\u00falpt\u00fara, en einnig hafa fja\u00f0rir, r\u00e6tur og tr\u00e9 veri\u00f0 \u00e1berandi \u00ed seinni verkum hans \u00e1samt teikningum og myndum m\u00e1lu\u00f0um \u00e1 papp\u00edr.<\/p>\n","protected":false},"excerpt":{"rendered":"<p>Joris Rademaker og P\u00e1l\u00edna Gu\u00f0mundsd\u00f3tir s\u00fdna \u00ed Deiglunni helgina 23. og 24. n\u00f3vember s\u00fdningin ver\u00f0ur opin fr\u00e1 14 -17 b\u00e1\u00f0a dagana Gestalistama\u00f0ur Gilf\u00e9lagsins fyrir n\u00f3ember 2024 afbo\u00f0a\u00f0i sig me\u00f0 \u00f6rsk\u00f6mmum fyrirvara svo \u00ed sta\u00f0inn fyrir a\u00f0 gestavinnustofan st\u00e6\u00f0i&#46;&#46;&#46;<\/p>\n","protected":false},"author":10,"featured_media":4618,"comment_status":"closed","ping_status":"closed","sticky":false,"template":"","format":"standard","meta":{"_exactmetrics_skip_tracking":false,"_exactmetrics_sitenote_active":false,"_exactmetrics_sitenote_note":"","_exactmetrics_sitenote_category":0,"footnotes":""},"categories":[4,73,304],"tags":[52,7,250,46,54],"class_list":["post-4617","post","type-post","status-publish","format-standard","has-post-thumbnail","hentry","category-frettir","category-gestalistamenn","category-gestavinnustofa","tag-akureyri","tag-deiglan","tag-gestalistamadur-is","tag-listagilid","tag-syning"],"_links":{"self":[{"href":"https:\/\/listagil.is\/index.php?rest_route=\/wp\/v2\/posts\/4617","targetHints":{"allow":["GET"]}}],"collection":[{"href":"https:\/\/listagil.is\/index.php?rest_route=\/wp\/v2\/posts"}],"about":[{"href":"https:\/\/listagil.is\/index.php?rest_route=\/wp\/v2\/types\/post"}],"author":[{"embeddable":true,"href":"https:\/\/listagil.is\/index.php?rest_route=\/wp\/v2\/users\/10"}],"replies":[{"embeddable":true,"href":"https:\/\/listagil.is\/index.php?rest_route=%2Fwp%2Fv2%2Fcomments&post=4617"}],"version-history":[{"count":2,"href":"https:\/\/listagil.is\/index.php?rest_route=\/wp\/v2\/posts\/4617\/revisions"}],"predecessor-version":[{"id":4620,"href":"https:\/\/listagil.is\/index.php?rest_route=\/wp\/v2\/posts\/4617\/revisions\/4620"}],"wp:featuredmedia":[{"embeddable":true,"href":"https:\/\/listagil.is\/index.php?rest_route=\/wp\/v2\/media\/4618"}],"wp:attachment":[{"href":"https:\/\/listagil.is\/index.php?rest_route=%2Fwp%2Fv2%2Fmedia&parent=4617"}],"wp:term":[{"taxonomy":"category","embeddable":true,"href":"https:\/\/listagil.is\/index.php?rest_route=%2Fwp%2Fv2%2Fcategories&post=4617"},{"taxonomy":"post_tag","embeddable":true,"href":"https:\/\/listagil.is\/index.php?rest_route=%2Fwp%2Fv2%2Ftags&post=4617"}],"curies":[{"name":"wp","href":"https:\/\/api.w.org\/{rel}","templated":true}]}}