{"id":4420,"date":"2024-07-18T12:03:26","date_gmt":"2024-07-18T12:03:26","guid":{"rendered":"https:\/\/listagil.is\/?p=4420"},"modified":"2024-07-18T12:03:28","modified_gmt":"2024-07-18T12:03:28","slug":"jonathan-smith-2","status":"publish","type":"post","link":"https:\/\/listagil.is\/?p=4420","title":{"rendered":"Jonathan Smith"},"content":{"rendered":"\n<p>Gestalistama\u00f0ur Gilf\u00e9lagsinns \u00ed\u00a0j\u00fal\u00ed 2024.<\/p>\n\n\n\n<p><\/p>\n\n\n\n<div class=\"wp-block-columns is-layout-flex wp-container-core-columns-is-layout-9d6595d7 wp-block-columns-is-layout-flex\">\n<div class=\"wp-block-column is-layout-flow wp-block-column-is-layout-flow\">\n<p><\/p>\n\n\n\n<p>Jonathan Smith b\u00fdr til \u00f3hlutbundin m\u00e1lverk bygg\u00f0 \u00e1 landakortum og gervihnattamyndum. Hann var hrifinn af kortum, atl\u00f6sum og Landsat-lj\u00f3smyndum fr\u00e1 unga aldri en fyrsta tilraun hans me\u00f0 myndm\u00e1l kortanna var seint \u00e1 n\u00edunda \u00e1ratugnum \u00feegar hann var \u00ed framhaldsn\u00e1mi. \u00cd n\u00fdjustu mynd-r\u00f6\u00f0 sinni, The Look of Our Land, hefur hann \u00fer\u00f3a\u00f0 verkin me\u00f0 \u00fev\u00ed a\u00f0 nota a\u00f0fer\u00f0 sem sameinar tv\u00e6r \u00f3l\u00edkar kortamyndir &#8211; \u00f6nnur \u00e1 \u00feunnum hr\u00edsgrj\u00f3napapp\u00edr sem ver\u00f0ur gegns\u00e6r vi\u00f0 samrunan, hin \u00e1 \u00feyngra efni (vi\u00f0), pl\u00f6tu e\u00f0a \u00feungan papp\u00edr). Hann \u00fer\u00f3ar s\u00ed\u00f0an \u00e1fram \u00feessar myndir me\u00f0 \u00fev\u00ed a\u00f0 nota \u00feunn, gagns\u00e6 lital\u00f6g (glj\u00e1a) og b\u00fdr \u00feannig til \u00e1hrif sem mynna \u00e1 gler e\u00f0a gimsteina. Sk\u00e1settar l\u00ednur skera \u00ed gegnum b\u00fatasaum af litum sem grunnur a\u00f0 heildarverkinu.<\/p>\n\n\n\n<p>Jonathan kemur fr\u00e1 sv\u00e6\u00f0inu \u00ed kring um Boston, Massachusetts \u00ed Bandar\u00edkjunum. Hann hefur kennt m\u00e1lun, graf\u00edk og teikningu vi\u00f0 sj\u00e1lfst\u00e6\u00f0an menntask\u00f3la undanfarin 35 \u00e1r. \u00deetta er fyrsta al\u00fej\u00f3\u00f0lega vinnustofudv\u00f6l hans; \u00c1\u00f0ur hefur hann veri\u00f0 \u00ed gestavinnustofu \u00ed su\u00f0urhluta Kaliforn\u00edu \u00e1ri\u00f0 2018.<\/p>\n\n\n\n<p>Jonathan hlaut BA gr\u00e1\u00f0u \u00ed myndlist vi\u00f0 h\u00e1sk\u00f3lann \u00ed New Hampshire og meistaragr\u00e1\u00f0u \u00ed myndlist fr\u00e1 City University of New York, Brooklyn College.<\/p>\n<\/div>\n\n\n\n<div class=\"wp-block-column is-layout-flow wp-block-column-is-layout-flow\">\n<figure class=\"wp-block-image size-medium is-resized\"><img loading=\"lazy\" decoding=\"async\" width=\"621\" height=\"800\" src=\"https:\/\/listagil.is\/wp-content\/uploads\/2024\/07\/Jonathan-621x800.jpg\" alt=\"\" class=\"wp-image-4408\" style=\"width:460px\" srcset=\"https:\/\/listagil.is\/wp-content\/uploads\/2024\/07\/Jonathan-621x800.jpg 621w, https:\/\/listagil.is\/wp-content\/uploads\/2024\/07\/Jonathan-795x1024.jpg 795w, https:\/\/listagil.is\/wp-content\/uploads\/2024\/07\/Jonathan-768x989.jpg 768w, https:\/\/listagil.is\/wp-content\/uploads\/2024\/07\/Jonathan.jpg 854w\" sizes=\"auto, (max-width: 621px) 100vw, 621px\" \/><\/figure>\n<\/div>\n<\/div>\n\n\n\n<p><\/p>\n","protected":false},"excerpt":{"rendered":"<p>Gestalistama\u00f0ur Gilf\u00e9lagsinns \u00ed\u00a0j\u00fal\u00ed 2024. Jonathan Smith b\u00fdr til \u00f3hlutbundin m\u00e1lverk bygg\u00f0 \u00e1 landakortum og gervihnattamyndum. Hann var hrifinn af kortum, atl\u00f6sum og Landsat-lj\u00f3smyndum fr\u00e1 unga aldri en fyrsta tilraun hans me\u00f0 myndm\u00e1l kortanna var seint \u00e1 n\u00edunda \u00e1ratugnum&#46;&#46;&#46;<\/p>\n","protected":false},"author":10,"featured_media":4408,"comment_status":"closed","ping_status":"closed","sticky":false,"template":"","format":"standard","meta":{"_exactmetrics_skip_tracking":false,"_exactmetrics_sitenote_active":false,"_exactmetrics_sitenote_note":"","_exactmetrics_sitenote_category":0,"footnotes":""},"categories":[4,73],"tags":[52,250,42,312],"class_list":["post-4420","post","type-post","status-publish","format-standard","has-post-thumbnail","hentry","category-frettir","category-gestalistamenn","tag-akureyri","tag-gestalistamadur-is","tag-gilfelagid","tag-myndlist"],"_links":{"self":[{"href":"https:\/\/listagil.is\/index.php?rest_route=\/wp\/v2\/posts\/4420","targetHints":{"allow":["GET"]}}],"collection":[{"href":"https:\/\/listagil.is\/index.php?rest_route=\/wp\/v2\/posts"}],"about":[{"href":"https:\/\/listagil.is\/index.php?rest_route=\/wp\/v2\/types\/post"}],"author":[{"embeddable":true,"href":"https:\/\/listagil.is\/index.php?rest_route=\/wp\/v2\/users\/10"}],"replies":[{"embeddable":true,"href":"https:\/\/listagil.is\/index.php?rest_route=%2Fwp%2Fv2%2Fcomments&post=4420"}],"version-history":[{"count":3,"href":"https:\/\/listagil.is\/index.php?rest_route=\/wp\/v2\/posts\/4420\/revisions"}],"predecessor-version":[{"id":4423,"href":"https:\/\/listagil.is\/index.php?rest_route=\/wp\/v2\/posts\/4420\/revisions\/4423"}],"wp:featuredmedia":[{"embeddable":true,"href":"https:\/\/listagil.is\/index.php?rest_route=\/wp\/v2\/media\/4408"}],"wp:attachment":[{"href":"https:\/\/listagil.is\/index.php?rest_route=%2Fwp%2Fv2%2Fmedia&parent=4420"}],"wp:term":[{"taxonomy":"category","embeddable":true,"href":"https:\/\/listagil.is\/index.php?rest_route=%2Fwp%2Fv2%2Fcategories&post=4420"},{"taxonomy":"post_tag","embeddable":true,"href":"https:\/\/listagil.is\/index.php?rest_route=%2Fwp%2Fv2%2Ftags&post=4420"}],"curies":[{"name":"wp","href":"https:\/\/api.w.org\/{rel}","templated":true}]}}