{"id":4157,"date":"2024-04-08T11:40:06","date_gmt":"2024-04-08T11:40:06","guid":{"rendered":"https:\/\/listagil.is\/?p=4157"},"modified":"2024-04-08T11:40:07","modified_gmt":"2024-04-08T11:40:07","slug":"myndlistarverkstaedi-gilfelagsins-barnamenningarhatid-2024","status":"publish","type":"post","link":"https:\/\/listagil.is\/?p=4157","title":{"rendered":"Myndlistarverkst\u00e6\u00f0i Gilf\u00e9lagsins &#8211; Barnamenningarh\u00e1t\u00ed\u00f0 2024"},"content":{"rendered":"\n<p>Hi\u00f0 klass\u00edska myndlistarverkst\u00e6\u00f0i Gilf\u00e9lagsins \u00e1 Barnamenningarh\u00e1t\u00ed\u00f0 ver\u00f0ur laugardaginn 13. apr\u00edl fr\u00e1 12 &#8211; 16.<\/p>\n\n\n\n<p><\/p>\n\n\n\n<figure class=\"wp-block-image size-large\"><img loading=\"lazy\" decoding=\"async\" width=\"1024\" height=\"538\" src=\"https:\/\/listagil.is\/wp-content\/uploads\/2024\/04\/1barna24-1024x538.jpg\" alt=\"\" class=\"wp-image-4158\" srcset=\"https:\/\/listagil.is\/wp-content\/uploads\/2024\/04\/1barna24-1024x538.jpg 1024w, https:\/\/listagil.is\/wp-content\/uploads\/2024\/04\/1barna24-800x420.jpg 800w, https:\/\/listagil.is\/wp-content\/uploads\/2024\/04\/1barna24-768x403.jpg 768w, https:\/\/listagil.is\/wp-content\/uploads\/2024\/04\/1barna24-1536x806.jpg 1536w, https:\/\/listagil.is\/wp-content\/uploads\/2024\/04\/1barna24.jpg 1600w\" sizes=\"auto, (max-width: 1024px) 100vw, 1024px\" \/><\/figure>\n\n\n\n<p>Opi\u00f0 myndlistarverkst\u00e6\u00f0i fyrir b\u00f6rn \u00e1 aldrinum 6 &#8211; 12 \u00e1ra \u00ed Deiglunni laugardaginn 13. apr\u00edl kl. 12:00 &#8211; 16:00. <\/p>\n\n\n\n<p>Til bo\u00f0a stendur a\u00f0 m\u00e1la, gera sk\u00falpt\u00fara \u00far tr\u00e9, papp\u00edr og endurunnu efni. Einnig ver\u00f0ur h\u00e6gt a\u00f0 \u00ferykkja ein\u00ferykk og h\u00e6\u00f0arprent me\u00f0 einf\u00f6ldum efnum \u00e1 papp\u00edr. Myndlistarmenn og kennarar lei\u00f0beina. <\/p>\n\n\n\n<p>B\u00f6rnin geta komi\u00f0 og veri\u00f0 eins lengi e\u00f0a stutt og \u00feau vilja og pr\u00f3fa\u00f0 \u00fdmsa mi\u00f0la. B\u00f6rnin geta teki\u00f0 verkin me\u00f0 s\u00e9r heim \u00ed dagslok.<\/p>\n","protected":false},"excerpt":{"rendered":"<p>Hi\u00f0 klass\u00edska myndlistarverkst\u00e6\u00f0i Gilf\u00e9lagsins \u00e1 Barnamenningarh\u00e1t\u00ed\u00f0 ver\u00f0ur laugardaginn 13. apr\u00edl fr\u00e1 12 &#8211; 16. Opi\u00f0 myndlistarverkst\u00e6\u00f0i fyrir b\u00f6rn \u00e1 aldrinum 6 &#8211; 12 \u00e1ra \u00ed Deiglunni laugardaginn 13. apr\u00edl kl. 12:00 &#8211; 16:00. Til bo\u00f0a stendur a\u00f0 m\u00e1la,&#46;&#46;&#46;<\/p>\n","protected":false},"author":10,"featured_media":4158,"comment_status":"closed","ping_status":"closed","sticky":false,"template":"","format":"standard","meta":{"_exactmetrics_skip_tracking":false,"_exactmetrics_sitenote_active":false,"_exactmetrics_sitenote_note":"","_exactmetrics_sitenote_category":0,"footnotes":""},"categories":[4],"tags":[268,271,7,10],"class_list":["post-4157","post","type-post","status-publish","format-standard","has-post-thumbnail","hentry","category-frettir","tag-barnamenningarhatid","tag-born","tag-deiglan","tag-listagil"],"_links":{"self":[{"href":"https:\/\/listagil.is\/index.php?rest_route=\/wp\/v2\/posts\/4157","targetHints":{"allow":["GET"]}}],"collection":[{"href":"https:\/\/listagil.is\/index.php?rest_route=\/wp\/v2\/posts"}],"about":[{"href":"https:\/\/listagil.is\/index.php?rest_route=\/wp\/v2\/types\/post"}],"author":[{"embeddable":true,"href":"https:\/\/listagil.is\/index.php?rest_route=\/wp\/v2\/users\/10"}],"replies":[{"embeddable":true,"href":"https:\/\/listagil.is\/index.php?rest_route=%2Fwp%2Fv2%2Fcomments&post=4157"}],"version-history":[{"count":2,"href":"https:\/\/listagil.is\/index.php?rest_route=\/wp\/v2\/posts\/4157\/revisions"}],"predecessor-version":[{"id":4160,"href":"https:\/\/listagil.is\/index.php?rest_route=\/wp\/v2\/posts\/4157\/revisions\/4160"}],"wp:featuredmedia":[{"embeddable":true,"href":"https:\/\/listagil.is\/index.php?rest_route=\/wp\/v2\/media\/4158"}],"wp:attachment":[{"href":"https:\/\/listagil.is\/index.php?rest_route=%2Fwp%2Fv2%2Fmedia&parent=4157"}],"wp:term":[{"taxonomy":"category","embeddable":true,"href":"https:\/\/listagil.is\/index.php?rest_route=%2Fwp%2Fv2%2Fcategories&post=4157"},{"taxonomy":"post_tag","embeddable":true,"href":"https:\/\/listagil.is\/index.php?rest_route=%2Fwp%2Fv2%2Ftags&post=4157"}],"curies":[{"name":"wp","href":"https:\/\/api.w.org\/{rel}","templated":true}]}}