{"id":4112,"date":"2024-02-13T15:45:40","date_gmt":"2024-02-13T15:45:40","guid":{"rendered":"https:\/\/listagil.is\/?p=4112"},"modified":"2024-02-13T15:45:41","modified_gmt":"2024-02-13T15:45:41","slug":"kulur-karolina-baldvinsdottir-synir-i-deiglunni","status":"publish","type":"post","link":"https:\/\/listagil.is\/?p=4112","title":{"rendered":"K\u00falur, Kar\u00f3l\u00edna Baldvinsd\u00f3ttir s\u00fdnir \u00ed Deiglunni."},"content":{"rendered":"\n<p><\/p>\n\n\n\n<p>Myndlistars\u00fdning Kar\u00f3l\u00ednu Baldvinsd\u00f3ttur opnar f\u00f6studaginn 16. febr\u00faar kl 19.00.<\/p>\n\n\n\n<p><\/p>\n\n\n\n<figure class=\"wp-block-image size-large\"><img loading=\"lazy\" decoding=\"async\" width=\"1024\" height=\"473\" src=\"https:\/\/listagil.is\/wp-content\/uploads\/2024\/02\/karo1-1024x473.jpg\" alt=\"\" class=\"wp-image-4113\" srcset=\"https:\/\/listagil.is\/wp-content\/uploads\/2024\/02\/karo1-1024x473.jpg 1024w, https:\/\/listagil.is\/wp-content\/uploads\/2024\/02\/karo1-800x370.jpg 800w, https:\/\/listagil.is\/wp-content\/uploads\/2024\/02\/karo1-768x355.jpg 768w, https:\/\/listagil.is\/wp-content\/uploads\/2024\/02\/karo1.jpg 1300w\" sizes=\"auto, (max-width: 1024px) 100vw, 1024px\" \/><\/figure>\n\n\n\n<p><\/p>\n\n\n\n<p>Opnar f\u00f6studaginn 16.febr\u00faar, opi\u00f0 laugardag og sunnudag kl 14-17. Einungis \u00feessi eina s\u00fdningarhelgi, <\/p>\n\n\n\n<p>Listama\u00f0urinn s\u00fdnir me\u00f0al annars m\u00e1lverk sem eru afrakstur bar\u00e1ttunnar vi\u00f0 t\u00edmann og hringformi\u00f0 \u00ed \u00fdmsum \u00fatg\u00e1fum, \u00e1samt framhaldsverkum me\u00f0 s\u00f6gur.&nbsp;<\/p>\n\n\n\n<p>Er t\u00edminn k\u00fala?<\/p>\n\n\n\n<p>Tilraunir listamanns til a\u00f0 brj\u00f3tast \u00far hringr\u00e1s eigin hugsana, endar einhvernveginn alltaf aftur \u00ed hring og heldur \u00e1fram hring eftir hring. &#8230; kannski er t\u00edminn k\u00fala, form sem aldrei sest, endurtekning sem aldrei n\u00e6r enda.<\/p>\n\n\n\n<p>Kar\u00f3l\u00edna Baldvinsd\u00f3ttir er \u00fatskrifu\u00f0 \u00far Myndlistarsk\u00f3lanum \u00e1 Akureyri \u00e1ri\u00f0 2014. H\u00fan hefur haldi\u00f0 fj\u00f6lda einkas\u00fdninga og teki\u00f0 \u00fe\u00e1tt \u00ed sams\u00fdningum h\u00e9r \u00e1 landi og erlendis. H\u00fan var forma\u00f0ur Myndlistarf\u00e9lagsins \u00e1 Akureyri 2018-2022 og starfar sem kennari \u00ed Menntask\u00f3lanum \u00e1 Tr\u00f6llaskaga. Kar\u00f3l\u00edna situr n\u00fa \u00ed stj\u00f3rn Myndlistarf\u00e9lagsins sem og Gilf\u00e9lagsins \u00e1 Akureyri, \u00fear sem h\u00fan hefur komi\u00f0 \u00e1 f\u00f3t Samlaginu, sk\u00f6punarverkst\u00e6\u00f0i, sem b\u00fd\u00f0ur upp \u00e1 listn\u00e1mskei\u00f0 fyrir b\u00f6rn og unglinga. H\u00fan var einn af stj\u00f3rnendum og stofnendum listaverkefnisins R\u00f3T, sem starfr\u00e6kt var \u00e1 Akureyri fr\u00e1 2014 til 2020 me\u00f0 hl\u00e9um og einnig me\u00f0limur \u00ed listh\u00f3pnum Kaktus. M\u00e1lverki\u00f0 er helsti mi\u00f0ill Kar\u00f3l\u00ednu en hugmyndin stj\u00f3rnar \u00fe\u00f3 \u00fatf\u00e6rslunni eftir \u00fev\u00ed sem vi\u00f0 \u00e1.<\/p>\n\n\n\n<p>\/<\/p>\n\n\n\n<p>The art exhibition K\u00falur \/ Balls opens on Friday, February 16th at 19:00, at Deiglan, Listagili\u00f0 in Akureyri.&nbsp;<\/p>\n\n\n\n<p>It will only be open for this one weekend, Saturday and Sunday from 14:00 to 17:00.<\/p>\n\n\n\n<p>The artist presents, among other things, paintings that are the result of the struggle with time and the circular form in various interpretations, along with follow-up works with stories.<\/p>\n\n\n\n<p>Is time a ball?<\/p>\n\n\n\n<p>The artist&#8217;s attempts to break out of the circularity of their own thoughts always end up back in a loop, continuing round and round.<\/p>\n\n\n\n<p>&#8230; perhaps time is a sphere, a form that is never settled, repetition that never reaches an end.<\/p>\n\n\n\n<p>Kar\u00f3l\u00edna Baldvinsd\u00f3ttir graduated from the Myndlistarsk\u00f3linn in Akureyri in 2014. She has held numerous solo exhibitions and participated in group exhibitions both in Iceland and abroad. She served as the chairman of the Myndlistarf\u00e9lagi\u00f0 in Akureyri from 2018 to 2022 and currently works as a teacher at Menntask\u00f3linn \u00e1 Tr\u00f6llaskaga. Kar\u00f3l\u00edna now serves on the board of both the Myndlistarf\u00e9lagi\u00f0 and Gilf\u00e9lagi\u00f0 in Akureyri, where she has initiated Samlagi\u00f0, a creative workshop offering art courses for children and teenagers. She was one of the directors and founders of the art project R\u00f3T, which operated in Akureyri from 2014 to 2020 intermittently, and also a member of the art group Kaktus. Painting is Kar\u00f3l\u00edna&#8217;s primary medium, but the idea dictates the execution according to the circumstances.<\/p>\n","protected":false},"excerpt":{"rendered":"<p>Myndlistars\u00fdning Kar\u00f3l\u00ednu Baldvinsd\u00f3ttur opnar f\u00f6studaginn 16. febr\u00faar kl 19.00. Opnar f\u00f6studaginn 16.febr\u00faar, opi\u00f0 laugardag og sunnudag kl 14-17. Einungis \u00feessi eina s\u00fdningarhelgi, Listama\u00f0urinn s\u00fdnir me\u00f0al annars m\u00e1lverk sem eru afrakstur bar\u00e1ttunnar vi\u00f0 t\u00edmann og hringformi\u00f0 \u00ed \u00fdmsum \u00fatg\u00e1fum,&#46;&#46;&#46;<\/p>\n","protected":false},"author":10,"featured_media":4113,"comment_status":"closed","ping_status":"closed","sticky":false,"template":"","format":"standard","meta":{"_exactmetrics_skip_tracking":false,"_exactmetrics_sitenote_active":false,"_exactmetrics_sitenote_note":"","_exactmetrics_sitenote_category":0,"footnotes":""},"categories":[4],"tags":[52,7,10,46,54],"class_list":["post-4112","post","type-post","status-publish","format-standard","has-post-thumbnail","hentry","category-frettir","tag-akureyri","tag-deiglan","tag-listagil","tag-listagilid","tag-syning"],"_links":{"self":[{"href":"https:\/\/listagil.is\/index.php?rest_route=\/wp\/v2\/posts\/4112","targetHints":{"allow":["GET"]}}],"collection":[{"href":"https:\/\/listagil.is\/index.php?rest_route=\/wp\/v2\/posts"}],"about":[{"href":"https:\/\/listagil.is\/index.php?rest_route=\/wp\/v2\/types\/post"}],"author":[{"embeddable":true,"href":"https:\/\/listagil.is\/index.php?rest_route=\/wp\/v2\/users\/10"}],"replies":[{"embeddable":true,"href":"https:\/\/listagil.is\/index.php?rest_route=%2Fwp%2Fv2%2Fcomments&post=4112"}],"version-history":[{"count":5,"href":"https:\/\/listagil.is\/index.php?rest_route=\/wp\/v2\/posts\/4112\/revisions"}],"predecessor-version":[{"id":4118,"href":"https:\/\/listagil.is\/index.php?rest_route=\/wp\/v2\/posts\/4112\/revisions\/4118"}],"wp:featuredmedia":[{"embeddable":true,"href":"https:\/\/listagil.is\/index.php?rest_route=\/wp\/v2\/media\/4113"}],"wp:attachment":[{"href":"https:\/\/listagil.is\/index.php?rest_route=%2Fwp%2Fv2%2Fmedia&parent=4112"}],"wp:term":[{"taxonomy":"category","embeddable":true,"href":"https:\/\/listagil.is\/index.php?rest_route=%2Fwp%2Fv2%2Fcategories&post=4112"},{"taxonomy":"post_tag","embeddable":true,"href":"https:\/\/listagil.is\/index.php?rest_route=%2Fwp%2Fv2%2Ftags&post=4112"}],"curies":[{"name":"wp","href":"https:\/\/api.w.org\/{rel}","templated":true}]}}