{"id":4100,"date":"2024-01-23T21:13:05","date_gmt":"2024-01-23T21:13:05","guid":{"rendered":"https:\/\/listagil.is\/?p=4100"},"modified":"2024-01-24T13:02:43","modified_gmt":"2024-01-24T13:02:43","slug":"after-the-birds-silence-ad-lokinni-thogn-fuglsins","status":"publish","type":"post","link":"https:\/\/listagil.is\/?p=4100","title":{"rendered":"After the Birds Silence &#8211; A\u00f0 lokinni \u00fe\u00f6gn fuglsins"},"content":{"rendered":"\n<p>S\u00fdning Mariana Arda \u00ed Deiglunni helgina 27. og 28. jan\u00faar.<\/p>\n\n\n\n<figure class=\"wp-block-image size-large\"><img loading=\"lazy\" decoding=\"async\" width=\"1024\" height=\"1024\" src=\"http:\/\/listagil.is\/wp-content\/uploads\/2024\/01\/Arda2-1024x1024.jpg\" alt=\"\" class=\"wp-image-4097\" srcset=\"https:\/\/listagil.is\/wp-content\/uploads\/2024\/01\/Arda2-1024x1024.jpg 1024w, https:\/\/listagil.is\/wp-content\/uploads\/2024\/01\/Arda2-800x800.jpg 800w, https:\/\/listagil.is\/wp-content\/uploads\/2024\/01\/Arda2-150x150.jpg 150w, https:\/\/listagil.is\/wp-content\/uploads\/2024\/01\/Arda2-768x768.jpg 768w, https:\/\/listagil.is\/wp-content\/uploads\/2024\/01\/Arda2-80x80.jpg 80w, https:\/\/listagil.is\/wp-content\/uploads\/2024\/01\/Arda2-320x320.jpg 320w, https:\/\/listagil.is\/wp-content\/uploads\/2024\/01\/Arda2.jpg 1200w\" sizes=\"auto, (max-width: 1024px) 100vw, 1024px\" \/><\/figure>\n\n\n\n<p><\/p>\n\n\n\n<p>Opnun laugardag 27. jan\u00faar kl.14.00 opi\u00f0 sunnudag 28. jan\u00faar fr\u00e1 14 &#8211; 17. A\u00f0eins \u00feessa einu helgi<\/p>\n\n\n\n<p>Mariana Arda, s\u00fdnir verk s\u00edn eftir dv\u00f6lina \u00ed gestavinnustofu Gilf\u00e9lagsinns \u00ed jan\u00faar.<\/p>\n\n\n\n<p>Mariana Arda er myndlistarkona sem gjarnan s\u00f6kkvir s\u00e9r ni\u00f0ur \u00ed \u00f3l\u00edk svi\u00f0 listr\u00e6nnar sk\u00f6punar og \u00fatf\u00e6rir verk s\u00edn \u00ed teikningar, m\u00e1lverk, klippimyndir e\u00f0a kvikmyndir.<\/p>\n\n\n\n<p>Arda \u00f3lst upp \u00ed Odemira, einst\u00f6ku \u00feorpi \u00ed dal skreyttum hv\u00edtum h\u00fasum og \u00e1 \u00ed Su\u00f0vestur-Port\u00fagal. H\u00fan \u00feakkar einfaldleikanum og r\u00f3 uppeldis s\u00edns \u00ed sveitinni mikla n\u00e6mni s\u00edna. \u201eA\u00f0 alast upp \u00ed Odemira var a\u00f0 vaxa \u00far grasi \u00e1 takti t\u00edma alsn\u00e6gta, einfaldleika og \u00feakkl\u00e6tis fyrir hversdagsleikanum.&#8221; S\u00ed\u00f0an h\u00fan lauk meistaran\u00e1mi \u00ed arkitekt\u00far \u00ed l\u00edflegum borgum: Lissabon og Feneyjum, hefur s\u00fa fr\u00e6\u00f0ilega vegfer\u00f0 haft veruleg \u00e1hrif \u00e1 listr\u00e6na \u00fer\u00f3un Arda.<\/p>\n\n\n\n<p>H\u00fan blandar saman hli\u00f0st\u00e6\u00f0um ferlum og lagskiptum stafr\u00e6num ferlum og byggir \u00feannig upp vef af verkum. Fyrir Arda er \u00e1horfandinn einnig hluti verksins e\u00f0a me\u00f0flytjandi, \u00deannig er fullkomnun verksins ekki a\u00f0eins vi\u00f0taka heldur virk \u00fe\u00e1ttaka \u00e1horfendans, hvort sem er \u00ed r\u00fdmislegu samhengi e\u00f0a \u00ed beinu samspili vi\u00f0 listaverki\u00f0.<\/p>\n\n\n\n<p>Verk Arda fanga ekki a\u00f0eins hennar pers\u00f3nulega fer\u00f0alag heldur einnig hina einf\u00f6ldu sammannlegu upplifun. \u00deau kanna samspil sm\u00e1atri\u00f0a vi\u00f0 v\u00ed\u00f0\u00e1ttur r\u00fdmisins \u00ed mannlegu varnarleysi. Fr\u00e1 hennar sj\u00f3narh\u00f3li er \u00fea\u00f0 a\u00f0 kafa ofan \u00ed \u00feennann veruleika, \u00fea\u00f0 sem kveikir sk\u00f6punarg\u00e1funa. \u201eS\u00e9rst\u00e6ku sm\u00e1atri\u00f0in sem vi\u00f0 byggjum raunveruleika okkar \u00e1 eru \u00feau sem f\u00e6ra m\u00e9r tilganginn til a\u00f0 skapa og deila, einhverju sem er \u00f6rugglega ekki n\u00fdtt en eitthva\u00f0 sem er nau\u00f0syn a\u00f0 endursegja \u00e1 minn s\u00e9rstaka h\u00e1tt.<\/p>\n\n\n\n<p>Um s\u00fdninguna.<\/p>\n\n\n\n<p>&#8216;After the Birds Silence&#8217; delves into the internal process that unfolds during moments of profound solitude, as we willingly expose ourselves to our silence.<\/p>\n\n\n\n<p>In the contemporary world, silence is a rare gem awaiting rediscovery\u2014not due to its absence, but rather the non-existing coexistence with it. When granted a brief opportunity to embrace it, an intensely almost unbearable silence surfaces, the terrifying personal silence known only to ourselves becomes audible. The apprehension of experiencing it is rooted in the understanding that it brings forth a multitude of questions.<\/p>\n\n\n\n<p>This artistic endeavor serves as a portal into a multi-layered narrative, expressed through introspective prose that underscores the significance of embracing solitude. It accentuates the necessity of being present within our internal tumultuous silence. The exhibition extends this experience onto the Icelandic landscape, utilizing the metaphor of mountains to symbolize distinct phases of the process. It\u2019s an internal dematerialization that happens when we delve into the essence of our silence and reveal the cascade of our thoughts, worries, fears, and dreams.<\/p>\n\n\n\n<p>During this dematerialization, we witnessed a unique period that guides us towards an inevitable acceptance of our vulnerability to the world. The beauty of this acceptance lies in the \u201cafter\u201d, a state that ideally projects an intuitive continuity through an open window \u2014a continuous exploration and understanding of oneself in relation to the vulnerability of being now on the other side of the window.<\/p>\n\n\n\n<p><\/p>\n\n\n\n<figure class=\"wp-block-image size-large\"><img loading=\"lazy\" decoding=\"async\" width=\"1024\" height=\"724\" src=\"http:\/\/listagil.is\/wp-content\/uploads\/2024\/01\/arda3-1024x724.jpg\" alt=\"\" class=\"wp-image-4107\" srcset=\"https:\/\/listagil.is\/wp-content\/uploads\/2024\/01\/arda3-1024x724.jpg 1024w, https:\/\/listagil.is\/wp-content\/uploads\/2024\/01\/arda3-800x566.jpg 800w, https:\/\/listagil.is\/wp-content\/uploads\/2024\/01\/arda3-768x543.jpg 768w, https:\/\/listagil.is\/wp-content\/uploads\/2024\/01\/arda3.jpg 1100w\" sizes=\"auto, (max-width: 1024px) 100vw, 1024px\" \/><\/figure>\n\n\n\n<p><\/p>\n\n\n\n<figure class=\"wp-block-image size-large\"><img loading=\"lazy\" decoding=\"async\" width=\"1024\" height=\"724\" src=\"https:\/\/listagil.is\/wp-content\/uploads\/2024\/01\/arda4-1024x724.jpg\" alt=\"\" class=\"wp-image-4109\" srcset=\"https:\/\/listagil.is\/wp-content\/uploads\/2024\/01\/arda4-1024x724.jpg 1024w, https:\/\/listagil.is\/wp-content\/uploads\/2024\/01\/arda4-800x566.jpg 800w, https:\/\/listagil.is\/wp-content\/uploads\/2024\/01\/arda4-768x543.jpg 768w, https:\/\/listagil.is\/wp-content\/uploads\/2024\/01\/arda4.jpg 1100w\" sizes=\"auto, (max-width: 1024px) 100vw, 1024px\" \/><\/figure>\n","protected":false},"excerpt":{"rendered":"<p>S\u00fdning Mariana Arda \u00ed Deiglunni helgina 27. og 28. jan\u00faar. Opnun laugardag 27. jan\u00faar kl.14.00 opi\u00f0 sunnudag 28. jan\u00faar fr\u00e1 14 &#8211; 17. A\u00f0eins \u00feessa einu helgi Mariana Arda, s\u00fdnir verk s\u00edn eftir dv\u00f6lina \u00ed gestavinnustofu Gilf\u00e9lagsinns \u00ed&#46;&#46;&#46;<\/p>\n","protected":false},"author":10,"featured_media":4097,"comment_status":"closed","ping_status":"closed","sticky":false,"template":"","format":"standard","meta":{"_exactmetrics_skip_tracking":false,"_exactmetrics_sitenote_active":false,"_exactmetrics_sitenote_note":"","_exactmetrics_sitenote_category":0,"footnotes":""},"categories":[4],"tags":[52,7,250,54],"class_list":["post-4100","post","type-post","status-publish","format-standard","has-post-thumbnail","hentry","category-frettir","tag-akureyri","tag-deiglan","tag-gestalistamadur-is","tag-syning"],"_links":{"self":[{"href":"https:\/\/listagil.is\/index.php?rest_route=\/wp\/v2\/posts\/4100","targetHints":{"allow":["GET"]}}],"collection":[{"href":"https:\/\/listagil.is\/index.php?rest_route=\/wp\/v2\/posts"}],"about":[{"href":"https:\/\/listagil.is\/index.php?rest_route=\/wp\/v2\/types\/post"}],"author":[{"embeddable":true,"href":"https:\/\/listagil.is\/index.php?rest_route=\/wp\/v2\/users\/10"}],"replies":[{"embeddable":true,"href":"https:\/\/listagil.is\/index.php?rest_route=%2Fwp%2Fv2%2Fcomments&post=4100"}],"version-history":[{"count":3,"href":"https:\/\/listagil.is\/index.php?rest_route=\/wp\/v2\/posts\/4100\/revisions"}],"predecessor-version":[{"id":4110,"href":"https:\/\/listagil.is\/index.php?rest_route=\/wp\/v2\/posts\/4100\/revisions\/4110"}],"wp:featuredmedia":[{"embeddable":true,"href":"https:\/\/listagil.is\/index.php?rest_route=\/wp\/v2\/media\/4097"}],"wp:attachment":[{"href":"https:\/\/listagil.is\/index.php?rest_route=%2Fwp%2Fv2%2Fmedia&parent=4100"}],"wp:term":[{"taxonomy":"category","embeddable":true,"href":"https:\/\/listagil.is\/index.php?rest_route=%2Fwp%2Fv2%2Fcategories&post=4100"},{"taxonomy":"post_tag","embeddable":true,"href":"https:\/\/listagil.is\/index.php?rest_route=%2Fwp%2Fv2%2Ftags&post=4100"}],"curies":[{"name":"wp","href":"https:\/\/api.w.org\/{rel}","templated":true}]}}