{"id":4011,"date":"2023-11-14T11:21:14","date_gmt":"2023-11-14T11:21:14","guid":{"rendered":"http:\/\/listagil.is\/?p=4011"},"modified":"2023-11-14T11:21:14","modified_gmt":"2023-11-14T11:21:14","slug":"boreal-i-deiglunni","status":"publish","type":"post","link":"https:\/\/listagil.is\/?p=4011","title":{"rendered":"Boreal \u00ed Deiglunni"},"content":{"rendered":"\n<p>Gilf\u00e9lagi\u00f0 er stoltur samstarfsa\u00f0ili Boreal\u00a0Screendance\u00a0Festival sem er m\u00e6tt \u00ed Listagili\u00f0 \u00ed fj\u00f3r\u00f0a skifti\u00f0. Vi\u00f0 bj\u00f3\u00f0um magna\u00f0a dagskr\u00e1 sem m\u00e1 sj\u00e1 h\u00e9r fyrir ne\u00f0an:<\/p>\n\n\n\n<p><\/p>\n\n\n\n<p><\/p>\n\n\n\n<figure class=\"wp-block-image size-large\"><img loading=\"lazy\" decoding=\"async\" width=\"1024\" height=\"630\" src=\"http:\/\/listagil.is\/wp-content\/uploads\/2023\/11\/boreal-deigla-1024x630.jpg\" alt=\"\" class=\"wp-image-4013\" srcset=\"https:\/\/listagil.is\/wp-content\/uploads\/2023\/11\/boreal-deigla-1024x630.jpg 1024w, https:\/\/listagil.is\/wp-content\/uploads\/2023\/11\/boreal-deigla-800x492.jpg 800w, https:\/\/listagil.is\/wp-content\/uploads\/2023\/11\/boreal-deigla-768x473.jpg 768w, https:\/\/listagil.is\/wp-content\/uploads\/2023\/11\/boreal-deigla.jpg 1300w\" sizes=\"auto, (max-width: 1024px) 100vw, 1024px\" \/><\/figure>\n\n\n\n<p><\/p>\n\n\n\n<p><a href=\"http:\/\/borealak.is\" target=\"_blank\" rel=\"noreferrer noopener\">www.borealak.is<\/a> er vefs\u00ed\u00f0a h\u00e1t\u00ed\u00f0arinnar<\/p>\n","protected":false},"excerpt":{"rendered":"<p>Gilf\u00e9lagi\u00f0 er stoltur samstarfsa\u00f0ili Boreal\u00a0Screendance\u00a0Festival sem er m\u00e6tt \u00ed Listagili\u00f0 \u00ed fj\u00f3r\u00f0a skifti\u00f0. Vi\u00f0 bj\u00f3\u00f0um magna\u00f0a dagskr\u00e1 sem m\u00e1 sj\u00e1 h\u00e9r fyrir ne\u00f0an: www.borealak.is er vefs\u00ed\u00f0a h\u00e1t\u00ed\u00f0arinnar<\/p>\n","protected":false},"author":10,"featured_media":4012,"comment_status":"closed","ping_status":"closed","sticky":false,"template":"","format":"standard","meta":{"_exactmetrics_skip_tracking":false,"_exactmetrics_sitenote_active":false,"_exactmetrics_sitenote_note":"","_exactmetrics_sitenote_category":0,"footnotes":""},"categories":[4],"tags":[52,7,42,10,54,212],"class_list":["post-4011","post","type-post","status-publish","format-standard","has-post-thumbnail","hentry","category-frettir","tag-akureyri","tag-deiglan","tag-gilfelagid","tag-listagil","tag-syning","tag-video-art-festival"],"_links":{"self":[{"href":"https:\/\/listagil.is\/index.php?rest_route=\/wp\/v2\/posts\/4011","targetHints":{"allow":["GET"]}}],"collection":[{"href":"https:\/\/listagil.is\/index.php?rest_route=\/wp\/v2\/posts"}],"about":[{"href":"https:\/\/listagil.is\/index.php?rest_route=\/wp\/v2\/types\/post"}],"author":[{"embeddable":true,"href":"https:\/\/listagil.is\/index.php?rest_route=\/wp\/v2\/users\/10"}],"replies":[{"embeddable":true,"href":"https:\/\/listagil.is\/index.php?rest_route=%2Fwp%2Fv2%2Fcomments&post=4011"}],"version-history":[{"count":1,"href":"https:\/\/listagil.is\/index.php?rest_route=\/wp\/v2\/posts\/4011\/revisions"}],"predecessor-version":[{"id":4014,"href":"https:\/\/listagil.is\/index.php?rest_route=\/wp\/v2\/posts\/4011\/revisions\/4014"}],"wp:featuredmedia":[{"embeddable":true,"href":"https:\/\/listagil.is\/index.php?rest_route=\/wp\/v2\/media\/4012"}],"wp:attachment":[{"href":"https:\/\/listagil.is\/index.php?rest_route=%2Fwp%2Fv2%2Fmedia&parent=4011"}],"wp:term":[{"taxonomy":"category","embeddable":true,"href":"https:\/\/listagil.is\/index.php?rest_route=%2Fwp%2Fv2%2Fcategories&post=4011"},{"taxonomy":"post_tag","embeddable":true,"href":"https:\/\/listagil.is\/index.php?rest_route=%2Fwp%2Fv2%2Ftags&post=4011"}],"curies":[{"name":"wp","href":"https:\/\/api.w.org\/{rel}","templated":true}]}}