{"id":3848,"date":"2023-06-29T10:08:17","date_gmt":"2023-06-29T10:08:17","guid":{"rendered":"http:\/\/listagil.is\/?p=3848"},"modified":"2023-06-29T10:09:35","modified_gmt":"2023-06-29T10:09:35","slug":"2-x-70","status":"publish","type":"post","link":"https:\/\/listagil.is\/?p=3848","title":{"rendered":"2 x 70"},"content":{"rendered":"\n<p>Laugardaginn 8. j\u00fal\u00ed kl. 13.00 opna \u00fe\u00e6r  Sesselja B. J\u00f3nsd\u00f3ttir og Margr\u00e9t B. Kristbj\u00f6rnsd\u00f3ttir m\u00e1lverkas\u00fdningu \u00ed Deiglunni. <\/p>\n\n\n\n<p><\/p>\n\n\n<div class=\"wp-block-image\">\n<figure class=\"aligncenter size-large\"><img loading=\"lazy\" decoding=\"async\" width=\"1024\" height=\"785\" src=\"http:\/\/listagil.is\/wp-content\/uploads\/2023\/06\/20230628_130851-1024x785.jpg\" alt=\"\" class=\"wp-image-3850\" srcset=\"https:\/\/listagil.is\/wp-content\/uploads\/2023\/06\/20230628_130851-1024x785.jpg 1024w, https:\/\/listagil.is\/wp-content\/uploads\/2023\/06\/20230628_130851-800x613.jpg 800w, https:\/\/listagil.is\/wp-content\/uploads\/2023\/06\/20230628_130851-768x589.jpg 768w, https:\/\/listagil.is\/wp-content\/uploads\/2023\/06\/20230628_130851.jpg 1100w\" sizes=\"auto, (max-width: 1024px) 100vw, 1024px\" \/><\/figure><\/div>\n\n\n<p><\/p>\n\n\n\n<div class=\"wp-block-columns is-layout-flex wp-container-core-columns-is-layout-9d6595d7 wp-block-columns-is-layout-flex\">\n<div class=\"wp-block-column is-layout-flow wp-block-column-is-layout-flow\" style=\"flex-basis:66.66%\">\n<p>M\u00e1gkonurnar Sesselja B. J\u00f3nsd\u00f3ttir og Margr\u00e9t B. Kristbj\u00f6rnsd\u00f3ttir eru n\u00fdlega or\u00f0nar 70 \u00e1ra, af \u00fev\u00ed tilefni \u00e1kv\u00e1\u00f0u \u00fe\u00e6r a\u00f0 halda s\u00fdningu \u00e1 myndum sem \u00fe\u00e6r hafa a\u00f0 m\u00e1la\u00f0 undanfarin \u00e1r.\u00a0<\/p>\n\n\n\n<p>B\u00e1\u00f0ar stundu\u00f0u \u00fe\u00e6r n\u00e1m \u00ed myndlist vi\u00f0 Myndlistarsk\u00f3la Arnar Inga um \u00e1ra bil. Auk \u00feess a\u00f0 hafa s\u00f3tt n\u00e1mskei\u00f0 hj\u00e1 myndlistam\u00f6nnunum Lindu \u00d3la, Gu\u00f0mundi \u00c1rmann og  J\u00f3nu Bergdal \u00e1samt st\u00f6ku n\u00e1mskei\u00f0um hj\u00e1 Myndlistarsk\u00f3la Akureyrar.<\/p>\n\n\n\n<p>Verkin \u00e1 s\u00fdningunni eru \u00f6ll unnin me\u00f0 ol\u00edulitum og er \u00feetta i fyrsta sinn sem \u00fe\u00e6r st\u00f6llur s\u00fdna saman opinberlega.<\/p>\n\n\n\n<p>S\u00fdningin er opin laugardaginn 8. j\u00fal\u00ed og sunnudaginn 9. j\u00fal\u00ed 2023&nbsp;&nbsp;<\/p>\n\n\n\n<p>kl. 13:00 til 20:00 b\u00e1\u00f0a dagana.<\/p>\n<\/div>\n\n\n\n<div class=\"wp-block-column is-layout-flow wp-block-column-is-layout-flow\" style=\"flex-basis:33.33%\">\n<figure class=\"wp-block-image size-full\"><img loading=\"lazy\" decoding=\"async\" width=\"847\" height=\"1000\" src=\"http:\/\/listagil.is\/wp-content\/uploads\/2023\/06\/sess1.jpg\" alt=\"\" class=\"wp-image-3849\" srcset=\"https:\/\/listagil.is\/wp-content\/uploads\/2023\/06\/sess1.jpg 847w, https:\/\/listagil.is\/wp-content\/uploads\/2023\/06\/sess1-678x800.jpg 678w, https:\/\/listagil.is\/wp-content\/uploads\/2023\/06\/sess1-768x907.jpg 768w\" sizes=\"auto, (max-width: 847px) 100vw, 847px\" \/><\/figure>\n<\/div>\n<\/div>\n\n\n\n<p><\/p>\n\n\n<div class=\"wp-block-image\">\n<figure class=\"aligncenter size-full\"><img loading=\"lazy\" decoding=\"async\" width=\"750\" height=\"1000\" src=\"http:\/\/listagil.is\/wp-content\/uploads\/2023\/06\/sess2.jpg\" alt=\"\" class=\"wp-image-3855\" srcset=\"https:\/\/listagil.is\/wp-content\/uploads\/2023\/06\/sess2.jpg 750w, https:\/\/listagil.is\/wp-content\/uploads\/2023\/06\/sess2-600x800.jpg 600w\" sizes=\"auto, (max-width: 750px) 100vw, 750px\" \/><\/figure><\/div>\n\n\n<p><\/p>\n\n\n<div class=\"wp-block-image\">\n<figure class=\"aligncenter size-full\"><img loading=\"lazy\" decoding=\"async\" width=\"750\" height=\"1000\" src=\"http:\/\/listagil.is\/wp-content\/uploads\/2023\/06\/sess3.jpg\" alt=\"\" class=\"wp-image-3856\" srcset=\"https:\/\/listagil.is\/wp-content\/uploads\/2023\/06\/sess3.jpg 750w, https:\/\/listagil.is\/wp-content\/uploads\/2023\/06\/sess3-600x800.jpg 600w\" sizes=\"auto, (max-width: 750px) 100vw, 750px\" \/><\/figure><\/div>\n\n\n<p><\/p>\n\n\n<div class=\"wp-block-image\">\n<figure class=\"aligncenter size-full\"><img loading=\"lazy\" decoding=\"async\" width=\"750\" height=\"1000\" src=\"http:\/\/listagil.is\/wp-content\/uploads\/2023\/06\/sess4.jpg\" alt=\"\" class=\"wp-image-3857\" srcset=\"https:\/\/listagil.is\/wp-content\/uploads\/2023\/06\/sess4.jpg 750w, https:\/\/listagil.is\/wp-content\/uploads\/2023\/06\/sess4-600x800.jpg 600w\" sizes=\"auto, (max-width: 750px) 100vw, 750px\" \/><\/figure><\/div>\n\n\n<p><\/p>\n\n\n\n<p><\/p>\n","protected":false},"excerpt":{"rendered":"<p>Laugardaginn 8. j\u00fal\u00ed kl. 13.00 opna \u00fe\u00e6r Sesselja B. J\u00f3nsd\u00f3ttir og Margr\u00e9t B. Kristbj\u00f6rnsd\u00f3ttir m\u00e1lverkas\u00fdningu \u00ed Deiglunni. M\u00e1gkonurnar Sesselja B. J\u00f3nsd\u00f3ttir og Margr\u00e9t B. Kristbj\u00f6rnsd\u00f3ttir eru n\u00fdlega or\u00f0nar 70 \u00e1ra, af \u00fev\u00ed tilefni \u00e1kv\u00e1\u00f0u \u00fe\u00e6r a\u00f0 halda s\u00fdningu&#46;&#46;&#46;<\/p>\n","protected":false},"author":10,"featured_media":3857,"comment_status":"closed","ping_status":"closed","sticky":false,"template":"","format":"standard","meta":{"_exactmetrics_skip_tracking":false,"_exactmetrics_sitenote_active":false,"_exactmetrics_sitenote_note":"","_exactmetrics_sitenote_category":0,"footnotes":""},"categories":[4],"tags":[52,7,10,54],"class_list":["post-3848","post","type-post","status-publish","format-standard","has-post-thumbnail","hentry","category-frettir","tag-akureyri","tag-deiglan","tag-listagil","tag-syning"],"_links":{"self":[{"href":"https:\/\/listagil.is\/index.php?rest_route=\/wp\/v2\/posts\/3848","targetHints":{"allow":["GET"]}}],"collection":[{"href":"https:\/\/listagil.is\/index.php?rest_route=\/wp\/v2\/posts"}],"about":[{"href":"https:\/\/listagil.is\/index.php?rest_route=\/wp\/v2\/types\/post"}],"author":[{"embeddable":true,"href":"https:\/\/listagil.is\/index.php?rest_route=\/wp\/v2\/users\/10"}],"replies":[{"embeddable":true,"href":"https:\/\/listagil.is\/index.php?rest_route=%2Fwp%2Fv2%2Fcomments&post=3848"}],"version-history":[{"count":7,"href":"https:\/\/listagil.is\/index.php?rest_route=\/wp\/v2\/posts\/3848\/revisions"}],"predecessor-version":[{"id":3860,"href":"https:\/\/listagil.is\/index.php?rest_route=\/wp\/v2\/posts\/3848\/revisions\/3860"}],"wp:featuredmedia":[{"embeddable":true,"href":"https:\/\/listagil.is\/index.php?rest_route=\/wp\/v2\/media\/3857"}],"wp:attachment":[{"href":"https:\/\/listagil.is\/index.php?rest_route=%2Fwp%2Fv2%2Fmedia&parent=3848"}],"wp:term":[{"taxonomy":"category","embeddable":true,"href":"https:\/\/listagil.is\/index.php?rest_route=%2Fwp%2Fv2%2Fcategories&post=3848"},{"taxonomy":"post_tag","embeddable":true,"href":"https:\/\/listagil.is\/index.php?rest_route=%2Fwp%2Fv2%2Ftags&post=3848"}],"curies":[{"name":"wp","href":"https:\/\/api.w.org\/{rel}","templated":true}]}}