{"id":3804,"date":"2023-06-20T19:06:52","date_gmt":"2023-06-20T19:06:52","guid":{"rendered":"http:\/\/listagil.is\/?p=3804"},"modified":"2023-06-20T19:06:53","modified_gmt":"2023-06-20T19:06:53","slug":"opid-fyrir-umsoknir-i-gestavinnustofu-gilfelagsins-2024","status":"publish","type":"post","link":"https:\/\/listagil.is\/?p=3804","title":{"rendered":"Opi\u00f0 fyrir ums\u00f3knir \u00ed Gestavinnustofu Gilf\u00e9lagsins 2024"},"content":{"rendered":"\n<p><\/p>\n\n\n\n<figure class=\"wp-block-image size-large\"><img loading=\"lazy\" decoding=\"async\" width=\"1024\" height=\"457\" src=\"http:\/\/listagil.is\/wp-content\/uploads\/2023\/06\/1gestavinnust23-1024x457.jpg\" alt=\"\" class=\"wp-image-3805\" srcset=\"https:\/\/listagil.is\/wp-content\/uploads\/2023\/06\/1gestavinnust23-1024x457.jpg 1024w, https:\/\/listagil.is\/wp-content\/uploads\/2023\/06\/1gestavinnust23-800x357.jpg 800w, https:\/\/listagil.is\/wp-content\/uploads\/2023\/06\/1gestavinnust23-768x342.jpg 768w, https:\/\/listagil.is\/wp-content\/uploads\/2023\/06\/1gestavinnust23.jpg 1200w\" sizes=\"auto, (max-width: 1024px) 100vw, 1024px\" \/><\/figure>\n\n\n\n<p>Gilf\u00e9lagi\u00f0 augl\u00fdsir eftir ums\u00f3knum til dvalar \u00ed gestavinnustofu Gilf\u00e9lagsins. Um er a\u00f0 r\u00e6\u00f0a m\u00e1na\u00f0ardvalir \u00e1 t\u00edmabilinu jan\u00faar til og me\u00f0 desember 2023. Hvert t\u00edmabil hefst fyrsta hvers m\u00e1na\u00f0ar. Gestavinnustofan er fullb\u00fain \u00edb\u00fa\u00f0 me\u00f0 vinnustofu sem hentar einum listamanni e\u00f0a pari. Innangengt er \u00ed vi\u00f0bur\u00f0arr\u00fdmi\u00f0 okkar Deigluna \u00fear sem er \u00ed bo\u00f0i a\u00f0 halda s\u00fdningu e\u00f0a annarskonar vi\u00f0bur\u00f0 \u00ed lok dvalar e\u00f0a eftir samkomulagi. \u00cdb\u00fa\u00f0in er sta\u00f0sett \u00ed Kaupvangsstr\u00e6ti, e\u00f0a Listagilinu \u00ed mi\u00f0b\u00e6 Akureyrar \u00fear sem er stutt a\u00f0 s\u00e6kja alla helstu \u00fej\u00f3nustu svo ekki s\u00e9 minnst \u00e1 fj\u00f6lbreytt menningarl\u00edf. Ums\u00f3knarfrestur er til og me\u00f0 1. \u00e1g\u00fast 2022.<\/p>\n\n\n\n<p>N\u00e1nari uppl\u00fdsingar um vinnustofuna og ums\u00f3knarferli\u00f0 m\u00e1 n\u00e1lgast <strong><a href=\"http:\/\/listagil.is\/?page_id=1119\">h\u00e9r<\/a><\/strong><\/p>\n","protected":false},"excerpt":{"rendered":"<p>Gilf\u00e9lagi\u00f0 augl\u00fdsir eftir ums\u00f3knum til dvalar \u00ed gestavinnustofu Gilf\u00e9lagsins. Um er a\u00f0 r\u00e6\u00f0a m\u00e1na\u00f0ardvalir \u00e1 t\u00edmabilinu jan\u00faar til og me\u00f0 desember 2023. Hvert t\u00edmabil hefst fyrsta hvers m\u00e1na\u00f0ar. Gestavinnustofan er fullb\u00fain \u00edb\u00fa\u00f0 me\u00f0 vinnustofu sem hentar einum listamanni&#46;&#46;&#46;<\/p>\n","protected":false},"author":10,"featured_media":3805,"comment_status":"closed","ping_status":"closed","sticky":false,"template":"","format":"standard","meta":{"_exactmetrics_skip_tracking":false,"_exactmetrics_sitenote_active":false,"_exactmetrics_sitenote_note":"","_exactmetrics_sitenote_category":0,"footnotes":""},"categories":[4],"tags":[],"class_list":["post-3804","post","type-post","status-publish","format-standard","has-post-thumbnail","hentry","category-frettir"],"_links":{"self":[{"href":"https:\/\/listagil.is\/index.php?rest_route=\/wp\/v2\/posts\/3804","targetHints":{"allow":["GET"]}}],"collection":[{"href":"https:\/\/listagil.is\/index.php?rest_route=\/wp\/v2\/posts"}],"about":[{"href":"https:\/\/listagil.is\/index.php?rest_route=\/wp\/v2\/types\/post"}],"author":[{"embeddable":true,"href":"https:\/\/listagil.is\/index.php?rest_route=\/wp\/v2\/users\/10"}],"replies":[{"embeddable":true,"href":"https:\/\/listagil.is\/index.php?rest_route=%2Fwp%2Fv2%2Fcomments&post=3804"}],"version-history":[{"count":3,"href":"https:\/\/listagil.is\/index.php?rest_route=\/wp\/v2\/posts\/3804\/revisions"}],"predecessor-version":[{"id":3808,"href":"https:\/\/listagil.is\/index.php?rest_route=\/wp\/v2\/posts\/3804\/revisions\/3808"}],"wp:featuredmedia":[{"embeddable":true,"href":"https:\/\/listagil.is\/index.php?rest_route=\/wp\/v2\/media\/3805"}],"wp:attachment":[{"href":"https:\/\/listagil.is\/index.php?rest_route=%2Fwp%2Fv2%2Fmedia&parent=3804"}],"wp:term":[{"taxonomy":"category","embeddable":true,"href":"https:\/\/listagil.is\/index.php?rest_route=%2Fwp%2Fv2%2Fcategories&post=3804"},{"taxonomy":"post_tag","embeddable":true,"href":"https:\/\/listagil.is\/index.php?rest_route=%2Fwp%2Fv2%2Ftags&post=3804"}],"curies":[{"name":"wp","href":"https:\/\/api.w.org\/{rel}","templated":true}]}}