{"id":3645,"date":"2023-03-23T12:17:05","date_gmt":"2023-03-23T12:17:05","guid":{"rendered":"http:\/\/listagil.is\/?p=3645"},"modified":"2023-03-23T12:17:06","modified_gmt":"2023-03-23T12:17:06","slug":"hyojung-bea-2","status":"publish","type":"post","link":"https:\/\/listagil.is\/?p=3645","title":{"rendered":"Hyojung Bea"},"content":{"rendered":"\n<p>Gestalistama\u00f0ur Gilf\u00e9lagsins \u00ed mars.<\/p>\n\n\n\n<figure class=\"wp-block-image size-large\"><img loading=\"lazy\" decoding=\"async\" width=\"1024\" height=\"768\" src=\"http:\/\/listagil.is\/wp-content\/uploads\/2023\/03\/Hyojung-Bea-Hedgehog-1-1024x768.jpg\" alt=\"\" class=\"wp-image-3640\" srcset=\"https:\/\/listagil.is\/wp-content\/uploads\/2023\/03\/Hyojung-Bea-Hedgehog-1-1024x768.jpg 1024w, https:\/\/listagil.is\/wp-content\/uploads\/2023\/03\/Hyojung-Bea-Hedgehog-1-800x600.jpg 800w, https:\/\/listagil.is\/wp-content\/uploads\/2023\/03\/Hyojung-Bea-Hedgehog-1-768x576.jpg 768w, https:\/\/listagil.is\/wp-content\/uploads\/2023\/03\/Hyojung-Bea-Hedgehog-1.jpg 1200w\" sizes=\"auto, (max-width: 1024px) 100vw, 1024px\" \/><\/figure>\n\n\n\n<p><\/p>\n\n\n\n<p><\/p>\n\n\n\n<p>\u00cd list sinni kannar Hyojung Bea \u00f3tta, sj\u00e1lfsmynd og kv\u00ed\u00f0avekjandi \u00f3st\u00f6\u00f0ugleika fastrar tilveru vegna st\u00f6\u00f0ugrar hreyfingar hennar \u00e1n varanlegs heimilis. \u00dear sem h\u00fan er virk b\u00e6\u00f0i \u00ed New York borg og Jeju eyju \u00fear sem h\u00fan er n\u00fa b\u00fasett, hefur h\u00fan flutt um tuttugu sinnum s\u00ed\u00f0an h\u00fan f\u00f3r a\u00f0 heiman 19 \u00e1ra. Me\u00f0an h\u00fan gekk \u00ed listask\u00f3la \u00ed New York borg vann h\u00fan sem naglat\u00e6knir \u00ed hlutastarfi , d\u00e6migert starf fyrir \u00f3skr\u00e1\u00f0a k\u00f3reska kvenkyns innflytjenda. Svipa\u00f0 og konurnar sem voru starfandi sem nuddarar og voru n\u00fdlega f\u00f3rnarl\u00f6mb byssuofbeldis \u00ed Atlanta \u00ed Georg\u00edu. \u00c1 me\u00f0an h\u00fan m\u00e1la\u00f0i\u00a0 neglur \u00e1 fingrum og t\u00e1m \u00e1 hverjum degi, lenti h\u00fan \u00ed kyn\u00fe\u00e1ttaford\u00f3mum, f\u00e9lagslegri einangrun og var\u00f0 fyrir tungum\u00e1lahindrunum, var menningarsjokki og \u00fej\u00e1\u00f0ist af heim\u00fer\u00e1. Upplifun sem skildi eftir dj\u00fap og martra\u00f0arkennd \u00e1hrif \u00e1 Beu. \u00cd einum gj\u00f6rningi s\u00fdndi h\u00fan sig sem broddg\u00f6lt \u00feakinn teiknib\u00f3lum. Sem endurspegla\u00f0i \u00f3tta hennar vi\u00f0 a\u00f0 mynda n\u00e1in tilfinningaleg og l\u00edkamleg tengsl vi\u00f0 a\u00f0ra; ef tveir broddgeltir yr\u00f0u n\u00e1nir myndu b\u00e1\u00f0ir mei\u00f0ast af hvers annars broddum. Eftir a\u00f0 h\u00fan flutti til baka til Jeju-eyju var h\u00fan innbl\u00e1sin af l\u00edfi Haenyeo og h\u00fan byrja\u00f0i a\u00f0 vinna a\u00f0 ne\u00f0ansj\u00e1varmyndbandinu. \u201eSj\u00f3konur,\u201c einnig \u00feekktar sem \u201eHaenyeo\u201c,\u00a0 sem eru kvenkyns kafarar og \u00fe\u00e6r eru miklir og naglar. Haenyeo hef\u00f0in \u00e1 r\u00e6tur til 434 e.Kr. K\u00f6fun \u00e1n s\u00farefnistanks e\u00f0a neta \u00fear sem sj\u00e1varl\u00edf er s\u00f3tt me\u00f0 berum h\u00f6ndum til a\u00f0 vi\u00f0halda l\u00edfsvi\u00f0urv\u00e6ri s\u00ednu. \u00deetta er einstakt m\u00e6\u00f0raveldis samf\u00e9lag \u00ed karlkyns r\u00edkjandi k\u00f3reskri menningu. Bea virkjar samskipti me\u00f0 \u00fev\u00ed a\u00f0 endurvinna sambandi\u00f0 vi\u00f0 l\u00edkama sinn \u00ed gegnum sk\u00falpt\u00far, myndband og gj\u00f6rning.<\/p>\n\n\n\n<figure class=\"wp-block-image size-large\"><img loading=\"lazy\" decoding=\"async\" width=\"1024\" height=\"768\" src=\"http:\/\/listagil.is\/wp-content\/uploads\/2023\/03\/Hyojung-Bea-Grit-1-1024x768.jpg\" alt=\"\" class=\"wp-image-3641\" srcset=\"https:\/\/listagil.is\/wp-content\/uploads\/2023\/03\/Hyojung-Bea-Grit-1-1024x768.jpg 1024w, https:\/\/listagil.is\/wp-content\/uploads\/2023\/03\/Hyojung-Bea-Grit-1-800x600.jpg 800w, https:\/\/listagil.is\/wp-content\/uploads\/2023\/03\/Hyojung-Bea-Grit-1-768x576.jpg 768w, https:\/\/listagil.is\/wp-content\/uploads\/2023\/03\/Hyojung-Bea-Grit-1.jpg 1200w\" sizes=\"auto, (max-width: 1024px) 100vw, 1024px\" \/><\/figure>\n\n\n\n<p><\/p>\n\n\n\n<p><\/p>\n\n\n\n<p><\/p>\n\n\n\n<p>Sem bar\u00e1ttukona sem lif\u00f0i af krabbamein \u00fer\u00e1\u00f0i h\u00fan frelsi \u00fear sem h\u00fan haf\u00f0i oft upplifa\u00f0 helsi. H\u00fan vinnur me\u00f0 \u00fer\u00e1 s\u00edna \u00e1 \u00ferj\u00e1 vegu: a\u00f0 gera vanl\u00ed\u00f0an s\u00edna a\u00f0 vi\u00f0fangi gj\u00f6rninga, leita skj\u00f3ls \u00ed kunnuglegum hlutum \u00ed gegnum sk\u00falpt\u00fara og l\u00e6ra a\u00f0 lifa innan fl\u00e6\u00f0is \u00f3st\u00f6\u00f0ugleika l\u00edfs s\u00edns me\u00f0 endurger\u00f0 og heimildarmyndum. Bea l\u00e6r\u00f0i myndlist og hreyfimyndir (animation) fr\u00e1 Seoul National University of Technology og er me\u00f0 BFA \u00ed st\u00fad\u00ed\u00f3list fr\u00e1 CUNY Hunter College og MFA \u00ed sk\u00falpt\u00far fr\u00e1 Jeju National University. H\u00fan hefur s\u00fdnt heima og erlendis b\u00e6\u00f0i einka- og sams\u00fdningar, \u00fear \u00e1 me\u00f0al Jeju listasafni\u00f0, Jeju menningarmi\u00f0st\u00f6\u00f0in, Kidang safni\u00f0, Delmoondo safni\u00f0, In-sa listami\u00f0st\u00f6\u00f0inni og v\u00ed\u00f0a annarsta\u00f0ar. H\u00fan er me\u00f0al annars handhafi Jeju Cultural Foundation ver\u00f0launanna fyrir fram\u00farskarandi n\u00e1msframmist\u00f6\u00f0u.<\/p>\n\n\n\n<p><\/p>\n\n\n\n<figure class=\"wp-block-image size-large\"><img loading=\"lazy\" decoding=\"async\" width=\"1024\" height=\"576\" src=\"http:\/\/listagil.is\/wp-content\/uploads\/2023\/03\/Hyojung-Bea-Garden-of-Gaia-1-1024x576.jpg\" alt=\"\" class=\"wp-image-3642\" srcset=\"https:\/\/listagil.is\/wp-content\/uploads\/2023\/03\/Hyojung-Bea-Garden-of-Gaia-1-1024x576.jpg 1024w, https:\/\/listagil.is\/wp-content\/uploads\/2023\/03\/Hyojung-Bea-Garden-of-Gaia-1-800x450.jpg 800w, https:\/\/listagil.is\/wp-content\/uploads\/2023\/03\/Hyojung-Bea-Garden-of-Gaia-1-768x432.jpg 768w, https:\/\/listagil.is\/wp-content\/uploads\/2023\/03\/Hyojung-Bea-Garden-of-Gaia-1.jpg 1280w\" sizes=\"auto, (max-width: 1024px) 100vw, 1024px\" \/><\/figure>\n","protected":false},"excerpt":{"rendered":"<p>Gestalistama\u00f0ur Gilf\u00e9lagsins \u00ed mars. \u00cd list sinni kannar Hyojung Bea \u00f3tta, sj\u00e1lfsmynd og kv\u00ed\u00f0avekjandi \u00f3st\u00f6\u00f0ugleika fastrar tilveru vegna st\u00f6\u00f0ugrar hreyfingar hennar \u00e1n varanlegs heimilis. \u00dear sem h\u00fan er virk b\u00e6\u00f0i \u00ed New York borg og Jeju eyju \u00fear&#46;&#46;&#46;<\/p>\n","protected":false},"author":10,"featured_media":3640,"comment_status":"closed","ping_status":"closed","sticky":false,"template":"","format":"standard","meta":{"_exactmetrics_skip_tracking":false,"_exactmetrics_sitenote_active":false,"_exactmetrics_sitenote_note":"","_exactmetrics_sitenote_category":0,"footnotes":""},"categories":[4,73],"tags":[6],"class_list":["post-3645","post","type-post","status-publish","format-standard","has-post-thumbnail","hentry","category-frettir","category-gestalistamenn","tag-gil-artist-residency-akureyri"],"_links":{"self":[{"href":"https:\/\/listagil.is\/index.php?rest_route=\/wp\/v2\/posts\/3645","targetHints":{"allow":["GET"]}}],"collection":[{"href":"https:\/\/listagil.is\/index.php?rest_route=\/wp\/v2\/posts"}],"about":[{"href":"https:\/\/listagil.is\/index.php?rest_route=\/wp\/v2\/types\/post"}],"author":[{"embeddable":true,"href":"https:\/\/listagil.is\/index.php?rest_route=\/wp\/v2\/users\/10"}],"replies":[{"embeddable":true,"href":"https:\/\/listagil.is\/index.php?rest_route=%2Fwp%2Fv2%2Fcomments&post=3645"}],"version-history":[{"count":2,"href":"https:\/\/listagil.is\/index.php?rest_route=\/wp\/v2\/posts\/3645\/revisions"}],"predecessor-version":[{"id":3647,"href":"https:\/\/listagil.is\/index.php?rest_route=\/wp\/v2\/posts\/3645\/revisions\/3647"}],"wp:featuredmedia":[{"embeddable":true,"href":"https:\/\/listagil.is\/index.php?rest_route=\/wp\/v2\/media\/3640"}],"wp:attachment":[{"href":"https:\/\/listagil.is\/index.php?rest_route=%2Fwp%2Fv2%2Fmedia&parent=3645"}],"wp:term":[{"taxonomy":"category","embeddable":true,"href":"https:\/\/listagil.is\/index.php?rest_route=%2Fwp%2Fv2%2Fcategories&post=3645"},{"taxonomy":"post_tag","embeddable":true,"href":"https:\/\/listagil.is\/index.php?rest_route=%2Fwp%2Fv2%2Ftags&post=3645"}],"curies":[{"name":"wp","href":"https:\/\/api.w.org\/{rel}","templated":true}]}}