{"id":3534,"date":"2023-01-17T12:43:56","date_gmt":"2023-01-17T12:43:56","guid":{"rendered":"http:\/\/listagil.is\/?p=3534"},"modified":"2023-01-17T12:53:17","modified_gmt":"2023-01-17T12:53:17","slug":"marsibil-g-kristjansdottir-og-elfar-logi-hannesson","status":"publish","type":"post","link":"https:\/\/listagil.is\/?p=3534","title":{"rendered":"Marsibil G. Kristj\u00e1nsd\u00f3ttir og Elfar Logi Hannesson"},"content":{"rendered":"\n<p>Gestamenn Gilf\u00e9lagsins \u00ed jan\u00faar 2022<\/p>\n\n\n\n<div class=\"wp-block-columns is-layout-flex wp-container-core-columns-is-layout-9d6595d7 wp-block-columns-is-layout-flex\">\n<div class=\"wp-block-column is-layout-flow wp-block-column-is-layout-flow\" style=\"flex-basis:66.66%\">\n<p>Listahj\u00f3n a\u00f0 vestan<\/p>\n\n\n\n<p>Marsibil G. Kristj\u00e1nsd\u00f3ttir og Elfar Logi Hannesson hafa starfa\u00f0 sem sj\u00e1lfst\u00e6\u00f0ir listamenn \u00e1 Vestfj\u00f6r\u00f0um s\u00ed\u00f0an um aldam\u00f3t. Elfar Logi fyrst og fremst sem leikh\u00fasma\u00f0ur og blekb\u00f3ndi. Marsbil hefur starfa\u00f0 \u00ed m\u00f6rgum listum b\u00e6\u00f0i \u00ed leikh\u00fasinu og \u00e1 myndlistarsvi\u00f0inu. Samstarf hafa \u00feau \u00e1tt talsvert \u00e1 listasvi\u00f0inu \u00fe\u00f3 einkum vi\u00f0 listab\u00f6rn \u00feeirra K\u00f3med\u00eduleikh\u00fasi\u00f0 atvinnuleikh\u00fas Vestfjar\u00f0a og hina einst\u00f6ku listah\u00e1t\u00ed\u00f0 Act alone. Hj\u00e1 K\u00f3med\u00eduleikh\u00fasinu hafa \u00feau sett \u00e1 svi\u00f0 fj\u00f6lda m\u00f6rg leikverk n\u00fa s\u00ed\u00f0ast skuggaleikinn Tind\u00e1tarnir. \u00dear er \u00e1 fer\u00f0inni skuggabr\u00fa\u00f0uleikh\u00fas sem er byggt \u00e1 samnefndu lj\u00f3\u00f0a\u00e6vint\u00fdri eftir Stein Steinarr.&nbsp;<\/p>\n\n\n\n<p>Marsbil hefur haldi\u00f0 myndlistars\u00fdningar v\u00ed\u00f0a \u00fear \u00e1 me\u00f0al h\u00e9r \u00e1 Akureyri \u00e1ri\u00f0 2007 \u00e1 Caf\u00e9 Kar\u00f3l\u00ednu. S\u00ed\u00f0asta sumar vakti sams\u00fdning hennar og mi\u00f0bur\u00f0ar listakonunnar \u00e1 H\u00f3tel Sandafelli \u00e1 \u00deingeyri mikla athygli og a\u00f0s\u00f3kn. \u00d6ll listaverk m\u00e6\u00f0gnanna \u00e1 \u00feeirri s\u00fdningu \u00e1ttu \u00fea\u00f0 sameiginlegt a\u00f0 vera \u00ed hringlaga glerh\u00fasum.&nbsp;<\/p>\n\n\n\n<p>\u00cdb\u00faar fj\u00f6runnar hafa \u00e1tt hug listakonunnar s\u00ed\u00f0ustu \u00e1rin og hinga\u00f0 nor\u00f0ur er h\u00fan n\u00fa komin til a\u00f0 halda \u00e1fram a\u00f0 skapa me\u00f0 \u00feessu einstaka efni n\u00e1tt\u00farunnar.&nbsp;<\/p>\n\n\n\n<p>Elfar Logi hefur \u00ed gegnum \u00e1rin starfa\u00f0 sem blekb\u00f3ndi og hefur s\u00fa i\u00f0ja veri\u00f0 a\u00f0 aukast me\u00f0 \u00e1runum. Hann hefur rita\u00f0 nokkrar b\u00e6kur og \u00fe\u00e1 einkum um vestfirska leiklistars\u00f6gu. Mestu blekst\u00f6rfin hafa \u00fe\u00f3 veri\u00f0 leikritakrif og hinga\u00f0 nor\u00f0ur er hann n\u00fa m\u00e6ttur til a\u00f0 st\u00fadera vestfirska sk\u00e1ldi\u00f0 Matth\u00edas Jochumsson svo \u00far ver\u00f0i jafnvel d\u00e1l\u00edti\u00f0 leikrit.&nbsp;<\/p>\n\n\n\n<p>S\u00ed\u00f0ustu helgina \u00ed jan\u00faar munu \u00feau bj\u00f3\u00f0a til d\u00e1l\u00edtillar s\u00fdningar \u00ed Deiglunni h\u00e9r \u00e1 Akureyri. &nbsp;<\/p>\n<\/div>\n\n\n\n<div class=\"wp-block-column is-layout-flow wp-block-column-is-layout-flow\" style=\"flex-basis:33.33%\">\n<figure class=\"wp-block-image size-full\"><img loading=\"lazy\" decoding=\"async\" width=\"716\" height=\"960\" src=\"http:\/\/listagil.is\/wp-content\/uploads\/2023\/01\/gestalistamenn.jpg\" alt=\"\" class=\"wp-image-3535\" srcset=\"https:\/\/listagil.is\/wp-content\/uploads\/2023\/01\/gestalistamenn.jpg 716w, https:\/\/listagil.is\/wp-content\/uploads\/2023\/01\/gestalistamenn-597x800.jpg 597w\" sizes=\"auto, (max-width: 716px) 100vw, 716px\" \/><\/figure>\n<\/div>\n<\/div>\n","protected":false},"excerpt":{"rendered":"<p>Gestamenn Gilf\u00e9lagsins \u00ed jan\u00faar 2022 Listahj\u00f3n a\u00f0 vestan Marsibil G. Kristj\u00e1nsd\u00f3ttir og Elfar Logi Hannesson hafa starfa\u00f0 sem sj\u00e1lfst\u00e6\u00f0ir listamenn \u00e1 Vestfj\u00f6r\u00f0um s\u00ed\u00f0an um aldam\u00f3t. Elfar Logi fyrst og fremst sem leikh\u00fasma\u00f0ur og blekb\u00f3ndi. Marsbil hefur starfa\u00f0 \u00ed&#46;&#46;&#46;<\/p>\n","protected":false},"author":10,"featured_media":3538,"comment_status":"closed","ping_status":"closed","sticky":false,"template":"","format":"standard","meta":{"_exactmetrics_skip_tracking":false,"_exactmetrics_sitenote_active":false,"_exactmetrics_sitenote_note":"","_exactmetrics_sitenote_category":0,"footnotes":""},"categories":[4,73],"tags":[],"class_list":["post-3534","post","type-post","status-publish","format-standard","has-post-thumbnail","hentry","category-frettir","category-gestalistamenn"],"_links":{"self":[{"href":"https:\/\/listagil.is\/index.php?rest_route=\/wp\/v2\/posts\/3534","targetHints":{"allow":["GET"]}}],"collection":[{"href":"https:\/\/listagil.is\/index.php?rest_route=\/wp\/v2\/posts"}],"about":[{"href":"https:\/\/listagil.is\/index.php?rest_route=\/wp\/v2\/types\/post"}],"author":[{"embeddable":true,"href":"https:\/\/listagil.is\/index.php?rest_route=\/wp\/v2\/users\/10"}],"replies":[{"embeddable":true,"href":"https:\/\/listagil.is\/index.php?rest_route=%2Fwp%2Fv2%2Fcomments&post=3534"}],"version-history":[{"count":1,"href":"https:\/\/listagil.is\/index.php?rest_route=\/wp\/v2\/posts\/3534\/revisions"}],"predecessor-version":[{"id":3536,"href":"https:\/\/listagil.is\/index.php?rest_route=\/wp\/v2\/posts\/3534\/revisions\/3536"}],"wp:featuredmedia":[{"embeddable":true,"href":"https:\/\/listagil.is\/index.php?rest_route=\/wp\/v2\/media\/3538"}],"wp:attachment":[{"href":"https:\/\/listagil.is\/index.php?rest_route=%2Fwp%2Fv2%2Fmedia&parent=3534"}],"wp:term":[{"taxonomy":"category","embeddable":true,"href":"https:\/\/listagil.is\/index.php?rest_route=%2Fwp%2Fv2%2Fcategories&post=3534"},{"taxonomy":"post_tag","embeddable":true,"href":"https:\/\/listagil.is\/index.php?rest_route=%2Fwp%2Fv2%2Ftags&post=3534"}],"curies":[{"name":"wp","href":"https:\/\/api.w.org\/{rel}","templated":true}]}}