{"id":3529,"date":"2023-01-17T12:21:16","date_gmt":"2023-01-17T12:21:16","guid":{"rendered":"http:\/\/listagil.is\/?p=3529"},"modified":"2023-01-17T12:21:17","modified_gmt":"2023-01-17T12:21:17","slug":"solander-250-opid-grafikverkstaed","status":"publish","type":"post","link":"https:\/\/listagil.is\/?p=3529","title":{"rendered":"Solander 250: Opi\u00f0 graf\u00edkverkst\u00e6\u00f0"},"content":{"rendered":"\n<p>13. &#8211; 18. 21. og 22. jan\u00faar.<\/p>\n\n\n\n<figure class=\"wp-block-image size-full\"><img loading=\"lazy\" decoding=\"async\" width=\"1000\" height=\"462\" src=\"http:\/\/listagil.is\/wp-content\/uploads\/2023\/01\/grafik-fb.jpg\" alt=\"\" class=\"wp-image-3530\" srcset=\"https:\/\/listagil.is\/wp-content\/uploads\/2023\/01\/grafik-fb.jpg 1000w, https:\/\/listagil.is\/wp-content\/uploads\/2023\/01\/grafik-fb-800x370.jpg 800w, https:\/\/listagil.is\/wp-content\/uploads\/2023\/01\/grafik-fb-768x355.jpg 768w\" sizes=\"auto, (max-width: 1000px) 100vw, 1000px\" \/><\/figure>\n\n\n\n<p><\/p>\n\n\n\n<p>\u00cd tengslum vi\u00f0 s\u00fdninguna Solander 250 \u00ed Listasafninu \u00e1 Akureyri ver\u00f0ur Gilf\u00e9lagi\u00f0 me\u00f0 opi\u00f0 graf\u00edkverkst\u00e6\u00f0i laugardag og sunnudag 21. og 22. jan\u00faar. \u00dea\u00f0 ver\u00f0ur opi\u00f0 fr\u00e1 kl 13 \u2013 18 b\u00e1\u00f0a dagana, \u00e1 sta\u00f0num ver\u00f0ur meistari Gu\u00f0mundur \u00c1rmann auk a\u00f0sto\u00f0ara.<br>Listamenn sem hafi\u00f0 \u00e1huga a\u00f0 nota graf\u00edkverkst\u00e6\u00f0i\u00f0 eru velkomnir, einnig \u00feeir sem vilja prufa a\u00f0 vinna \u00ed graf\u00edk. Vi\u00f0 bi\u00f0jum \u00fe\u00e1 sem hafa hug \u00e1 a\u00f0 n\u00fdta s\u00e9r \u00feetta t\u00e6kif\u00e6ri a\u00f0 taka me\u00f0 s\u00e9r verkf\u00e6ri, papp\u00edr og linoleum d\u00fak, krossvi\u00f0 e\u00f0a anna\u00f0 efni sem \u00fei\u00f0 noti\u00f0 til a\u00f0 vinna me\u00f0. \u00c1 sta\u00f0num ver\u00f0ur eitthva\u00f0 af verkf\u00e6rum, papp\u00edr, pl\u00f6tum og prentlit.<br>Vi\u00f0 hvetjum \u00fe\u00e1 sem eru \u00e1hugasamir um graf\u00edkina a\u00f0 nota t\u00e6kif\u00e6ri\u00f0 til a\u00f0 koma saman og vinna \u00ed \u00feennan einstaka myndlistarmi\u00f0il. Kaffi \u00e1 k\u00f6nnunni.<\/p>\n\n\n\n<p><\/p>\n\n\n\n<figure class=\"wp-block-image size-full\"><img loading=\"lazy\" decoding=\"async\" width=\"1000\" height=\"645\" src=\"http:\/\/listagil.is\/wp-content\/uploads\/2023\/01\/augl-grafik-1.jpg\" alt=\"\" class=\"wp-image-3531\" srcset=\"https:\/\/listagil.is\/wp-content\/uploads\/2023\/01\/augl-grafik-1.jpg 1000w, https:\/\/listagil.is\/wp-content\/uploads\/2023\/01\/augl-grafik-1-800x516.jpg 800w, https:\/\/listagil.is\/wp-content\/uploads\/2023\/01\/augl-grafik-1-768x495.jpg 768w\" sizes=\"auto, (max-width: 1000px) 100vw, 1000px\" \/><figcaption class=\"wp-element-caption\">Fr\u00e1 graf\u00edkn\u00e1mskei\u00f0i \u00e1 vegum Gilf\u00e9lagsins<\/figcaption><\/figure>\n","protected":false},"excerpt":{"rendered":"<p>13. &#8211; 18. 21. og 22. jan\u00faar. \u00cd tengslum vi\u00f0 s\u00fdninguna Solander 250 \u00ed Listasafninu \u00e1 Akureyri ver\u00f0ur Gilf\u00e9lagi\u00f0 me\u00f0 opi\u00f0 graf\u00edkverkst\u00e6\u00f0i laugardag og sunnudag 21. og 22. jan\u00faar. \u00dea\u00f0 ver\u00f0ur opi\u00f0 fr\u00e1 kl 13 \u2013 18 b\u00e1\u00f0a&#46;&#46;&#46;<\/p>\n","protected":false},"author":10,"featured_media":3530,"comment_status":"closed","ping_status":"closed","sticky":false,"template":"","format":"standard","meta":{"_exactmetrics_skip_tracking":false,"_exactmetrics_sitenote_active":false,"_exactmetrics_sitenote_note":"","_exactmetrics_sitenote_category":0,"footnotes":""},"categories":[4],"tags":[52,7,42,188,187],"class_list":["post-3529","post","type-post","status-publish","format-standard","has-post-thumbnail","hentry","category-frettir","tag-akureyri","tag-deiglan","tag-gilfelagid","tag-grafikverkstaedi","tag-solander-250"],"_links":{"self":[{"href":"https:\/\/listagil.is\/index.php?rest_route=\/wp\/v2\/posts\/3529","targetHints":{"allow":["GET"]}}],"collection":[{"href":"https:\/\/listagil.is\/index.php?rest_route=\/wp\/v2\/posts"}],"about":[{"href":"https:\/\/listagil.is\/index.php?rest_route=\/wp\/v2\/types\/post"}],"author":[{"embeddable":true,"href":"https:\/\/listagil.is\/index.php?rest_route=\/wp\/v2\/users\/10"}],"replies":[{"embeddable":true,"href":"https:\/\/listagil.is\/index.php?rest_route=%2Fwp%2Fv2%2Fcomments&post=3529"}],"version-history":[{"count":2,"href":"https:\/\/listagil.is\/index.php?rest_route=\/wp\/v2\/posts\/3529\/revisions"}],"predecessor-version":[{"id":3533,"href":"https:\/\/listagil.is\/index.php?rest_route=\/wp\/v2\/posts\/3529\/revisions\/3533"}],"wp:featuredmedia":[{"embeddable":true,"href":"https:\/\/listagil.is\/index.php?rest_route=\/wp\/v2\/media\/3530"}],"wp:attachment":[{"href":"https:\/\/listagil.is\/index.php?rest_route=%2Fwp%2Fv2%2Fmedia&parent=3529"}],"wp:term":[{"taxonomy":"category","embeddable":true,"href":"https:\/\/listagil.is\/index.php?rest_route=%2Fwp%2Fv2%2Fcategories&post=3529"},{"taxonomy":"post_tag","embeddable":true,"href":"https:\/\/listagil.is\/index.php?rest_route=%2Fwp%2Fv2%2Ftags&post=3529"}],"curies":[{"name":"wp","href":"https:\/\/api.w.org\/{rel}","templated":true}]}}