{"id":3476,"date":"2022-11-29T10:40:36","date_gmt":"2022-11-29T10:40:36","guid":{"rendered":"http:\/\/listagil.is\/?p=3476"},"modified":"2022-11-29T10:40:37","modified_gmt":"2022-11-29T10:40:37","slug":"lista-og-handverksmessa-gilfelagsins-2022","status":"publish","type":"post","link":"https:\/\/listagil.is\/?p=3476","title":{"rendered":"Lista og handverksmessa Gilf\u00e9lagsins 2022"},"content":{"rendered":"\n<p>3. og 4. desember fr\u00e1 kl. 12 &#8211; 17 \u00ed Deiglunni.<\/p>\n\n\n\n<figure class=\"wp-block-image size-large\"><img loading=\"lazy\" decoding=\"async\" width=\"1024\" height=\"959\" src=\"http:\/\/listagil.is\/wp-content\/uploads\/2022\/11\/fb-handv-deiglan-1024x959.jpg\" alt=\"\" class=\"wp-image-3477\" srcset=\"https:\/\/listagil.is\/wp-content\/uploads\/2022\/11\/fb-handv-deiglan-1024x959.jpg 1024w, https:\/\/listagil.is\/wp-content\/uploads\/2022\/11\/fb-handv-deiglan-800x749.jpg 800w, https:\/\/listagil.is\/wp-content\/uploads\/2022\/11\/fb-handv-deiglan-768x719.jpg 768w, https:\/\/listagil.is\/wp-content\/uploads\/2022\/11\/fb-handv-deiglan.jpg 1100w\" sizes=\"auto, (max-width: 1024px) 100vw, 1024px\" \/><\/figure>\n\n\n\n<p><\/p>\n\n\n\n<p>Hin \u00e1rlega Lista og handverksmessa Gilf\u00e9lagsins, ver\u00f0ur haldin \u00ed Deiglunni. 3. og 4. desember n\u00e6stkomandi. \u00dear sem \u00f3tr\u00falegt \u00farval lista- og handverksf\u00f3lks b\u00fd\u00f0ur verk s\u00edn og varning. \u00deau eru:<br><\/p>\n\n\n\n<div class=\"wp-block-columns is-layout-flex wp-container-core-columns-is-layout-9d6595d7 wp-block-columns-is-layout-flex\">\n<div class=\"wp-block-column is-layout-flow wp-block-column-is-layout-flow\"><\/div>\n\n\n\n<div class=\"wp-block-column is-layout-flow wp-block-column-is-layout-flow\">\n<p>A\u00f0alsteinn \u00de\u00f3rsson<br>Agnes \u00ddr<br>Arnbj\u00f6rg Stef\u00e1nsd\u00f3ttir<br>Fann\u00fd Mar\u00eda Brynjarsd\u00f3ttir<br>Fr\u00ed\u00f0a Karlsd\u00f3ttir<br>Guja N\u00f3a<br>Hadda<br>Hallur Gu\u00f0mundsson<br>Hj\u00f6rd\u00eds Fr\u00edmann<br>Krist\u00edn Birna<br>Karl Gu\u00f0mundsson<br>Ljozins<br>R\u00f3sa Krist\u00edn J\u00fal\u00edusd\u00f3ttir<br>Tereza Kocian &amp;<br>\u00deorbj\u00f6rg J\u00f3nasd\u00f3ttir.<\/p>\n\n\n\n<p><\/p>\n<\/div>\n\n\n\n<div class=\"wp-block-column is-layout-flow wp-block-column-is-layout-flow\"><\/div>\n<\/div>\n\n\n\n<p class=\"has-text-align-center\">Heitt \u00e1 k\u00f6nnunni, kak\u00f3 og jafnvel k\u00f6kur. Ver \u00fe\u00fa velkomin-n.<\/p>\n","protected":false},"excerpt":{"rendered":"<p>3. og 4. desember fr\u00e1 kl. 12 &#8211; 17 \u00ed Deiglunni. Hin \u00e1rlega Lista og handverksmessa Gilf\u00e9lagsins, ver\u00f0ur haldin \u00ed Deiglunni. 3. og 4. desember n\u00e6stkomandi. \u00dear sem \u00f3tr\u00falegt \u00farval lista- og handverksf\u00f3lks b\u00fd\u00f0ur verk s\u00edn og varning.&#46;&#46;&#46;<\/p>\n","protected":false},"author":10,"featured_media":3477,"comment_status":"closed","ping_status":"closed","sticky":false,"template":"","format":"standard","meta":{"_exactmetrics_skip_tracking":false,"_exactmetrics_sitenote_active":false,"_exactmetrics_sitenote_note":"","_exactmetrics_sitenote_category":0,"footnotes":""},"categories":[4],"tags":[],"class_list":["post-3476","post","type-post","status-publish","format-standard","has-post-thumbnail","hentry","category-frettir"],"_links":{"self":[{"href":"https:\/\/listagil.is\/index.php?rest_route=\/wp\/v2\/posts\/3476","targetHints":{"allow":["GET"]}}],"collection":[{"href":"https:\/\/listagil.is\/index.php?rest_route=\/wp\/v2\/posts"}],"about":[{"href":"https:\/\/listagil.is\/index.php?rest_route=\/wp\/v2\/types\/post"}],"author":[{"embeddable":true,"href":"https:\/\/listagil.is\/index.php?rest_route=\/wp\/v2\/users\/10"}],"replies":[{"embeddable":true,"href":"https:\/\/listagil.is\/index.php?rest_route=%2Fwp%2Fv2%2Fcomments&post=3476"}],"version-history":[{"count":3,"href":"https:\/\/listagil.is\/index.php?rest_route=\/wp\/v2\/posts\/3476\/revisions"}],"predecessor-version":[{"id":3480,"href":"https:\/\/listagil.is\/index.php?rest_route=\/wp\/v2\/posts\/3476\/revisions\/3480"}],"wp:featuredmedia":[{"embeddable":true,"href":"https:\/\/listagil.is\/index.php?rest_route=\/wp\/v2\/media\/3477"}],"wp:attachment":[{"href":"https:\/\/listagil.is\/index.php?rest_route=%2Fwp%2Fv2%2Fmedia&parent=3476"}],"wp:term":[{"taxonomy":"category","embeddable":true,"href":"https:\/\/listagil.is\/index.php?rest_route=%2Fwp%2Fv2%2Fcategories&post=3476"},{"taxonomy":"post_tag","embeddable":true,"href":"https:\/\/listagil.is\/index.php?rest_route=%2Fwp%2Fv2%2Ftags&post=3476"}],"curies":[{"name":"wp","href":"https:\/\/api.w.org\/{rel}","templated":true}]}}