{"id":3381,"date":"2022-10-07T10:24:33","date_gmt":"2022-10-07T10:24:33","guid":{"rendered":"http:\/\/listagil.is\/?p=3381"},"modified":"2022-10-07T10:24:39","modified_gmt":"2022-10-07T10:24:39","slug":"a-gjorningahatid-i-deiglunni","status":"publish","type":"post","link":"https:\/\/listagil.is\/?p=3381","title":{"rendered":"A! gj\u00f6rningah\u00e1t\u00ed\u00f0 \u00ed Deiglunni"},"content":{"rendered":"\n<p>Laugardaginn 8. okt\u00f3ber kl 14 og 21.<\/p>\n\n\n\n<figure class=\"wp-block-image size-full\"><img loading=\"lazy\" decoding=\"async\" width=\"920\" height=\"373\" src=\"http:\/\/listagil.is\/wp-content\/uploads\/2022\/10\/A.jpg\" alt=\"\" class=\"wp-image-3382\" srcset=\"https:\/\/listagil.is\/wp-content\/uploads\/2022\/10\/A.jpg 920w, https:\/\/listagil.is\/wp-content\/uploads\/2022\/10\/A-800x324.jpg 800w, https:\/\/listagil.is\/wp-content\/uploads\/2022\/10\/A-768x311.jpg 768w\" sizes=\"auto, (max-width: 920px) 100vw, 920px\" \/><\/figure>\n\n\n\n<p>Eins og undanfarin \u00e1r er Gilf\u00e9lagi\u00f0 samstarfsa\u00f0ili um A! gj\u00f6rningah\u00e1t\u00ed\u00f0 sem stendur fr\u00e1 6. til 9. okt\u00f3ber. A\u00f0 \u00feessu sinni eru tveir gj\u00f6rningar \u00ed Deiglunni laugardaginn 8. okt\u00f3ber. Rashelle Reyneveld fremur sinn gj\u00f6rning fr\u00e1 14 &#8211; 19, um er a\u00f0 r\u00e6\u00f0a \u00fe\u00e1tt\u00f6kugj\u00f6rning og er frj\u00e1ls a\u00f0gangur allann t\u00edmann sem gj\u00f6rningurinn stendur yfir. Seinni gj\u00f6rningurinn er fr\u00e1 fj\u00f6llistaf\u00f3lkinu \u00ed Tricycle Trauma \u00feeim Ivana Pedljo og Jasmin Dasovi\u0107 hefst s\u00e1 kl 21 og er \u00e1horfendum \u00e6tla\u00f0 a\u00f0 vera m\u00e6ttum t\u00edmanlega fyrir s\u00fdninguna. <\/p>\n\n\n\n<p><a href=\"http:\/\/www.listak.is\/static\/files\/2022\/a-2022-dagskra.pdf\">H\u00e9r<\/a> m\u00e1 sj\u00e1 dagskr\u00e1 h\u00e1t\u00ed\u00f0arinnar<\/p>\n","protected":false},"excerpt":{"rendered":"<p>Laugardaginn 8. okt\u00f3ber kl 14 og 21. Eins og undanfarin \u00e1r er Gilf\u00e9lagi\u00f0 samstarfsa\u00f0ili um A! gj\u00f6rningah\u00e1t\u00ed\u00f0 sem stendur fr\u00e1 6. til 9. okt\u00f3ber. A\u00f0 \u00feessu sinni eru tveir gj\u00f6rningar \u00ed Deiglunni laugardaginn 8. okt\u00f3ber. Rashelle Reyneveld fremur&#46;&#46;&#46;<\/p>\n","protected":false},"author":10,"featured_media":3382,"comment_status":"closed","ping_status":"closed","sticky":false,"template":"","format":"standard","meta":{"_exactmetrics_skip_tracking":false,"_exactmetrics_sitenote_active":false,"_exactmetrics_sitenote_note":"","_exactmetrics_sitenote_category":0,"footnotes":""},"categories":[4],"tags":[183,7,10],"class_list":["post-3381","post","type-post","status-publish","format-standard","has-post-thumbnail","hentry","category-frettir","tag-a","tag-deiglan","tag-listagil"],"_links":{"self":[{"href":"https:\/\/listagil.is\/index.php?rest_route=\/wp\/v2\/posts\/3381","targetHints":{"allow":["GET"]}}],"collection":[{"href":"https:\/\/listagil.is\/index.php?rest_route=\/wp\/v2\/posts"}],"about":[{"href":"https:\/\/listagil.is\/index.php?rest_route=\/wp\/v2\/types\/post"}],"author":[{"embeddable":true,"href":"https:\/\/listagil.is\/index.php?rest_route=\/wp\/v2\/users\/10"}],"replies":[{"embeddable":true,"href":"https:\/\/listagil.is\/index.php?rest_route=%2Fwp%2Fv2%2Fcomments&post=3381"}],"version-history":[{"count":3,"href":"https:\/\/listagil.is\/index.php?rest_route=\/wp\/v2\/posts\/3381\/revisions"}],"predecessor-version":[{"id":3385,"href":"https:\/\/listagil.is\/index.php?rest_route=\/wp\/v2\/posts\/3381\/revisions\/3385"}],"wp:featuredmedia":[{"embeddable":true,"href":"https:\/\/listagil.is\/index.php?rest_route=\/wp\/v2\/media\/3382"}],"wp:attachment":[{"href":"https:\/\/listagil.is\/index.php?rest_route=%2Fwp%2Fv2%2Fmedia&parent=3381"}],"wp:term":[{"taxonomy":"category","embeddable":true,"href":"https:\/\/listagil.is\/index.php?rest_route=%2Fwp%2Fv2%2Fcategories&post=3381"},{"taxonomy":"post_tag","embeddable":true,"href":"https:\/\/listagil.is\/index.php?rest_route=%2Fwp%2Fv2%2Ftags&post=3381"}],"curies":[{"name":"wp","href":"https:\/\/api.w.org\/{rel}","templated":true}]}}