{"id":2941,"date":"2022-01-24T22:28:52","date_gmt":"2022-01-24T22:28:52","guid":{"rendered":"http:\/\/listagil.is\/?p=2941"},"modified":"2022-01-24T22:28:53","modified_gmt":"2022-01-24T22:28:53","slug":"star-body-stone","status":"publish","type":"post","link":"https:\/\/listagil.is\/?p=2941","title":{"rendered":"star&#8211;>body&#8211;>stone&#8211;>"},"content":{"rendered":"\n<div class=\"wp-block-image\"><figure class=\"alignright size-large is-resized\"><img decoding=\"async\" src=\"http:\/\/listagil.is\/wp-content\/uploads\/2022\/01\/IMG_20190611_155211-710x1024.jpg\" alt=\"\" class=\"wp-image-2929\" width=\"350\" srcset=\"https:\/\/listagil.is\/wp-content\/uploads\/2022\/01\/IMG_20190611_155211-710x1024.jpg 710w, https:\/\/listagil.is\/wp-content\/uploads\/2022\/01\/IMG_20190611_155211-555x800.jpg 555w, https:\/\/listagil.is\/wp-content\/uploads\/2022\/01\/IMG_20190611_155211-768x1108.jpg 768w, https:\/\/listagil.is\/wp-content\/uploads\/2022\/01\/IMG_20190611_155211-1065x1536.jpg 1065w, https:\/\/listagil.is\/wp-content\/uploads\/2022\/01\/IMG_20190611_155211-1420x2048.jpg 1420w, https:\/\/listagil.is\/wp-content\/uploads\/2022\/01\/IMG_20190611_155211-scaled.jpg 1775w\" sizes=\"(max-width: 710px) 100vw, 710px\" \/><figcaption>rpt<\/figcaption><\/figure><\/div>\n\n\n\n<p>Veri\u00f0 velkomin \u00e1 s\u00fdninguna star&#8211;>body&#8211;>stone&#8211;> eftir gestalistamann Gilf\u00e9lagsins Sean Taal um helgina \u00ed Deiglunni. <\/p>\n\n\n\n<p>Vanda\u00f0ar og n\u00e1kv\u00e6mar bl\u00fdantsteikningar Sean Taal af sk\u00e1ldu\u00f0um r\u00fdmum vekja mann til umhugsunar um hva\u00f0 e\u00f0a hver liggi \u00ed skugganum. Me\u00f0 \u00fea\u00f0 a\u00f0 markmi\u00f0i a\u00f0 skapa tilfinningu um \u00f3vissu, m\u00e1 verk Sean \u00fat bili\u00f0 milli \u00fe\u00e6ginda og \u00f3\u00fe\u00e6ginda, raunveruleikans og \u00edmyndunar. Sean er myndlistarma\u00f0ur fr\u00e1 Mohkinstsis (Calgary, Kanada).<\/p>\n\n\n\n<p>Hann \u00fatskrifa\u00f0ist fr\u00e1 Alberta College of Art + Design me\u00f0 BFA \u00ed teikningu \u00e1ri\u00f0 2015. \u00c1ri\u00f0 2012 var s\u00f3tti hann Association of Independent Colleges of Art and Design\u2019s New York Studio Residency Program.<\/p>\n\n\n\n<p>Sean hefur dvali\u00f0 \u00ed gestavinnustofu Gilf\u00e9lagsins \u00ed jan\u00faar 2022. Hann hefur n\u00fdtt t\u00edmann \u00e1 Akureyri til a\u00f0 vinna a\u00f0 \u00e1framhaldandi r\u00f6\u00f0 teikninga sem leika me\u00f0 hella sem r\u00fdmi \u00fear sem l\u00ednan milli fantas\u00edu og veruleika fl\u00e9ttast saman. Me\u00f0 \u00fev\u00ed a\u00f0 nota pareid\u00f3l\u00edu (\u00feegar vi\u00f0 horfum \u00e1 eitthva\u00f0 \u00f3\u00feekkt en \u00feykjumst sj\u00e1 eitthva\u00f0 kunnuglegt, t.d. andlit \u00ed n\u00e1tt\u00farunni.) spegilmyndir, skugga og a\u00f0 vefja steinmyndanir \u00ed d\u00fak, er markmi\u00f0 \u00feessara teikninga a\u00f0 skapa dj\u00fapa \u00f3vissu og jafnframt hafa \u00fe\u00e6r t\u00e6landi og a\u00f0la\u00f0andi. \u00deeim er \u00e6tla\u00f0 a\u00f0 vera leikandi hugmyndir um lifandi altar sem vex og breytist \u00f3s\u00e9\u00f0 undir okkur.<\/p>\n\n\n\n<p>Opnunart\u00edmar eru kl. 14 &#8211; 17 laugardaginn 29. jan\u00faar og sunnudaginn 30. jan\u00faar 2022. <br>Deiglan, Kaupvangsstr\u00e6ti 23, Akureyri.<br>Veri\u00f0 hjartanlega velkomin. Gr\u00edmuskylda inni og t\u00edu manns mega vera \u00ed salnum \u00ed einu.<\/p>\n","protected":false},"excerpt":{"rendered":"<p>Veri\u00f0 velkomin \u00e1 s\u00fdninguna star&#8211;>body&#8211;>stone&#8211;> eftir gestalistamann Gilf\u00e9lagsins Sean Taal um helgina \u00ed Deiglunni. Vanda\u00f0ar og n\u00e1kv\u00e6mar bl\u00fdantsteikningar Sean Taal af sk\u00e1ldu\u00f0um r\u00fdmum vekja mann til umhugsunar um hva\u00f0 e\u00f0a hver liggi \u00ed skugganum. Me\u00f0 \u00fea\u00f0 a\u00f0 markmi\u00f0i&#46;&#46;&#46;<\/p>\n","protected":false},"author":3,"featured_media":2930,"comment_status":"closed","ping_status":"closed","sticky":false,"template":"","format":"standard","meta":{"_exactmetrics_skip_tracking":false,"_exactmetrics_sitenote_active":false,"_exactmetrics_sitenote_note":"","_exactmetrics_sitenote_category":0,"footnotes":""},"categories":[4],"tags":[],"class_list":["post-2941","post","type-post","status-publish","format-standard","has-post-thumbnail","hentry","category-frettir"],"_links":{"self":[{"href":"https:\/\/listagil.is\/index.php?rest_route=\/wp\/v2\/posts\/2941","targetHints":{"allow":["GET"]}}],"collection":[{"href":"https:\/\/listagil.is\/index.php?rest_route=\/wp\/v2\/posts"}],"about":[{"href":"https:\/\/listagil.is\/index.php?rest_route=\/wp\/v2\/types\/post"}],"author":[{"embeddable":true,"href":"https:\/\/listagil.is\/index.php?rest_route=\/wp\/v2\/users\/3"}],"replies":[{"embeddable":true,"href":"https:\/\/listagil.is\/index.php?rest_route=%2Fwp%2Fv2%2Fcomments&post=2941"}],"version-history":[{"count":1,"href":"https:\/\/listagil.is\/index.php?rest_route=\/wp\/v2\/posts\/2941\/revisions"}],"predecessor-version":[{"id":2943,"href":"https:\/\/listagil.is\/index.php?rest_route=\/wp\/v2\/posts\/2941\/revisions\/2943"}],"wp:featuredmedia":[{"embeddable":true,"href":"https:\/\/listagil.is\/index.php?rest_route=\/wp\/v2\/media\/2930"}],"wp:attachment":[{"href":"https:\/\/listagil.is\/index.php?rest_route=%2Fwp%2Fv2%2Fmedia&parent=2941"}],"wp:term":[{"taxonomy":"category","embeddable":true,"href":"https:\/\/listagil.is\/index.php?rest_route=%2Fwp%2Fv2%2Fcategories&post=2941"},{"taxonomy":"post_tag","embeddable":true,"href":"https:\/\/listagil.is\/index.php?rest_route=%2Fwp%2Fv2%2Ftags&post=2941"}],"curies":[{"name":"wp","href":"https:\/\/api.w.org\/{rel}","templated":true}]}}