{"id":2928,"date":"2022-01-06T14:49:10","date_gmt":"2022-01-06T14:49:10","guid":{"rendered":"http:\/\/listagil.is\/?p=2928"},"modified":"2022-01-06T14:49:11","modified_gmt":"2022-01-06T14:49:11","slug":"sean-taal","status":"publish","type":"post","link":"https:\/\/listagil.is\/?p=2928","title":{"rendered":"Sean Taal"},"content":{"rendered":"\n<div class=\"wp-block-image\"><figure class=\"alignright size-medium is-resized\"><img decoding=\"async\" src=\"http:\/\/listagil.is\/wp-content\/uploads\/2022\/01\/IMG_20190611_155211-555x800.jpg\" alt=\"\" class=\"wp-image-2929\" width=\"300\" srcset=\"https:\/\/listagil.is\/wp-content\/uploads\/2022\/01\/IMG_20190611_155211-555x800.jpg 555w, https:\/\/listagil.is\/wp-content\/uploads\/2022\/01\/IMG_20190611_155211-710x1024.jpg 710w, https:\/\/listagil.is\/wp-content\/uploads\/2022\/01\/IMG_20190611_155211-768x1108.jpg 768w, https:\/\/listagil.is\/wp-content\/uploads\/2022\/01\/IMG_20190611_155211-1065x1536.jpg 1065w, https:\/\/listagil.is\/wp-content\/uploads\/2022\/01\/IMG_20190611_155211-1420x2048.jpg 1420w, https:\/\/listagil.is\/wp-content\/uploads\/2022\/01\/IMG_20190611_155211-scaled.jpg 1775w\" sizes=\"(max-width: 555px) 100vw, 555px\" \/><figcaption>rpt<\/figcaption><\/figure><\/div>\n\n\n\n<p>Sean Taal er gestalistama\u00f0ur Gilf\u00e9lagsins \u00ed jan\u00faar 2022. <\/p>\n\n\n\n<p>Vanda\u00f0ar og n\u00e1kv\u00e6mar bl\u00fdantsteikningar Sean Taal af sk\u00e1ldu\u00f0um r\u00fdmum vekja mann til umhugsunar um hva\u00f0 e\u00f0a hver liggi \u00ed skugganum. Me\u00f0 \u00fea\u00f0 a\u00f0 markmi\u00f0i a\u00f0 skapa tilfinningu um \u00f3vissu, m\u00e1 verk Sean \u00fat bili\u00f0 milli \u00fe\u00e6ginda og \u00f3\u00fe\u00e6ginda, raunveruleikans og \u00edmyndunar. Sean er myndlistarma\u00f0ur fr\u00e1 Mohkinstsis (Calgary, Kanada). <\/p>\n\n\n\n<p>Hann \u00fatskrifa\u00f0ist fr\u00e1 Alberta College of Art + Design me\u00f0 BFA \u00ed teikningu \u00e1ri\u00f0 2015. \u00c1ri\u00f0 2012 var s\u00f3tti hann Association of Independent Colleges of Art and Design&#8217;s New York Studio Residency Program. <\/p>\n\n\n\n<p>Hann mun nota t\u00edmann \u00e1 Akureyri til a\u00f0 halda \u00e1fram a\u00f0 vinna a\u00f0 \u00e1framhaldandi r\u00f6\u00f0 teikninga sem leika me\u00f0 hella sem r\u00fdmi \u00fear sem l\u00ednan milli fantas\u00edu og veruleika geta au\u00f0veldlega fl\u00e9ttast saman. Me\u00f0 \u00fev\u00ed a\u00f0 nota pareid\u00f3l\u00edu (\u00feegar vi\u00f0 horfum \u00e1 eitthva\u00f0 \u00f3\u00feekkt en \u00feykjumst sj\u00e1 eitthva\u00f0 kunnuglegt, t.d. andlit \u00ed n\u00e1tt\u00farunni.) spegilmyndir, skugga og a\u00f0 vefja steinmyndanir \u00ed d\u00fak, er markmi\u00f0 \u00feessara teikninga a\u00f0 skapa dj\u00fapa \u00f3vissu og jafnframt hafa \u00fe\u00e6r t\u00e6landi og a\u00f0la\u00f0andi. \u00deeim er \u00e6tla\u00f0 a\u00f0 vera fj\u00f6rugar hugmyndir um lifandi altar sem vex og breytist \u00f3s\u00e9\u00f0 undir okkur.<\/p>\n\n\n\n<p>Sean mun s\u00fdna afrakstur dvalar sinnar 29. &#8211; 30. jan\u00faar \u00ed Deiglunni \u00e1 Akureyri.<\/p>\n\n\n\n<p>\/\/\/<\/p>\n\n\n\n<p><\/p>\n\n\n\n<p>Sean Taal is the artist in residence for the month of January 2022.<\/p>\n\n\n\n<p>Through meticulously detailed pencil drawings, Sean Taal renders fictionalized spaces that question what\u2019s looking back from the shadows. Aiming to create a sense of uncertainty, Sean\u2019s work blurs the dichotomy between comfort and discomfort, real and imagined. <\/p>\n\n\n\n<p>Sean is a visual artist from Mohkinstsis (Calgary, Canada). He graduated from the Alberta College of Art + Design with a BFA in drawing in 2015. In 2012, he attended the Association of Independent Colleges of Art and Design\u2019s New York Studio Residency Program. <\/p>\n\n\n\n<p>He will be using his time to continue work on an ongoing series of drawings playing with caves as a space where lines between fantasy and reality can easily intertwine. Using pareidolia, reflections, shadows, and wrapping stone formations in fabrics, the aim of these drawings is to create deep uncertainty while remaining seductive and inviting. They are meant to be playful proposals of living altars growing and changing unseen below us.<\/p>\n\n\n\n<p>An exhibition with the products of Seans stay will be open January 29 &#8211; 30th in Deiglan, Akureyri.<\/p>\n\n\n\n<figure class=\"wp-block-image size-large\"><img loading=\"lazy\" decoding=\"async\" width=\"1024\" height=\"768\" src=\"http:\/\/listagil.is\/wp-content\/uploads\/2022\/01\/IMG_1846-1024x768.jpeg\" alt=\"\" class=\"wp-image-2931\" srcset=\"https:\/\/listagil.is\/wp-content\/uploads\/2022\/01\/IMG_1846-1024x768.jpeg 1024w, https:\/\/listagil.is\/wp-content\/uploads\/2022\/01\/IMG_1846-800x600.jpeg 800w, https:\/\/listagil.is\/wp-content\/uploads\/2022\/01\/IMG_1846-768x576.jpeg 768w, https:\/\/listagil.is\/wp-content\/uploads\/2022\/01\/IMG_1846-1536x1152.jpeg 1536w, https:\/\/listagil.is\/wp-content\/uploads\/2022\/01\/IMG_1846.jpeg 1600w\" sizes=\"auto, (max-width: 1024px) 100vw, 1024px\" \/><\/figure>\n\n\n\n<figure class=\"wp-block-image size-large\"><img loading=\"lazy\" decoding=\"async\" width=\"768\" height=\"1024\" src=\"http:\/\/listagil.is\/wp-content\/uploads\/2022\/01\/20180830_162326-768x1024.jpg\" alt=\"\" class=\"wp-image-2930\" srcset=\"https:\/\/listagil.is\/wp-content\/uploads\/2022\/01\/20180830_162326-768x1024.jpg 768w, https:\/\/listagil.is\/wp-content\/uploads\/2022\/01\/20180830_162326-600x800.jpg 600w, https:\/\/listagil.is\/wp-content\/uploads\/2022\/01\/20180830_162326-1152x1536.jpg 1152w, https:\/\/listagil.is\/wp-content\/uploads\/2022\/01\/20180830_162326-1536x2048.jpg 1536w, https:\/\/listagil.is\/wp-content\/uploads\/2022\/01\/20180830_162326-scaled.jpg 1920w\" sizes=\"auto, (max-width: 768px) 100vw, 768px\" \/><\/figure>\n","protected":false},"excerpt":{"rendered":"<p>Sean Taal er gestalistama\u00f0ur Gilf\u00e9lagsins \u00ed jan\u00faar 2022. Vanda\u00f0ar og n\u00e1kv\u00e6mar bl\u00fdantsteikningar Sean Taal af sk\u00e1ldu\u00f0um r\u00fdmum vekja mann til umhugsunar um hva\u00f0 e\u00f0a hver liggi \u00ed skugganum. Me\u00f0 \u00fea\u00f0 a\u00f0 markmi\u00f0i a\u00f0 skapa tilfinningu um \u00f3vissu, m\u00e1&#46;&#46;&#46;<\/p>\n","protected":false},"author":3,"featured_media":2929,"comment_status":"closed","ping_status":"closed","sticky":false,"template":"","format":"standard","meta":{"_exactmetrics_skip_tracking":false,"_exactmetrics_sitenote_active":false,"_exactmetrics_sitenote_note":"","_exactmetrics_sitenote_category":0,"footnotes":""},"categories":[73],"tags":[],"class_list":["post-2928","post","type-post","status-publish","format-standard","has-post-thumbnail","hentry","category-gestalistamenn"],"_links":{"self":[{"href":"https:\/\/listagil.is\/index.php?rest_route=\/wp\/v2\/posts\/2928","targetHints":{"allow":["GET"]}}],"collection":[{"href":"https:\/\/listagil.is\/index.php?rest_route=\/wp\/v2\/posts"}],"about":[{"href":"https:\/\/listagil.is\/index.php?rest_route=\/wp\/v2\/types\/post"}],"author":[{"embeddable":true,"href":"https:\/\/listagil.is\/index.php?rest_route=\/wp\/v2\/users\/3"}],"replies":[{"embeddable":true,"href":"https:\/\/listagil.is\/index.php?rest_route=%2Fwp%2Fv2%2Fcomments&post=2928"}],"version-history":[{"count":1,"href":"https:\/\/listagil.is\/index.php?rest_route=\/wp\/v2\/posts\/2928\/revisions"}],"predecessor-version":[{"id":2932,"href":"https:\/\/listagil.is\/index.php?rest_route=\/wp\/v2\/posts\/2928\/revisions\/2932"}],"wp:featuredmedia":[{"embeddable":true,"href":"https:\/\/listagil.is\/index.php?rest_route=\/wp\/v2\/media\/2929"}],"wp:attachment":[{"href":"https:\/\/listagil.is\/index.php?rest_route=%2Fwp%2Fv2%2Fmedia&parent=2928"}],"wp:term":[{"taxonomy":"category","embeddable":true,"href":"https:\/\/listagil.is\/index.php?rest_route=%2Fwp%2Fv2%2Fcategories&post=2928"},{"taxonomy":"post_tag","embeddable":true,"href":"https:\/\/listagil.is\/index.php?rest_route=%2Fwp%2Fv2%2Ftags&post=2928"}],"curies":[{"name":"wp","href":"https:\/\/api.w.org\/{rel}","templated":true}]}}