{"id":2887,"date":"2021-11-07T19:53:55","date_gmt":"2021-11-07T19:53:55","guid":{"rendered":"http:\/\/listagil.is\/?p=2887"},"modified":"2021-11-07T19:54:32","modified_gmt":"2021-11-07T19:54:32","slug":"konan-og-drekinn-myndlistasyning","status":"publish","type":"post","link":"https:\/\/listagil.is\/?p=2887","title":{"rendered":"Konan og drekinn &#8211; Myndlistas\u00fdning"},"content":{"rendered":"\n<p>Konan og drekinn<br>Myndlistars\u00fdning fl\u00e9ttu\u00f0 saman me\u00f0 \u00e6vint\u00fdralegri s\u00f6gu.<br>Deiglan, Akureyri<br>13. &#8211; 14. n\u00f3v \/ 20. &#8211; 21. n\u00f3vember kl. 14 &#8211; 17<\/p>\n\n\n\n<figure class=\"wp-block-image size-large\"><img loading=\"lazy\" decoding=\"async\" width=\"915\" height=\"678\" src=\"http:\/\/listagil.is\/wp-content\/uploads\/2021\/11\/20211102_142949.jpg\" alt=\"\" class=\"wp-image-2888\" srcset=\"https:\/\/listagil.is\/wp-content\/uploads\/2021\/11\/20211102_142949.jpg 915w, https:\/\/listagil.is\/wp-content\/uploads\/2021\/11\/20211102_142949-800x593.jpg 800w, https:\/\/listagil.is\/wp-content\/uploads\/2021\/11\/20211102_142949-768x569.jpg 768w\" sizes=\"auto, (max-width: 915px) 100vw, 915px\" \/><\/figure>\n\n\n\n<p>S\u00fdningin samanstendur af m\u00e1lverkum og s\u00f6gu. Sagan sem fylgir me\u00f0 m\u00e1lverkunum fjallar um konu sem \u00e1ttar sig \u00e1 \u00fev\u00ed a\u00f0 \u00fe\u00f3tt hennar daglega l\u00edf s\u00e9 harla gott \u00fe\u00e1 \u00feyrstir hana \u00ed eitthva\u00f0 meira. Frelsi\u00f0 kallar \u00e1 hana og h\u00fan leggur af sta\u00f0 \u00ed fer\u00f0alag. \u00c1 lei\u00f0inni safnar h\u00fan \u00feekkingu og reynslu og finnur \u00fdmislegt sem veitir henni meiri l\u00edfsfyllingu. H\u00fan upplifir l\u00edka \u00e1 eigin skinni a\u00f0 l\u00edfi\u00f0 \u00e1 \u00fea\u00f0 til a\u00f0 ganga \u00ed bylgjum, \u00fdmist upp e\u00f0a ni\u00f0ur. \u00c1 upplei\u00f0inni r\u00edkir gle\u00f0i og tilhl\u00f6kkun en \u00e1 ni\u00f0urlei\u00f0inni taka erfi\u00f0ari tilfinningar vi\u00f0 og \u00fe\u00e1 getur veri\u00f0 sn\u00fai\u00f0 a\u00f0 halda dampi. \u00c1 vegfer\u00f0inni hittir konan dreka og \u00e1 vi\u00f0 hann dj\u00fapst\u00e6tt samtal sem ver\u00f0ur til \u00feess a\u00f0 h\u00fan \u00f6\u00f0last meiri sj\u00e1lfs\u00feekkingu. Sagan er \u00ed raun hetjuf\u00f6r konunnar fr\u00e1 landi hins \u00feekkta yfir \u00ed land hins \u00f3\u00feekkta, \u00e6vint\u00fdri\u00f0. H\u00fan heyrir kall frelsisins og leggur af sta\u00f0, sigrast \u00e1 erfi\u00f0leikunum og kemur til baka me\u00f0 gjafir sem n\u00fdtast ekki einungis henni heldur l\u00edka samfer\u00f0am\u00f6nnum hennar.<\/p>\n\n\n\n<p>Markmi\u00f0 s\u00fdningarinnar er vitundarvakning, a\u00f0 vekja f\u00f3lk til umhugsunar, til vitundar um hversu mikill fj\u00e1rsj\u00f3\u00f0ur b\u00fdr \u00ed hverju og einu okkar. Hva\u00f0 gerist \u00feegar vi\u00f0 pr\u00f3fum a\u00f0 st\u00edga \u00fat fyrir okkar hversdagslega l\u00edf og opna fyrir eitthva\u00f0 n\u00fdtt? Me\u00f0 s\u00fdningunni langar mig a\u00f0 hvetja f\u00f3lk til a\u00f0 s\u00fdna hugrekki til a\u00f0 opna eigin fj\u00e1rsj\u00f3\u00f0skistu og treysta fl\u00e6\u00f0inu sem fylgir sk\u00f6punarkraftinum.<\/p>\n\n\n\n<div class=\"wp-block-image\"><figure class=\"alignright size-large is-resized\"><img loading=\"lazy\" decoding=\"async\" src=\"http:\/\/listagil.is\/wp-content\/uploads\/2021\/11\/20210919_200028-1.jpg\" alt=\"\" class=\"wp-image-2889\" width=\"510\" height=\"510\" srcset=\"https:\/\/listagil.is\/wp-content\/uploads\/2021\/11\/20210919_200028-1.jpg 680w, https:\/\/listagil.is\/wp-content\/uploads\/2021\/11\/20210919_200028-1-150x150.jpg 150w, https:\/\/listagil.is\/wp-content\/uploads\/2021\/11\/20210919_200028-1-80x80.jpg 80w, https:\/\/listagil.is\/wp-content\/uploads\/2021\/11\/20210919_200028-1-320x320.jpg 320w\" sizes=\"auto, (max-width: 510px) 100vw, 510px\" \/><\/figure><\/div>\n\n\n\n<p>Listakonan \u00d3sk Sigur\u00f0ard\u00f3ttir hefur brennandi \u00e1huga \u00e1 a\u00f0 hj\u00e1lpa \u00f6\u00f0rum a\u00f0 gera l\u00edfi\u00f0 skemmtilegra og innihaldsr\u00edkara. H\u00fan \u00fatskrifa\u00f0ist \u00far graf\u00edskri h\u00f6nnun fr\u00e1 Myndlistask\u00f3lanum \u00e1 Akureyri og starfar sem leiksk\u00f3lakennari, j\u00f3gakennari og mark\u00fej\u00e1lfi. \u00cd leiksk\u00f3lanum n\u00fdtur h\u00fan \u00feess a\u00f0 lei\u00f0a b\u00f6rnin \u00ed j\u00f3ga, listsk\u00f6pun og hreyfingu. \u00cd mark\u00fej\u00e1lfasamt\u00f6lum a\u00f0sto\u00f0ar h\u00fan f\u00f3lk vi\u00f0 a\u00f0 koma l\u00f6ngunum s\u00ednum \u00ed or\u00f0 og m\u00f3ta a\u00f0ger\u00f0ir til a\u00f0 stefna \u00ed \u00e1tt a\u00f0 draumunum og nj\u00f3ta l\u00edfsins \u00e1 vegfer\u00f0inni. J\u00f3gai\u00f0kunin og kennslan er \u00d3sk mikilv\u00e6g lei\u00f0 til \u00feess a\u00f0 gefa sj\u00e1lfri s\u00e9r og \u00f6\u00f0rum t\u00e6kif\u00e6ri til a\u00f0 eiga stund \u00ed n\u00favitund til \u00feess a\u00f0 sinna huga, l\u00edkama og s\u00e1l. Listsk\u00f6punin er henni d\u00fdrm\u00e6t \u00fatr\u00e1s og lei\u00f0 til vaxtar \u00ed gegnum fl\u00e6\u00f0i \u00fear sem \u00fatkoman skiptir ekki m\u00e1li, einungis \u00fea\u00f0 a\u00f0 nj\u00f3ta.<\/p>\n\n\n\n<p><\/p>\n\n\n\n<p><\/p>\n\n\n\n<p><\/p>\n\n\n\n<figure class=\"wp-block-gallery columns-3 is-cropped wp-block-gallery-1 is-layout-flex wp-block-gallery-is-layout-flex\"><ul class=\"blocks-gallery-grid\"><li class=\"blocks-gallery-item\"><figure><img loading=\"lazy\" decoding=\"async\" width=\"645\" height=\"860\" src=\"http:\/\/listagil.is\/wp-content\/uploads\/2021\/11\/20211015_122442.jpg\" alt=\"\" data-id=\"2892\" data-full-url=\"http:\/\/listagil.is\/wp-content\/uploads\/2021\/11\/20211015_122442.jpg\" data-link=\"http:\/\/listagil.is\/?attachment_id=2892\" class=\"wp-image-2892\" srcset=\"https:\/\/listagil.is\/wp-content\/uploads\/2021\/11\/20211015_122442.jpg 645w, https:\/\/listagil.is\/wp-content\/uploads\/2021\/11\/20211015_122442-600x800.jpg 600w\" sizes=\"auto, (max-width: 645px) 100vw, 645px\" \/><\/figure><\/li><li class=\"blocks-gallery-item\"><figure><img loading=\"lazy\" decoding=\"async\" width=\"633\" height=\"844\" src=\"http:\/\/listagil.is\/wp-content\/uploads\/2021\/11\/20211015_122325.jpg\" alt=\"\" data-id=\"2891\" data-full-url=\"http:\/\/listagil.is\/wp-content\/uploads\/2021\/11\/20211015_122325.jpg\" data-link=\"http:\/\/listagil.is\/?attachment_id=2891\" class=\"wp-image-2891\" srcset=\"https:\/\/listagil.is\/wp-content\/uploads\/2021\/11\/20211015_122325.jpg 633w, https:\/\/listagil.is\/wp-content\/uploads\/2021\/11\/20211015_122325-600x800.jpg 600w\" sizes=\"auto, (max-width: 633px) 100vw, 633px\" \/><\/figure><\/li><li class=\"blocks-gallery-item\"><figure><img loading=\"lazy\" decoding=\"async\" width=\"629\" height=\"839\" src=\"http:\/\/listagil.is\/wp-content\/uploads\/2021\/11\/20211015_122039.jpg\" alt=\"\" data-id=\"2890\" data-full-url=\"http:\/\/listagil.is\/wp-content\/uploads\/2021\/11\/20211015_122039.jpg\" data-link=\"http:\/\/listagil.is\/?attachment_id=2890\" class=\"wp-image-2890\" srcset=\"https:\/\/listagil.is\/wp-content\/uploads\/2021\/11\/20211015_122039.jpg 629w, https:\/\/listagil.is\/wp-content\/uploads\/2021\/11\/20211015_122039-600x800.jpg 600w\" sizes=\"auto, (max-width: 629px) 100vw, 629px\" \/><\/figure><\/li><\/ul><\/figure>\n","protected":false},"excerpt":{"rendered":"<p>Konan og drekinnMyndlistars\u00fdning fl\u00e9ttu\u00f0 saman me\u00f0 \u00e6vint\u00fdralegri s\u00f6gu.Deiglan, Akureyri13. &#8211; 14. n\u00f3v \/ 20. &#8211; 21. n\u00f3vember kl. 14 &#8211; 17 S\u00fdningin samanstendur af m\u00e1lverkum og s\u00f6gu. Sagan sem fylgir me\u00f0 m\u00e1lverkunum fjallar um konu sem \u00e1ttar sig&#46;&#46;&#46;<\/p>\n","protected":false},"author":3,"featured_media":2888,"comment_status":"closed","ping_status":"closed","sticky":false,"template":"","format":"standard","meta":{"_exactmetrics_skip_tracking":false,"_exactmetrics_sitenote_active":false,"_exactmetrics_sitenote_note":"","_exactmetrics_sitenote_category":0,"footnotes":""},"categories":[4],"tags":[],"class_list":["post-2887","post","type-post","status-publish","format-standard","has-post-thumbnail","hentry","category-frettir"],"_links":{"self":[{"href":"https:\/\/listagil.is\/index.php?rest_route=\/wp\/v2\/posts\/2887","targetHints":{"allow":["GET"]}}],"collection":[{"href":"https:\/\/listagil.is\/index.php?rest_route=\/wp\/v2\/posts"}],"about":[{"href":"https:\/\/listagil.is\/index.php?rest_route=\/wp\/v2\/types\/post"}],"author":[{"embeddable":true,"href":"https:\/\/listagil.is\/index.php?rest_route=\/wp\/v2\/users\/3"}],"replies":[{"embeddable":true,"href":"https:\/\/listagil.is\/index.php?rest_route=%2Fwp%2Fv2%2Fcomments&post=2887"}],"version-history":[{"count":2,"href":"https:\/\/listagil.is\/index.php?rest_route=\/wp\/v2\/posts\/2887\/revisions"}],"predecessor-version":[{"id":2895,"href":"https:\/\/listagil.is\/index.php?rest_route=\/wp\/v2\/posts\/2887\/revisions\/2895"}],"wp:featuredmedia":[{"embeddable":true,"href":"https:\/\/listagil.is\/index.php?rest_route=\/wp\/v2\/media\/2888"}],"wp:attachment":[{"href":"https:\/\/listagil.is\/index.php?rest_route=%2Fwp%2Fv2%2Fmedia&parent=2887"}],"wp:term":[{"taxonomy":"category","embeddable":true,"href":"https:\/\/listagil.is\/index.php?rest_route=%2Fwp%2Fv2%2Fcategories&post=2887"},{"taxonomy":"post_tag","embeddable":true,"href":"https:\/\/listagil.is\/index.php?rest_route=%2Fwp%2Fv2%2Ftags&post=2887"}],"curies":[{"name":"wp","href":"https:\/\/api.w.org\/{rel}","templated":true}]}}