{"id":2768,"date":"2021-07-20T11:23:19","date_gmt":"2021-07-20T11:23:19","guid":{"rendered":"http:\/\/listagil.is\/?p=2768"},"modified":"2021-07-20T11:23:20","modified_gmt":"2021-07-20T11:23:20","slug":"then-and-now-tha-og-nu","status":"publish","type":"post","link":"https:\/\/listagil.is\/?p=2768","title":{"rendered":"THEN AND NOW &#8211; \u00de\u00c1 OG N\u00da"},"content":{"rendered":"\n<figure class=\"wp-block-image size-large\"><img loading=\"lazy\" decoding=\"async\" width=\"1024\" height=\"739\" src=\"http:\/\/listagil.is\/wp-content\/uploads\/2021\/07\/Thomas-Brewer_-ME-AS-ET-2016-1024x739.jpg\" alt=\"\" class=\"wp-image-2769\" srcset=\"https:\/\/listagil.is\/wp-content\/uploads\/2021\/07\/Thomas-Brewer_-ME-AS-ET-2016-1024x739.jpg 1024w, https:\/\/listagil.is\/wp-content\/uploads\/2021\/07\/Thomas-Brewer_-ME-AS-ET-2016-800x577.jpg 800w, https:\/\/listagil.is\/wp-content\/uploads\/2021\/07\/Thomas-Brewer_-ME-AS-ET-2016-768x554.jpg 768w, https:\/\/listagil.is\/wp-content\/uploads\/2021\/07\/Thomas-Brewer_-ME-AS-ET-2016-1536x1109.jpg 1536w, https:\/\/listagil.is\/wp-content\/uploads\/2021\/07\/Thomas-Brewer_-ME-AS-ET-2016-2048x1478.jpg 2048w\" sizes=\"auto, (max-width: 1024px) 100vw, 1024px\" \/><\/figure>\n\n\n\n<p>Gestalistama\u00f0ur Gilf\u00e9lagsins, Dr. Thomas Brewer, opnar s\u00fdningu \u00ed Deiglunni laugardaginn 24. j\u00fal\u00ed 2021 kl. 14 &#8211; 17. S\u00fdningin ver\u00f0ur einnig opin sunnudag kl. 14 &#8211; 17.<\/p>\n\n\n\n<p>\u00de\u00e1 v\u00edsar til verka sem hann vann \u00ed gestavinnustofu Gilf\u00e9lagsins 2016 og N\u00fa v\u00edsar til n\u00fdrra verka unnin \u00e1 gestavinnustofunni, papp\u00edrssk\u00falpt\u00farar sem Thomas kallar Tafla. T\u00edmabili\u00f0 \u00fear \u00e1 milli eru keramikverk auk jazz og bl\u00fas t\u00f3nlistar sem hann gefur \u00fat \u00ed eigin nafni.<\/p>\n\n\n\n<p>Dr. Thomas Brewer er me\u00f0 B.A. gr\u00e1\u00f0u \u00ed myndlist og keram\u00edk fr\u00e1 Southern Illinois University Carbondale (1973),\u00a0 M.A. gr\u00e1\u00f0u \u00ed myndlist fr\u00e1 University of Illinois Urbana-Champaign (1985) og Ph.D. gr\u00e1\u00f0u \u00ed myndlist fr\u00e1 Florida State University (1989). Hann hefur unni\u00f0 sem keram\u00edker og s\u00ed\u00f0ar kennt listir og listn\u00e1m \u00e1 h\u00e1sk\u00f3lastigi \u00ed 35 \u00e1r. Dr. Brewer hefur seti\u00f0 \u00ed \u00fdmsum nefndum og stunda\u00f0 listranns\u00f3knir me\u00f0fram kennslu og s\u00fdningum.<\/p>\n\n\n\n<p>Veri\u00f0 \u00f6ll hjartanlega velkomin.<\/p>\n\n\n\n<div class=\"wp-block-image\"><figure class=\"alignleft size-medium is-resized\"><img loading=\"lazy\" decoding=\"async\" src=\"http:\/\/listagil.is\/wp-content\/uploads\/2021\/07\/Tafla-1-Entrance-628x800.jpg\" alt=\"\" class=\"wp-image-2770\" width=\"382\" height=\"400\"\/><\/figure><\/div>\n\n\n\n<div class=\"wp-block-image\"><figure class=\"alignright size-large is-resized\"><img loading=\"lazy\" decoding=\"async\" src=\"http:\/\/listagil.is\/wp-content\/uploads\/2021\/07\/Tafla-4-Whats-with-green-people-763x1024.jpg\" alt=\"\" class=\"wp-image-2771\" width=\"382\" height=\"512\" srcset=\"https:\/\/listagil.is\/wp-content\/uploads\/2021\/07\/Tafla-4-Whats-with-green-people-763x1024.jpg 763w, https:\/\/listagil.is\/wp-content\/uploads\/2021\/07\/Tafla-4-Whats-with-green-people-596x800.jpg 596w, https:\/\/listagil.is\/wp-content\/uploads\/2021\/07\/Tafla-4-Whats-with-green-people-768x1031.jpg 768w, https:\/\/listagil.is\/wp-content\/uploads\/2021\/07\/Tafla-4-Whats-with-green-people-1145x1536.jpg 1145w, https:\/\/listagil.is\/wp-content\/uploads\/2021\/07\/Tafla-4-Whats-with-green-people-1526x2048.jpg 1526w, https:\/\/listagil.is\/wp-content\/uploads\/2021\/07\/Tafla-4-Whats-with-green-people-scaled.jpg 1908w\" sizes=\"auto, (max-width: 382px) 100vw, 382px\" \/><\/figure><\/div>\n","protected":false},"excerpt":{"rendered":"<p>Gestalistama\u00f0ur Gilf\u00e9lagsins, Dr. Thomas Brewer, opnar s\u00fdningu \u00ed Deiglunni laugardaginn 24. j\u00fal\u00ed 2021 kl. 14 &#8211; 17. S\u00fdningin ver\u00f0ur einnig opin sunnudag kl. 14 &#8211; 17. \u00de\u00e1 v\u00edsar til verka sem hann vann \u00ed gestavinnustofu Gilf\u00e9lagsins 2016 og&#46;&#46;&#46;<\/p>\n","protected":false},"author":3,"featured_media":2769,"comment_status":"closed","ping_status":"closed","sticky":false,"template":"","format":"standard","meta":{"_exactmetrics_skip_tracking":false,"_exactmetrics_sitenote_active":false,"_exactmetrics_sitenote_note":"","_exactmetrics_sitenote_category":0,"footnotes":""},"categories":[4],"tags":[],"class_list":["post-2768","post","type-post","status-publish","format-standard","has-post-thumbnail","hentry","category-frettir"],"_links":{"self":[{"href":"https:\/\/listagil.is\/index.php?rest_route=\/wp\/v2\/posts\/2768","targetHints":{"allow":["GET"]}}],"collection":[{"href":"https:\/\/listagil.is\/index.php?rest_route=\/wp\/v2\/posts"}],"about":[{"href":"https:\/\/listagil.is\/index.php?rest_route=\/wp\/v2\/types\/post"}],"author":[{"embeddable":true,"href":"https:\/\/listagil.is\/index.php?rest_route=\/wp\/v2\/users\/3"}],"replies":[{"embeddable":true,"href":"https:\/\/listagil.is\/index.php?rest_route=%2Fwp%2Fv2%2Fcomments&post=2768"}],"version-history":[{"count":1,"href":"https:\/\/listagil.is\/index.php?rest_route=\/wp\/v2\/posts\/2768\/revisions"}],"predecessor-version":[{"id":2772,"href":"https:\/\/listagil.is\/index.php?rest_route=\/wp\/v2\/posts\/2768\/revisions\/2772"}],"wp:featuredmedia":[{"embeddable":true,"href":"https:\/\/listagil.is\/index.php?rest_route=\/wp\/v2\/media\/2769"}],"wp:attachment":[{"href":"https:\/\/listagil.is\/index.php?rest_route=%2Fwp%2Fv2%2Fmedia&parent=2768"}],"wp:term":[{"taxonomy":"category","embeddable":true,"href":"https:\/\/listagil.is\/index.php?rest_route=%2Fwp%2Fv2%2Fcategories&post=2768"},{"taxonomy":"post_tag","embeddable":true,"href":"https:\/\/listagil.is\/index.php?rest_route=%2Fwp%2Fv2%2Ftags&post=2768"}],"curies":[{"name":"wp","href":"https:\/\/api.w.org\/{rel}","templated":true}]}}