{"id":2763,"date":"2021-06-12T13:32:00","date_gmt":"2021-06-12T13:32:00","guid":{"rendered":"http:\/\/listagil.is\/?p=2763"},"modified":"2021-07-06T13:36:17","modified_gmt":"2021-07-06T13:36:17","slug":"stjornarfundur-10-juni-2021","status":"publish","type":"post","link":"https:\/\/listagil.is\/?p=2763","title":{"rendered":"Stj\u00f3rnarfundur 10. j\u00fan\u00ed 2021"},"content":{"rendered":"\n<p>Fundarger\u00f0 10.06.2021<br>Stj\u00f3rnarfundur Gilf\u00e9lagsins Kaupvangsstr\u00e6ti 23, 600 Akureyri.<br>Fundurinn var haldinn 10.06.2021<br>M\u00e6ttir: A\u00f0alsteinn \u00de\u00f3rsson, Ingibj\u00f6rg Stef\u00e1nsd\u00f3ttir, Erika Lind Isaksen, Hei\u00f0d\u00eds H\u00f3lm Gu\u00f0mundsd\u00f3ttir, Arna G. Valsd\u00f3ttir<\/p>\n\n\n\n<p>Dagskr\u00e1:<\/p>\n\n\n\n<ol class=\"wp-block-list\"><li>Gestavinnustofa<\/li><li>Deiglan<\/li><li>H\u00fasvarsla<\/li><li>Tengili\u00f0ir fyrir vi\u00f0bur\u00f0i<\/li><li>Afm\u00e6lish\u00e1t\u00ed\u00f0<\/li><li>Augl\u00fdsingar v\/ Gildaga<\/li><li>Umsj\u00f3n me\u00f0 netfangi Gilf\u00e9lagsins<\/li><li>\u00d6nnur m\u00e1l<\/li><\/ol>\n\n\n\n<ol class=\"wp-block-list\"><li>Gestavinnustofa<\/li><\/ol>\n\n\n\n<p>Covid hefur haft mikil \u00e1hrif \u00e1 gestavinnustofuna og margir listamannanna ekki s\u00e9\u00f0 s\u00e9r f\u00e6rt a\u00f0 koma. N\u00fa hinsvegar l\u00edtur allt vel \u00fat fr\u00e1 og me\u00f0 j\u00fal\u00ed.<\/p>\n\n\n\n<p>Augl\u00fdsing fyrir n\u00e6sta \u00e1r ver\u00f0ur birt 18.j\u00fan\u00ed og \u00fe\u00e1 opnar fyrir ums\u00f3knir. Ums\u00f3knart\u00edmabili l\u00fdkur \u00feann 1. \u00e1g\u00fast. Veri\u00f0 er a\u00f0 forma nefnd til a\u00f0 fara yfir ums\u00f3knir.<\/p>\n\n\n\n<p>Ingibj\u00f6rg bau\u00f0 sig fram sem tengili\u00f0 fyrir listamann \u00ed J\u00fal\u00ed.Stj\u00f3rn stefnir \u00e1 a\u00f0 taka \u00ferifat\u00f6rn \u00ed gestavinnustofunni \u00ed seinni hluta j\u00fan\u00ed.<\/p>\n\n\n\n<p>Stj\u00f3rn sam\u00feykkir a\u00f0 a\u00f0laga ver\u00f0 fyrir dv\u00f6l \u00ed gestavinnustofu a\u00f0 genginu og ver\u00f0ur \u00fe\u00e1 upph\u00e6\u00f0in kr. 95.000 fyrir m\u00e1nu\u00f0inn.<\/p>\n\n\n\n<p>2. Deiglan<\/p>\n\n\n\n<p>S\u00f6ngn\u00e1mskei\u00f0 stendur n\u00fa yfir &#8211; 21. &#8211; 25.j\u00fan\u00ed. Leigan fyrir \u00feetta t\u00edmabil er kr. 40.000 .Stj\u00f3rnin r\u00e6\u00f0ir endursko\u00f0un \u00e1 leigu fyrir Deigluna. Sam\u00feykkt a\u00f0 1 dagur um helgi s\u00e9 35.000 og a\u00f0rar t\u00f6lur s\u00e9u a\u00f0laga\u00f0ar hlutfallslega a\u00f0 \u00fev\u00ed.<\/p>\n\n\n\n<p>3. H\u00fasvarsla<\/p>\n\n\n\n<p>A\u00f0alsteinn tekur a\u00f0 s\u00e9r a\u00f0 vera tengili\u00f0ur og s\u00e9r um a\u00f0 deila \u00e1byrg\u00f0.<\/p>\n\n\n\n<p>\u00dea\u00f0 \u00fearf a\u00f0 koma skipulagi \u00e1 \u00ferifin. Gott v\u00e6ri a\u00f0 f\u00e1 starfskraft til a\u00f0 \u00ferifa \u00e1 2 vikna fresti og tilfallandi ef \u00fearf. Stj\u00f3rnarme\u00f0limir eru a\u00f0 vinna \u00ed \u00fev\u00ed a\u00f0 finna a\u00f0ila og koma \u00feessu \u00e1 hreint.<\/p>\n\n\n\n<p>4. Tengili\u00f0ir fyrir vi\u00f0bur\u00f0iA<\/p>\n\n\n\n<p>\u00f0alsteinn tekur a\u00f0 s\u00e9r a\u00f0 vera tengili\u00f0ur. fyrir listamenn fr\u00e1 USA sem setja upp s\u00fdningu \u00feann 14.j\u00fan\u00ed &#8211; 15.j\u00fan\u00ed.<\/p>\n\n\n\n<p>Ingibj\u00f6rg tekur a\u00f0 s\u00e9r a\u00f0 vera tengili\u00f0ur fyrir a\u00f0ra vi\u00f0bur\u00f0i \u00e1 n\u00e6stu vikum og Erika b\u00fd\u00f0ur sig fram sem varama\u00f0ur.<\/p>\n\n\n\n<p>5. Afm\u00e6lish\u00e1t\u00ed\u00f0<\/p>\n\n\n\n<p>Populus Tremula bandi\u00f0 er b\u00fai\u00f0 a\u00f0 b\u00f3ka t\u00f3nleika \u00feann 11. sept.<\/p>\n\n\n\n<p>\u00c1\u00e6tlu\u00f0 sams\u00fdning Gilf\u00e9laga opnar 10. sept. A\u00f0alsteinn er umsj\u00f3narma\u00f0ur \u00feess vi\u00f0bur\u00f0ar. Arna og Erika til a\u00f0sto\u00f0ar. Erika tekur a\u00f0 s\u00e9r a\u00f0 hanna augl\u00fdsingar.<\/p>\n\n\n\n<p>S\u00f6gus\u00fdning Gilf\u00e9lagsins fer fram dagana 8. &#8211; 21. okt\u00f3ber. Gu\u00f0mundur \u00c1rmann er s\u00fdningarstj\u00f3ri og Ingibj\u00f6rg er a\u00f0sto\u00f0arma\u00f0ur.<\/p>\n\n\n\n<p>A\u00f0alsteinn nefnir m\u00f6guleikann \u00e1 a\u00f0 gefa \u00fat b\u00e6kling \u00fer\u00e1tt fyrir a\u00f0 styrkur hafi ekki fengist til b\u00f3ka\u00fatg\u00e1fu.<\/p>\n\n\n\n<p>\u00dea\u00f0 mun vera kostan\u00f0ur \u00ed kringum s\u00fdninguna en ekki enn lj\u00f3st hver s\u00fa upph\u00e6\u00f0 ver\u00f0ur. <\/p>\n\n\n\n<p>Grein sem Arnd\u00eds Bergsd\u00f3ttir skrifa\u00f0i \u00e1 s\u00ednum t\u00edma var nefnd og \u00fea\u00f0 er spurning hvort \u00e6tti a\u00f0 \u00f3ska eftir \u00fev\u00ed a\u00f0 f\u00e1 a\u00f0 birta hana aftur.<\/p>\n\n\n\n<p>6. Augl\u00fdsingar vegna Gildaga<\/p>\n\n\n\n<p>Ingibj\u00f6rg setur sig \u00ed samband vi\u00f0 Hlyn og Almar. Stj\u00f3rnin stingur upp \u00e1 \u00fev\u00ed a\u00f0 vi\u00f0 sem viljum leggja fj\u00e1rmagn \u00ed augl\u00fdsingar gerum \u00fea\u00f0 ( Sofnanir\/f\u00e9l\u00f6g) og a\u00f0rir flj\u00f3ti me\u00f0 \u00fe.e. einyrkjarnir \u00ed Gilinu.<\/p>\n\n\n\n<p>7. Umsj\u00f3n me\u00f0 netfangi Gilf\u00e9lagsins<\/p>\n\n\n\n<p>Hei\u00f0d\u00eds \u00f3skar eftir \u00fev\u00ed a\u00f0 a\u00f0rir \u00ed stj\u00f3rn taki \u00feetta hlutverk a\u00f0 s\u00e9r. Erika og Ingibj\u00f6rg eru tilb\u00fanar til a\u00f0 taka \u00feetta a\u00f0 s\u00e9r.<\/p>\n\n\n\n<p>8. \u00d6nnur m\u00e1l<\/p>\n\n\n\n<p>Forma\u00f0ur \u00f3skar eftir \u00fev\u00ed a\u00f0 f\u00e1 afnot af prentara og er \u00fea\u00f0 sam\u00feykkt.<\/p>\n\n\n\n<p>Fundi sliti\u00f0<\/p>\n","protected":false},"excerpt":{"rendered":"<p>Fundarger\u00f0 10.06.2021Stj\u00f3rnarfundur Gilf\u00e9lagsins Kaupvangsstr\u00e6ti 23, 600 Akureyri.Fundurinn var haldinn 10.06.2021M\u00e6ttir: A\u00f0alsteinn \u00de\u00f3rsson, Ingibj\u00f6rg Stef\u00e1nsd\u00f3ttir, Erika Lind Isaksen, Hei\u00f0d\u00eds H\u00f3lm Gu\u00f0mundsd\u00f3ttir, Arna G. Valsd\u00f3ttir Dagskr\u00e1: Gestavinnustofa Deiglan H\u00fasvarsla Tengili\u00f0ir fyrir vi\u00f0bur\u00f0i Afm\u00e6lish\u00e1t\u00ed\u00f0 Augl\u00fdsingar v\/ Gildaga Umsj\u00f3n me\u00f0 netfangi Gilf\u00e9lagsins&#46;&#46;&#46;<\/p>\n","protected":false},"author":3,"featured_media":2362,"comment_status":"closed","ping_status":"closed","sticky":false,"template":"","format":"standard","meta":{"_exactmetrics_skip_tracking":false,"_exactmetrics_sitenote_active":false,"_exactmetrics_sitenote_note":"","_exactmetrics_sitenote_category":0,"footnotes":""},"categories":[71],"tags":[],"class_list":["post-2763","post","type-post","status-publish","format-standard","has-post-thumbnail","hentry","category-fundargerdir"],"_links":{"self":[{"href":"https:\/\/listagil.is\/index.php?rest_route=\/wp\/v2\/posts\/2763","targetHints":{"allow":["GET"]}}],"collection":[{"href":"https:\/\/listagil.is\/index.php?rest_route=\/wp\/v2\/posts"}],"about":[{"href":"https:\/\/listagil.is\/index.php?rest_route=\/wp\/v2\/types\/post"}],"author":[{"embeddable":true,"href":"https:\/\/listagil.is\/index.php?rest_route=\/wp\/v2\/users\/3"}],"replies":[{"embeddable":true,"href":"https:\/\/listagil.is\/index.php?rest_route=%2Fwp%2Fv2%2Fcomments&post=2763"}],"version-history":[{"count":1,"href":"https:\/\/listagil.is\/index.php?rest_route=\/wp\/v2\/posts\/2763\/revisions"}],"predecessor-version":[{"id":2764,"href":"https:\/\/listagil.is\/index.php?rest_route=\/wp\/v2\/posts\/2763\/revisions\/2764"}],"wp:featuredmedia":[{"embeddable":true,"href":"https:\/\/listagil.is\/index.php?rest_route=\/wp\/v2\/media\/2362"}],"wp:attachment":[{"href":"https:\/\/listagil.is\/index.php?rest_route=%2Fwp%2Fv2%2Fmedia&parent=2763"}],"wp:term":[{"taxonomy":"category","embeddable":true,"href":"https:\/\/listagil.is\/index.php?rest_route=%2Fwp%2Fv2%2Fcategories&post=2763"},{"taxonomy":"post_tag","embeddable":true,"href":"https:\/\/listagil.is\/index.php?rest_route=%2Fwp%2Fv2%2Ftags&post=2763"}],"curies":[{"name":"wp","href":"https:\/\/api.w.org\/{rel}","templated":true}]}}