{"id":2692,"date":"2021-05-20T17:22:12","date_gmt":"2021-05-20T17:22:12","guid":{"rendered":"http:\/\/listagil.is\/?p=2692"},"modified":"2021-06-26T16:16:57","modified_gmt":"2021-06-26T16:16:57","slug":"palina-gudmundsdottir","status":"publish","type":"post","link":"https:\/\/listagil.is\/?p=2692","title":{"rendered":"P\u00e1l\u00edna Gu\u00f0mundsd\u00f3ttir"},"content":{"rendered":"\n<figure class=\"wp-block-image size-large\"><img loading=\"lazy\" decoding=\"async\" width=\"762\" height=\"1024\" src=\"http:\/\/listagil.is\/wp-content\/uploads\/2021\/05\/186495035_502484964503568_8106845151466022131_n-762x1024.jpg\" alt=\"\" class=\"wp-image-2694\" srcset=\"https:\/\/listagil.is\/wp-content\/uploads\/2021\/05\/186495035_502484964503568_8106845151466022131_n-762x1024.jpg 762w, https:\/\/listagil.is\/wp-content\/uploads\/2021\/05\/186495035_502484964503568_8106845151466022131_n-595x800.jpg 595w, https:\/\/listagil.is\/wp-content\/uploads\/2021\/05\/186495035_502484964503568_8106845151466022131_n.jpg 768w\" sizes=\"auto, (max-width: 762px) 100vw, 762px\" \/><\/figure>\n\n\n\n<p>Gestalistama\u00f0ur Gilf\u00e9lagsins \u00ed j\u00fan\u00ed 2021 er Gu\u00f0r\u00fan P\u00e1l\u00edna Gu\u00f0mundsd\u00f3ttir. Dv\u00f6l hennar er styrkt af Slippf\u00e9laginu.<\/p>\n\n\n\n<blockquote class=\"wp-block-quote is-layout-flow wp-block-quote-is-layout-flow\"><p>\u00c9g er a\u00f0 vinna a\u00f0 verkefni sem h\u00f3fst \u00ed haust n\u00e1nar tilteki\u00f0 \u00feegar \u00e9g dvaldi \u00ed Herh\u00fasinu \u00e1 Siglufir\u00f0i \u00ed septemberm\u00e1nu\u00f0i 2020. Verkefni\u00f0 er nokku\u00f0 st\u00f3r m\u00e1lverkainnsetning, sem fjallar um \u00e1kve\u00f0na hugmynd sem heldur verkunum saman og skapar eina heild, jafnvel \u00fe\u00f3 hvert verk s\u00e9 einnig sj\u00e1lfst\u00e6tt verk eitt og s\u00e9r. Vonandi tekst m\u00e9r a\u00f0 kl\u00e1ra \u00feetta verk \u00e1 \u00feessu \u00e1ri e\u00f0a \u00fev\u00ed n\u00e6sta.&nbsp;\u00c9g er l\u00edka a\u00f0 kl\u00e1ra helling af \u00f3kl\u00e1ru\u00f0um verkum sem \u00e9g vann \u00ed Berl\u00edn 2016 og \u00e1 Siglufir\u00f0i 2019 og 2020. Auk \u00feess er \u00e9g me\u00f0 langt\u00edmaverkefni, en \u00fea\u00f0 er a\u00f0 vinna a\u00f0 b\u00f3k um eigin verk. Ferli\u00f0 \u00fear er a\u00f0 velja hva\u00f0a verk skuli myndu\u00f0 og sett \u00ed b\u00f3kina. Textinn er tilb\u00fainn. Dv\u00f6lin \u00ed vinnustofunni hefur einnig gefi\u00f0 m\u00e9r n\u00e6\u00f0i til a\u00f0 geta einbeitt m\u00e9r a\u00f0 \u00feessu verkefni.<\/p><\/blockquote>\n\n\n\n<figure class=\"wp-block-gallery columns-3 is-cropped wp-block-gallery-1 is-layout-flex wp-block-gallery-is-layout-flex\"><ul class=\"blocks-gallery-grid\"><li class=\"blocks-gallery-item\"><figure><img loading=\"lazy\" decoding=\"async\" width=\"1024\" height=\"768\" src=\"http:\/\/listagil.is\/wp-content\/uploads\/2021\/05\/186524164_304463031265923_3270500022444305198_n-1024x768.jpg\" alt=\"\" data-id=\"2695\" data-full-url=\"http:\/\/listagil.is\/wp-content\/uploads\/2021\/05\/186524164_304463031265923_3270500022444305198_n.jpg\" data-link=\"http:\/\/listagil.is\/?attachment_id=2695\" class=\"wp-image-2695\" srcset=\"https:\/\/listagil.is\/wp-content\/uploads\/2021\/05\/186524164_304463031265923_3270500022444305198_n-1024x768.jpg 1024w, https:\/\/listagil.is\/wp-content\/uploads\/2021\/05\/186524164_304463031265923_3270500022444305198_n-800x600.jpg 800w, https:\/\/listagil.is\/wp-content\/uploads\/2021\/05\/186524164_304463031265923_3270500022444305198_n-768x576.jpg 768w, https:\/\/listagil.is\/wp-content\/uploads\/2021\/05\/186524164_304463031265923_3270500022444305198_n.jpg 1032w\" sizes=\"auto, (max-width: 1024px) 100vw, 1024px\" \/><\/figure><\/li><li class=\"blocks-gallery-item\"><figure><img loading=\"lazy\" decoding=\"async\" width=\"1024\" height=\"768\" src=\"http:\/\/listagil.is\/wp-content\/uploads\/2021\/05\/186493123_1631300633729141_4393046568946096669_n-1024x768.jpg\" alt=\"\" data-id=\"2693\" data-full-url=\"http:\/\/listagil.is\/wp-content\/uploads\/2021\/05\/186493123_1631300633729141_4393046568946096669_n.jpg\" data-link=\"http:\/\/listagil.is\/?attachment_id=2693\" class=\"wp-image-2693\" srcset=\"https:\/\/listagil.is\/wp-content\/uploads\/2021\/05\/186493123_1631300633729141_4393046568946096669_n-1024x768.jpg 1024w, https:\/\/listagil.is\/wp-content\/uploads\/2021\/05\/186493123_1631300633729141_4393046568946096669_n-800x600.jpg 800w, https:\/\/listagil.is\/wp-content\/uploads\/2021\/05\/186493123_1631300633729141_4393046568946096669_n-768x576.jpg 768w, https:\/\/listagil.is\/wp-content\/uploads\/2021\/05\/186493123_1631300633729141_4393046568946096669_n.jpg 1032w\" sizes=\"auto, (max-width: 1024px) 100vw, 1024px\" \/><\/figure><\/li><li class=\"blocks-gallery-item\"><figure><img decoding=\"async\" src=\"http:\/\/listagil.is\/wp-content\/uploads\/2021\/05\/186535907_477477170225944_1943038746655096815_n-1024x768.jpg\" alt=\"\" data-id=\"2696\" data-full-url=\"http:\/\/listagil.is\/wp-content\/uploads\/2021\/05\/186535907_477477170225944_1943038746655096815_n.jpg\" data-link=\"http:\/\/listagil.is\/?attachment_id=2696\" class=\"wp-image-2696\"\/><\/figure><\/li><\/ul><\/figure>\n\n\n\n<p>N\u00e1m:<\/p>\n\n\n\n<p>Gautaborgar h\u00e1sk\u00f3li, Sv\u00ed\u00fej\u00f3\u00f0:<br>Almenn m\u00e1lv\u00edsindi og hlj\u00f3\u00f0fr\u00e6\u00f0i BA-pr\u00f3f 1983,<br>10 (15 ECT) einingar si\u00f0fr\u00e6\u00f0i, 20 (30 ECT) einingar s\u00e6nska fyrir \u00fatlendinga.<\/p>\n\n\n\n<p>Magistergr\u00e1\u00f0a m\u00e1lv\u00edsindi 1999.<br>Prakt\u00edsk\/ hagn\u00fdt menningarstj\u00f3rnun 2000. Dipl\u00f3man\u00e1m (20 einingar, 30 ECT.)<\/p>\n\n\n\n<p>H\u00e1sk\u00f3linn \u00e1 Akureyri:<br>Kennslufr\u00e6\u00f0i fyrir framhaldssk\u00f3la, 1999.<br>Impra: Eitt \u00e1r frumkv\u00f6\u00f0lan\u00e1m 2004<br>Myndlistarsk\u00f3linn \u00e1 Akureyri 2009-2010 graf\u00edsk h\u00f6nnun.<\/p>\n\n\n\n<p>Myndlistarn\u00e1m \u00ed Hollandi<br>AKI, Akademie voor kunst en industrie, Enchede, Hollandi. 1982-87.<br>Jan van Eyck Akademie, (post akademie) Maastricht, Hollandi. 1987-89.<\/p>\n\n\n\n<p>P\u00e1l\u00edna rak \u00e1samt eiginmanninum Joris Rademaker listagaller\u00ed\u00f0 Galler\u00ed+, Brekkug\u00f6tu 35, \u00e1 Akureyri s\u00ed\u00f0an 1996. heimas\u00ed\u00f0a:&nbsp;&nbsp;<a href=\"http:\/\/galleriplus.blog.is\/\" target=\"_blank\" rel=\"noreferrer noopener\">galleriplus.blog.is<\/a>&nbsp;&nbsp;<\/p>\n\n\n\n<p>P\u00e1l\u00edna hefur veri\u00f0 starfandi myndlistarma\u00f0ur og b\u00fasett \u00e1 Akureyri s\u00ed\u00f0ann 1991.H\u00fan er fr\u00e6\u00f0slufulltr\u00fai Listasafnsins \u00e1 Akureyri \u00ed 50% starfi.&nbsp; \u00dear sinnir h\u00fan einnig s\u00fdningarstj\u00f3rnun, m.a. \u00e1rlega er \u00fea\u00f0 s\u00fdningar\u00f6\u00f0in, Sk\u00f6pun bernskunnar sem er samvinna barna 5-16 \u00e1ra og starfsandi myndlistarmanna. \u00dea\u00f0 verkefni kom til \u00feegar P\u00e1l\u00edna sat \u00ed stj\u00f3rn Myndlistarf\u00e9lagsins (2009-2013) \u00e1 Akureyri og s\u00f3tti um lista- og fr\u00e6\u00f0slustyrki til Menningarr\u00e1\u00f0s Ey\u00feings. H\u00fan skipulag\u00f0i \u00fe\u00e1 fr\u00e6\u00f0sludagskr\u00e1 fyrir Myndlistarf\u00e9lagi\u00f0 \u00fear sem listamenn \u00ed Myndlistarf\u00e9laginu voru sendir \u00ed mismunandi fyrirt\u00e6ki sem li\u00f0ur \u00ed listfr\u00e6\u00f0slu. Einnig fyrir myndlistars\u00fdninguna&nbsp; Sk\u00f6pun bernskunnar, \u00e1samt&nbsp;fr\u00e6\u00f0sludagskr\u00e1 \u00ed Sal Myndlistarf\u00e9lagsins me\u00f0 mismunandi fyrirlesurum. Verkefni\u00f0\/s\u00fdningin Sk\u00f6pun bernskunnar, var samstarfsverkefni Myndlistarf\u00e9lagsins, Myndlistarsk\u00f3lans og Leikfangasafnsins \u00ed Fri\u00f0bjarnarh\u00fasi. S\u00fa s\u00fdning var svo endurvakin \u00ed Listasanfinu \u00e1 Akureyri 2015 eins og fyrr segir og er or\u00f0in a\u00f0 \u00e1rvissri s\u00fdningu\/verkefni. Verkefni\u00f0 var vali\u00f0 af mennta og menningarm\u00e1lar\u00e1\u00f0uneytinu til \u00fe\u00e1tt\u00f6ku \u00ed r\u00e1\u00f0stefnu um barnamenningu \u00e1 Dalv\u00edk, Menningarlandi\u00f0 2017.<\/p>\n\n\n\n<p>&nbsp;P\u00e1l\u00edna stj\u00f3rna\u00f0i Listasumri \u00e1 Akureyri \u00e1rin 2000 og 2001 og skipulag\u00f0i \u00fe\u00e1 fj\u00f6lda einka- og sams\u00fdninga listamanna. Auk margra&nbsp; annarra vi\u00f0bur\u00f0a \u00ed \u00f6\u00f0rum listgreinum. H\u00fan starfa\u00f0i sem safnakennari \u00ed Listasafni Gautaborgar og \u00e1 Norr\u00e6na vatnslitasafninu \u00e1 Tj\u00f6rn \u00ed Sv\u00ed\u00fej\u00f3\u00f0 veturinn 2000 og 2001.<\/p>\n\n\n\n<p>&nbsp;H\u00fan skipulag\u00f0i sams\u00fdninguna \u201cAllt um gy\u00f0juna\u201d a\u00f0 Skei\u00f0 \u00ed Svarfa\u00f0adal 2006 og Freyjumyndir sams\u00fdning 23 myndlistarmanna v\u00ed\u00f0svegar um Akureyri&nbsp; 2009 heimas\u00ed\u00f0a:&nbsp;<a href=\"http:\/\/freyjumyndir.blog.is\/\" target=\"_blank\" rel=\"noreferrer noopener\">freyjumyndir.blog.is<\/a><\/p>\n\n\n\n<p>\u00cd samvinnu vi\u00f0 gar\u00f0yrkjufr\u00e6\u00f0ing Akureyrar J\u00f3hann Thorainsen skipulag\u00f0i h\u00fan s\u00fdningu og vi\u00f0bur\u00f0 undir heitinu \u201cUppskeruh\u00e1t\u00ed\u00f0 r\u00e6ktunar og myndlistar\u201d 2010 \u00ed G\u00f6mlu gr\u00f3\u00f0rarst\u00f6\u00f0inni, Kr\u00f3keyri \u00ed Innb\u00e6 Akureyrar. \u00dea\u00f0 verkefni var vali\u00f0 til kynningar fyrir \u00cdslands h\u00f6nd \u00ed NordMach-r\u00e1\u00f0stefnunni \u00ed Helsinki \u00ed okt\u00f3ber 2011. R\u00e1\u00f0stefnan fjalla\u00f0i um samband listar og atvinnul\u00edfs. \u00dea\u00f0 verkefni var endurteki\u00f0 \u00e1 150 \u00e1ra afm\u00e6li Akureyrar sumari\u00f0 2012 og st\u00e6kka\u00f0. Verkefnin voru styrkt af Menningarr\u00e1\u00f0i Ey\u00feings.<\/p>\n","protected":false},"excerpt":{"rendered":"<p>Gestalistama\u00f0ur Gilf\u00e9lagsins \u00ed j\u00fan\u00ed 2021 er Gu\u00f0r\u00fan P\u00e1l\u00edna Gu\u00f0mundsd\u00f3ttir. Dv\u00f6l hennar er styrkt af Slippf\u00e9laginu. \u00c9g er a\u00f0 vinna a\u00f0 verkefni sem h\u00f3fst \u00ed haust n\u00e1nar tilteki\u00f0 \u00feegar \u00e9g dvaldi \u00ed Herh\u00fasinu \u00e1 Siglufir\u00f0i \u00ed septemberm\u00e1nu\u00f0i 2020. Verkefni\u00f0&#46;&#46;&#46;<\/p>\n","protected":false},"author":3,"featured_media":2693,"comment_status":"closed","ping_status":"closed","sticky":false,"template":"","format":"standard","meta":{"_exactmetrics_skip_tracking":false,"_exactmetrics_sitenote_active":false,"_exactmetrics_sitenote_note":"","_exactmetrics_sitenote_category":0,"footnotes":""},"categories":[73],"tags":[],"class_list":["post-2692","post","type-post","status-publish","format-standard","has-post-thumbnail","hentry","category-gestalistamenn"],"_links":{"self":[{"href":"https:\/\/listagil.is\/index.php?rest_route=\/wp\/v2\/posts\/2692","targetHints":{"allow":["GET"]}}],"collection":[{"href":"https:\/\/listagil.is\/index.php?rest_route=\/wp\/v2\/posts"}],"about":[{"href":"https:\/\/listagil.is\/index.php?rest_route=\/wp\/v2\/types\/post"}],"author":[{"embeddable":true,"href":"https:\/\/listagil.is\/index.php?rest_route=\/wp\/v2\/users\/3"}],"replies":[{"embeddable":true,"href":"https:\/\/listagil.is\/index.php?rest_route=%2Fwp%2Fv2%2Fcomments&post=2692"}],"version-history":[{"count":2,"href":"https:\/\/listagil.is\/index.php?rest_route=\/wp\/v2\/posts\/2692\/revisions"}],"predecessor-version":[{"id":2704,"href":"https:\/\/listagil.is\/index.php?rest_route=\/wp\/v2\/posts\/2692\/revisions\/2704"}],"wp:featuredmedia":[{"embeddable":true,"href":"https:\/\/listagil.is\/index.php?rest_route=\/wp\/v2\/media\/2693"}],"wp:attachment":[{"href":"https:\/\/listagil.is\/index.php?rest_route=%2Fwp%2Fv2%2Fmedia&parent=2692"}],"wp:term":[{"taxonomy":"category","embeddable":true,"href":"https:\/\/listagil.is\/index.php?rest_route=%2Fwp%2Fv2%2Fcategories&post=2692"},{"taxonomy":"post_tag","embeddable":true,"href":"https:\/\/listagil.is\/index.php?rest_route=%2Fwp%2Fv2%2Ftags&post=2692"}],"curies":[{"name":"wp","href":"https:\/\/api.w.org\/{rel}","templated":true}]}}