{"id":2624,"date":"2021-03-14T14:54:27","date_gmt":"2021-03-14T14:54:27","guid":{"rendered":"http:\/\/listagil.is\/?p=2624"},"modified":"2021-03-14T14:54:28","modified_gmt":"2021-03-14T14:54:28","slug":"interiors-david-molesky","status":"publish","type":"post","link":"https:\/\/listagil.is\/?p=2624","title":{"rendered":"Interiors &#8211; David Molesky"},"content":{"rendered":"\n<figure class=\"wp-block-image size-large\"><img loading=\"lazy\" decoding=\"async\" width=\"1024\" height=\"685\" src=\"http:\/\/listagil.is\/wp-content\/uploads\/2021\/03\/David_Molesky_2021_Hopper-Window-Tanja_120x180cm_oil-on-linen-copy-1024x685.jpg\" alt=\"\" class=\"wp-image-2625\" srcset=\"https:\/\/listagil.is\/wp-content\/uploads\/2021\/03\/David_Molesky_2021_Hopper-Window-Tanja_120x180cm_oil-on-linen-copy-1024x685.jpg 1024w, https:\/\/listagil.is\/wp-content\/uploads\/2021\/03\/David_Molesky_2021_Hopper-Window-Tanja_120x180cm_oil-on-linen-copy-800x535.jpg 800w, https:\/\/listagil.is\/wp-content\/uploads\/2021\/03\/David_Molesky_2021_Hopper-Window-Tanja_120x180cm_oil-on-linen-copy-768x514.jpg 768w, https:\/\/listagil.is\/wp-content\/uploads\/2021\/03\/David_Molesky_2021_Hopper-Window-Tanja_120x180cm_oil-on-linen-copy-1536x1028.jpg 1536w, https:\/\/listagil.is\/wp-content\/uploads\/2021\/03\/David_Molesky_2021_Hopper-Window-Tanja_120x180cm_oil-on-linen-copy.jpg 1772w\" sizes=\"auto, (max-width: 1024px) 100vw, 1024px\" \/><\/figure>\n\n\n\n<p><strong>David Molesky: <em>Interiors<\/em><\/strong><br>Deiglan, Akureyri<br>Opi\u00f0 laugardag 20. Mars kl 14 &#8211; 17\u00a0<br>Sunnudag 21. Mars kl. 13 &#8211; 17<\/p>\n\n\n\n<p>\u00dea\u00f0 er okkur hei\u00f0ur a\u00f0 s\u00fdna \u00farval n\u00fdrra verka eftir bandar\u00edska rauns\u00e6ism\u00e1larann David Molesky, sem er \u00feekktur v\u00ed\u00f0a um heim fyrir m\u00e1lverk s\u00edn af f\u00f3lki og landslagi.<\/p>\n\n\n\n<p>M\u00f6rg okkar hafa upplifa\u00f0 einhverskonar \u00fatg\u00f6ngubann si\u00f0asta \u00e1ri\u00f0, a\u00f0 minnska kosti fundum vi\u00f0 fyrir takm\u00f6rkunum hva\u00f0 var\u00f0ar r\u00fdmin sem vi\u00f0 n\u00fdtum. \u00deessar takmarkanir og einangrun hefur haft mikil \u00e1hrif \u00e1 s\u00e1larl\u00edf einstaklinga um allan heim en aflei\u00f0ingar \u00feess munu l\u00edklega endur\u00f3ma um \u00e1rabil \u00ed gegnum menningu.<\/p>\n\n\n\n<p>\u00deegar \u00e1r er li\u00f0i\u00f0 fr\u00e1 \u00fev\u00ed a\u00f0 Al\u00fej\u00f3\u00f0aheilbrig\u00f0ism\u00e1lastofnunin l\u00fdsti Covid-19 sem heimsfaraldri mun Molesky bj\u00f3\u00f0a okkur upp \u00e1 \u00farval verka sem endurspeglar \u00feessar sameiginlegu reynslu. Hann hefur veri\u00f0 h\u00e9r \u00e1 landi \u00ed fj\u00f3ra m\u00e1nu\u00f0i \u00ed listab\u00fasetu og b\u00fai\u00f0 til ser\u00edu m\u00e1lverka sem s\u00fdna einmana f\u00edg\u00farur sem l\u00fdsa \u00fer\u00e1 eftir samskiptum vi\u00f0 umheiminn.<\/p>\n\n\n\n<p>Frekar en a\u00f0 fullvinna allan fl\u00f6tinn sk\u00edn \u00ed teikninguna og \u00f3grunna\u00f0 h\u00f6r. \u00deessi hr\u00e1i st\u00edll virkjar \u00e1horfandann og leyfir honum a\u00f0 kl\u00e1ra myndina \u00ed huganum. Molesky leggur s\u00e9rstaka \u00e1herslu \u00e1 a\u00f0 m\u00e1la birtuna sem kemur a\u00f0 utan og skilur eftir r\u00fdmin \u00ed skugga sem hr\u00e1tt l\u00edn.<\/p>\n\n\n\n<p><strong>Um listamanninn<\/strong><\/p>\n\n\n\n<div class=\"wp-block-image\"><figure class=\"alignright size-medium is-resized\"><img loading=\"lazy\" decoding=\"async\" src=\"http:\/\/listagil.is\/wp-content\/uploads\/2021\/03\/David_Molesky_headshot-copy-671x800.jpg\" alt=\"\" class=\"wp-image-2626\" width=\"301\" height=\"359\" srcset=\"https:\/\/listagil.is\/wp-content\/uploads\/2021\/03\/David_Molesky_headshot-copy-671x800.jpg 671w, https:\/\/listagil.is\/wp-content\/uploads\/2021\/03\/David_Molesky_headshot-copy-858x1024.jpg 858w, https:\/\/listagil.is\/wp-content\/uploads\/2021\/03\/David_Molesky_headshot-copy-768x916.jpg 768w, https:\/\/listagil.is\/wp-content\/uploads\/2021\/03\/David_Molesky_headshot-copy.jpg 1047w\" sizes=\"auto, (max-width: 301px) 100vw, 301px\" \/><figcaption>www.sandrobaebler.com\nwww.facebook.com\/sandrobaeblerphotographer\nwww.instagram.com\/sandrobaebler<\/figcaption><\/figure><\/div>\n\n\n\n<p>David Molesky er bandar\u00edskur myndlistama\u00f0ur me\u00f0 a\u00f0setur \u00ed Brooklyn, NY. Hann f\u00e6ddist \u00ed Washington, D.c. og lauk BA-pr\u00f3fi \u00ed myndlist og undirb\u00faning a\u00f0 l\u00e6knisfr\u00e6\u00f0i fr\u00e1 University of California \u00ed Berkeley.<\/p>\n\n\n\n<p>Hann kom til \u00cdslands daginn fyrir kosningarnar \u00ed Bandar\u00edkjunum til a\u00f0 vinna a\u00f0 p\u00f6ntun \u00ed sumarh\u00fasi \u00ed Reykholti. Hann f\u00e9kk langt\u00edma vegabr\u00e9fs\u00e1ritun til a\u00f0 lengja heims\u00f3kn s\u00edna og taka \u00fe\u00e1tt \u00ed gestavinnustofum og mun dvelja h\u00e9r \u00ed h\u00e1lft \u00e1r.<\/p>\n\n\n\n<p>Fyrstu fj\u00f3ra m\u00e1nu\u00f0i s\u00edna \u00e1 \u00cdslandi hefur hann gert 35 m\u00e1lverk og skrifa\u00f0 nokkrar greinar fyrir t\u00edmarit um reynslu s\u00edna h\u00e9r. Molesky hefur fengi\u00f0 innbl\u00e1stur \u00ed f\u00e1t\u00ed\u00f0a vetrarbirtuna og \u00feau prismat\u00edsku \u00e1hrif sem h\u00fan getur skapa\u00f0. \u00deessi fyrirb\u00e6ri hafa haft \u00e1hrif \u00e1 litanotkun hans og hvernig hann n\u00fdtir lj\u00f3si\u00f0 sem grundv\u00f6ll m\u00e1lverksins.\u00a0<\/p>\n\n\n\n<p>Website: www.davidmolesky.com&nbsp;<br>Instagram: @moleskystudio&nbsp;<br>Facebook: https:\/\/www.facebook.com\/moleskystudio\/&nbsp;<\/p>\n\n\n\n<p>Gilf\u00e9lagi\u00f0 \/ <strong>Deiglan&nbsp;<\/strong><br>Kaupvangsstr\u00e6ti 23,&nbsp;<br>600 <strong>Akureyri<\/strong>, Iceland<\/p>\n\n\n\n<div class=\"wp-block-columns is-layout-flex wp-container-core-columns-is-layout-9d6595d7 wp-block-columns-is-layout-flex\">\n<div class=\"wp-block-column is-layout-flow wp-block-column-is-layout-flow\" style=\"flex-basis:100%\">\n<figure class=\"wp-block-image size-large\"><img loading=\"lazy\" decoding=\"async\" width=\"1024\" height=\"710\" src=\"http:\/\/listagil.is\/wp-content\/uploads\/2021\/03\/David_Molesky_2021_Watching-the-Days-Pass-Tanja_120x170cm_oil-on-linen-copy-1024x710.jpg\" alt=\"\" class=\"wp-image-2628\" srcset=\"https:\/\/listagil.is\/wp-content\/uploads\/2021\/03\/David_Molesky_2021_Watching-the-Days-Pass-Tanja_120x170cm_oil-on-linen-copy-1024x710.jpg 1024w, https:\/\/listagil.is\/wp-content\/uploads\/2021\/03\/David_Molesky_2021_Watching-the-Days-Pass-Tanja_120x170cm_oil-on-linen-copy-800x554.jpg 800w, https:\/\/listagil.is\/wp-content\/uploads\/2021\/03\/David_Molesky_2021_Watching-the-Days-Pass-Tanja_120x170cm_oil-on-linen-copy-768x532.jpg 768w, https:\/\/listagil.is\/wp-content\/uploads\/2021\/03\/David_Molesky_2021_Watching-the-Days-Pass-Tanja_120x170cm_oil-on-linen-copy-1536x1064.jpg 1536w, https:\/\/listagil.is\/wp-content\/uploads\/2021\/03\/David_Molesky_2021_Watching-the-Days-Pass-Tanja_120x170cm_oil-on-linen-copy.jpg 1772w\" sizes=\"auto, (max-width: 1024px) 100vw, 1024px\" \/><\/figure>\n\n\n\n<p><strong>David Molesky: <em>Interiors\u00a0<\/em><\/strong><br>Deiglan Gallery \u2014 Akureyri, Iceland<br>Opening Saturday March 20, 14 &#8211; 17 hr\u00a0<br>&amp; Sunday March 21, 13 &#8211; 17 hr\u00a0<\/p>\n\n\n\n<p>We are honored to present a selection of new works by American realist painter David Molesky, an internationally celebrated artist known for his paintings of figures and landscapes.\u00a0<\/p>\n\n\n\n<p>Many of us have experienced some kind of lock down scenario in the last year. At minimum, we each found ourselves with sudden limitations in regards to the spaces we were allowed to occupy. These restrictions and isolations have made a profound impact on the psychology of individuals all over the globe, the implications of which will reverberate for generations through culture.&nbsp;<\/p>\n\n\n\n<p>On the anniversary of the World Health Organization declaring Covid-19 a pandemic, Molesky offers us a selection of works which reflect on this collective experience. Over the last four months during his extended artistic residency in Iceland, Molesky has created a series of paintings that depict solitary figures in interior spaces who express a longing for interaction with the outside world.&nbsp;<\/p>\n\n\n\n<p>Rather than rendering every inch of the canvas to its full extent, Molesky exposes areas of drawing and raw unpainted linen. This \u201cunfinished\u201d style contributes to the conceptual impact of the interior figures and provides the viewer with the opportunity to engage with the painting, completing the imagery in their mind\u2019s eye. Molesky gives particular attention to painting the areas that are met with the light from outside, often leaving the spaces in the shadows as the raw linen color.<\/p>\n\n\n\n<p><strong>About the Artist\u00a0<\/strong><br>David Molesky is an American artist based in Brooklyn, NY. He was born in Washington, D.C. and graduated with a BA in Art Practice and Pre-Med from University of California at Berkeley.\u00a0<\/p>\n\n\n\n<p>He arrived in Iceland the day before the US election to work on a commission at a summer house in Reykholt, South Iceland. He was granted a long term visa by immigration to extend his visit to attend artist residency programs and will be in the country for six months in total.&nbsp;<\/p>\n\n\n\n<p>In his first 4 months in Iceland, he has made 35 paintings and has written several articles for magazines related to his experiences here. Molesky has found inspiration from the rarity of winter light and the prismatic effects that it can create. These phenomena have influenced his color palette and the way in which he composes light as the central feature.&nbsp;<\/p>\n\n\n\n<p>Website: www.davidmolesky.com\u00a0<br>Instagram: @moleskystudio\u00a0<br>Facebook: https:\/\/www.facebook.com\/moleskystudio\/\u00a0<\/p>\n\n\n\n<p>Gilf\u00e9lagi\u00f0 \/ <strong>Deiglan\u00a0<\/strong><br>Kaupvangsstr\u00e6ti 23,\u00a0<br>600 <strong>Akureyri<\/strong>, Iceland<\/p>\n<\/div>\n<\/div>\n\n\n\n<figure class=\"wp-block-image size-large\"><img loading=\"lazy\" decoding=\"async\" width=\"1024\" height=\"716\" src=\"http:\/\/listagil.is\/wp-content\/uploads\/2021\/03\/DSC04930minna-1024x716.jpg\" alt=\"\" class=\"wp-image-2629\" srcset=\"https:\/\/listagil.is\/wp-content\/uploads\/2021\/03\/DSC04930minna-1024x716.jpg 1024w, https:\/\/listagil.is\/wp-content\/uploads\/2021\/03\/DSC04930minna-800x559.jpg 800w, https:\/\/listagil.is\/wp-content\/uploads\/2021\/03\/DSC04930minna-768x537.jpg 768w, https:\/\/listagil.is\/wp-content\/uploads\/2021\/03\/DSC04930minna.jpg 1274w\" sizes=\"auto, (max-width: 1024px) 100vw, 1024px\" \/><\/figure>\n","protected":false},"excerpt":{"rendered":"<p>David Molesky: InteriorsDeiglan, AkureyriOpi\u00f0 laugardag 20. Mars kl 14 &#8211; 17\u00a0Sunnudag 21. Mars kl. 13 &#8211; 17 \u00dea\u00f0 er okkur hei\u00f0ur a\u00f0 s\u00fdna \u00farval n\u00fdrra verka eftir bandar\u00edska rauns\u00e6ism\u00e1larann David Molesky, sem er \u00feekktur v\u00ed\u00f0a um heim fyrir&#46;&#46;&#46;<\/p>\n","protected":false},"author":3,"featured_media":2625,"comment_status":"closed","ping_status":"closed","sticky":false,"template":"","format":"standard","meta":{"_exactmetrics_skip_tracking":false,"_exactmetrics_sitenote_active":false,"_exactmetrics_sitenote_note":"","_exactmetrics_sitenote_category":0,"footnotes":""},"categories":[4],"tags":[],"class_list":["post-2624","post","type-post","status-publish","format-standard","has-post-thumbnail","hentry","category-frettir"],"_links":{"self":[{"href":"https:\/\/listagil.is\/index.php?rest_route=\/wp\/v2\/posts\/2624","targetHints":{"allow":["GET"]}}],"collection":[{"href":"https:\/\/listagil.is\/index.php?rest_route=\/wp\/v2\/posts"}],"about":[{"href":"https:\/\/listagil.is\/index.php?rest_route=\/wp\/v2\/types\/post"}],"author":[{"embeddable":true,"href":"https:\/\/listagil.is\/index.php?rest_route=\/wp\/v2\/users\/3"}],"replies":[{"embeddable":true,"href":"https:\/\/listagil.is\/index.php?rest_route=%2Fwp%2Fv2%2Fcomments&post=2624"}],"version-history":[{"count":2,"href":"https:\/\/listagil.is\/index.php?rest_route=\/wp\/v2\/posts\/2624\/revisions"}],"predecessor-version":[{"id":2630,"href":"https:\/\/listagil.is\/index.php?rest_route=\/wp\/v2\/posts\/2624\/revisions\/2630"}],"wp:featuredmedia":[{"embeddable":true,"href":"https:\/\/listagil.is\/index.php?rest_route=\/wp\/v2\/media\/2625"}],"wp:attachment":[{"href":"https:\/\/listagil.is\/index.php?rest_route=%2Fwp%2Fv2%2Fmedia&parent=2624"}],"wp:term":[{"taxonomy":"category","embeddable":true,"href":"https:\/\/listagil.is\/index.php?rest_route=%2Fwp%2Fv2%2Fcategories&post=2624"},{"taxonomy":"post_tag","embeddable":true,"href":"https:\/\/listagil.is\/index.php?rest_route=%2Fwp%2Fv2%2Ftags&post=2624"}],"curies":[{"name":"wp","href":"https:\/\/api.w.org\/{rel}","templated":true}]}}