{"id":2607,"date":"2021-02-06T13:30:00","date_gmt":"2021-02-06T13:30:00","guid":{"rendered":"http:\/\/listagil.is\/?p=2607"},"modified":"2021-02-22T13:45:11","modified_gmt":"2021-02-22T13:45:11","slug":"hafdis-helgadottir-2","status":"publish","type":"post","link":"https:\/\/listagil.is\/?p=2607","title":{"rendered":"Hafd\u00eds Helgad\u00f3ttir"},"content":{"rendered":"\n<div class=\"wp-block-image is-style-rounded\"><figure class=\"aligncenter size-large is-resized\"><img loading=\"lazy\" decoding=\"async\" src=\"http:\/\/listagil.is\/wp-content\/uploads\/2021\/02\/2021_01-1024x1024.jpg\" alt=\"\" class=\"wp-image-2601\" width=\"316\" height=\"316\" srcset=\"https:\/\/listagil.is\/wp-content\/uploads\/2021\/02\/2021_01-1024x1024.jpg 1024w, https:\/\/listagil.is\/wp-content\/uploads\/2021\/02\/2021_01-800x800.jpg 800w, https:\/\/listagil.is\/wp-content\/uploads\/2021\/02\/2021_01-150x150.jpg 150w, https:\/\/listagil.is\/wp-content\/uploads\/2021\/02\/2021_01-768x768.jpg 768w, https:\/\/listagil.is\/wp-content\/uploads\/2021\/02\/2021_01-1536x1536.jpg 1536w, https:\/\/listagil.is\/wp-content\/uploads\/2021\/02\/2021_01-80x80.jpg 80w, https:\/\/listagil.is\/wp-content\/uploads\/2021\/02\/2021_01-320x320.jpg 320w, https:\/\/listagil.is\/wp-content\/uploads\/2021\/02\/2021_01.jpg 1705w\" sizes=\"auto, (max-width: 316px) 100vw, 316px\" \/><\/figure><\/div>\n\n\n\n<p>Hafd\u00eds Helgad\u00f3ttir&nbsp;<\/p>\n\n\n\n<p><a href=\"http:\/\/www.hafdishelgadottir.art\/\" target=\"_blank\" rel=\"noreferrer noopener\">www.hafdishelgadottir.art<\/a><\/p>\n\n\n\n<p>Born in Patreksfj\u00f6r\u00f0ur in Iceland, lives and works in Reykjav\u00edk. Graduated in painting from The Icelandic College of Art and Crafts. Acquired a Masters degree from the Department of Time and Space (Tila Aika) at The Academy of Fine Art \/ Kuvataideakatemia in Helsinki, Finland 1996. Has worked in different mediums, video, drawing, photography, installation and painting and has exhibited works in Iceland at The National Gallery of Iceland, Living Art Museum, Nordic house, Listasafn \u00c1rnesinga\/art museum (Selfoss), National- and University Library a.o. and abroad in Finland, Faroe Islands, Greenland, Germany, Morocco. Has worked and stayed in art residencies in Morocco, the Aaland Islands, Gothenburg and Berlin.<\/p>\n\n\n\n<p>The main focus in my work for some years now is colour. Gradually leading to painting, with on-site studies of colour harmony in natural surroundings in a landscape as it appears at a certain time in the day, in different seasons and weather. Studying geometric patterns in the Islamic tradition while staying in an art residency in Morocco some years ago, inspired me in several ways and led me to geometric compositions in my paintings as a basis for the main objective, colour relativity.<\/p>\n\n\n\n<p>Studying the colours in sketches as they appear through their interaction and the given light and atmosphere each time, the colour palette is given for a composition. A photograph taken on the site provides a reference to the place and time.&nbsp;<\/p>\n\n\n\n<p>In the process of working in the studio a development of other directly or indirectly related works started to be created resulting in \u201cwork series\u201d each consisting of some or all of the following; a bookwork, multiple, photograph, sketch and painting. The series have elements for uncovering the art working process at least up to a point.<\/p>\n\n\n\n<p>I expect to continue to apply this work method \/ process during my stay at the residency in Akureyri.<\/p>\n\n\n\n<figure class=\"wp-block-image size-large\"><img loading=\"lazy\" decoding=\"async\" width=\"1024\" height=\"724\" src=\"http:\/\/listagil.is\/wp-content\/uploads\/2021\/02\/2020_seria_20190730_3793_skissaOGljosmynd-HUGMYND_samsett-lj\u00f3smyndogskissa-1-page-001-1-1024x724.jpg\" alt=\"\" class=\"wp-image-2602\" srcset=\"https:\/\/listagil.is\/wp-content\/uploads\/2021\/02\/2020_seria_20190730_3793_skissaOGljosmynd-HUGMYND_samsett-lj\u00f3smyndogskissa-1-page-001-1-1024x724.jpg 1024w, https:\/\/listagil.is\/wp-content\/uploads\/2021\/02\/2020_seria_20190730_3793_skissaOGljosmynd-HUGMYND_samsett-lj\u00f3smyndogskissa-1-page-001-1-800x566.jpg 800w, https:\/\/listagil.is\/wp-content\/uploads\/2021\/02\/2020_seria_20190730_3793_skissaOGljosmynd-HUGMYND_samsett-lj\u00f3smyndogskissa-1-page-001-1-768x543.jpg 768w, https:\/\/listagil.is\/wp-content\/uploads\/2021\/02\/2020_seria_20190730_3793_skissaOGljosmynd-HUGMYND_samsett-lj\u00f3smyndogskissa-1-page-001-1-1536x1086.jpg 1536w, https:\/\/listagil.is\/wp-content\/uploads\/2021\/02\/2020_seria_20190730_3793_skissaOGljosmynd-HUGMYND_samsett-lj\u00f3smyndogskissa-1-page-001-1-2048x1448.jpg 2048w\" sizes=\"auto, (max-width: 1024px) 100vw, 1024px\" \/><\/figure>\n\n\n\n<p>Hafd\u00eds Helgad\u00f3ttir er gestalistama\u00f0ur Gilf\u00e9lagsins \u00ed febr\u00faar 2021.<\/p>\n\n\n\n<p><a href=\"http:\/\/www.hafdishelgadottir.art\/\" target=\"_blank\" rel=\"noreferrer noopener\">www.hafdishelgadottir.art<\/a><\/p>\n\n\n\n<p>Hafd\u00eds er f\u00e6dd \u00e1 Patreksfir\u00f0i en b\u00fdr og starfar \u00ed Reykjav\u00edk. H\u00fan \u00fatskrifa\u00f0ist af m\u00e1laradeild \u00ed Myndlista- og Hand\u00ed\u00f0ask\u00f3la \u00cdslands og er me\u00f0 meistaragr\u00e1\u00f0u fr\u00e1 The Academy of Fine Art (dept. of Time and Space) \u00ed Helsinki fr\u00e1 1996. H\u00fan hefur unni\u00f0 \u00ed \u00fdmsa mi\u00f0la, myndband, teikningu, lj\u00f3smyndun, innsetningar og m\u00e1lverk og hefur s\u00fdnt verk s\u00edn \u00e1 \u00cdslandi, \u00fe.\u00e1.m. \u00ed Listasafni \u00cdslands, N\u00fdlistasafninu, Norr\u00e6na H\u00fasinu, Listasafni \u00c1rnesinga og Landsb\u00f3kasafni \u00cdslands og erlendis, \u00ed Finnlandi, F\u00e6reyjum, Gr\u00e6nlandi, \u00de\u00fdskalandi og Mar\u00f3kk\u00f3. H\u00fan hefur unni\u00f0 og davli\u00f0 \u00e1 gestavinnustofum \u00ed Mar\u00f3kk\u00f3, \u00c1landseyjum, Gautaborg og Berl\u00edn.<\/p>\n\n\n\n<div class=\"wp-block-group\"><div class=\"wp-block-group__inner-container is-layout-flow wp-block-group-is-layout-flow\">\n<blockquote class=\"wp-block-quote is-layout-flow wp-block-quote-is-layout-flow\"><p>Megin\u00e1herslan \u00ed minni vinnu s\u00ed\u00f0astli\u00f0in \u00e1r eru litir. Ranns\u00f3knir sem lei\u00f0a sm\u00e1m saman a\u00f0 m\u00e1lverki, um samspil lita \u00ed n\u00e1tt\u00farunni eins og \u00feeir birtast \u00e1 \u00e1kve\u00f0num t\u00edma dags, \u00ed mismunandi \u00e1rst\u00ed\u00f0um og ve\u00f0ri. \u00c9g dvaldi \u00ed listab\u00fasetu \u00ed Marokk\u00f3 fyrir nokkrum \u00e1rum og l\u00e6r\u00f0i \u00fear um r\u00famfr\u00e6\u00f0ileg mynstur \u00ed \u00edslamskri hef\u00f0 sem veitti m\u00e9r innbl\u00e1stur og leiddi til geometr\u00edskrar myndbyggingar \u00ed m\u00ednum m\u00e1lverkum, sem grunnur a\u00f0 megin\u00e1herslunni, samspili lita.<\/p><p>Litapallettan er fundin \u00ed gegn um skissuvinnu, ranns\u00f3kn \u00e1 &nbsp;hvernig litirnir birtast og vinna saman auk birtu og andr\u00famslofts hverrar stunda. Lj\u00f3smynd er tekin \u00e1 sta\u00f0num til vi\u00f0mi\u00f0unar og vitnar \u00ed sta\u00f0 og t\u00edma.<\/p><p>\u00c1 vinnustofunni \u00fer\u00f3ast fleiri verk sem tengjast \u00feessu ferli beint e\u00f0a \u00f3beint og \u00far ver\u00f0ur \u201evinnuser\u00eda\u201d sem samanstendur af einhverjum e\u00f0a \u00f6llum eftirfarandi \u00fe\u00e1ttum: b\u00f3kverk, margfeldi, lj\u00f3smynd, skissu og m\u00e1lverki. \u00deessar ser\u00edur eiga \u00fe\u00e1tt \u00ed a\u00f0 afhj\u00fapa listvinnsluferli\u00f0 a\u00f0 minnsta kosti upp a\u00f0 vissu marki.<\/p><p>\u00c9g geri r\u00e1\u00f0 fyrir a\u00f0 halda \u00e1fram \u00feessu ferli me\u00f0an \u00e9g dvel \u00ed Gestavinnustofu Gilf\u00e9lagsins \u00e1 Akureyri.<\/p><\/blockquote>\n<\/div><\/div>\n\n\n\n<p>Hafd\u00eds Helgad\u00f3ttir mun halda fyrirlestur \u00e1 Listasafninu \u00e1 Akureyri \u00feri\u00f0judaginn 16. Febr\u00faar og mun s\u00fdna afrakstur dvalar sinnar \u00ed Deiglunni 26. \u2013 27. Febr\u00faar.<\/p>\n\n\n\n<div class=\"wp-block-group\"><div class=\"wp-block-group__inner-container is-layout-flow wp-block-group-is-layout-flow\">\n<figure class=\"wp-block-image size-large\"><img loading=\"lazy\" decoding=\"async\" width=\"769\" height=\"770\" src=\"http:\/\/listagil.is\/wp-content\/uploads\/2021\/02\/2020_seria_20190730_3793_painting.jpg\" alt=\"\" class=\"wp-image-2605\" srcset=\"https:\/\/listagil.is\/wp-content\/uploads\/2021\/02\/2020_seria_20190730_3793_painting.jpg 769w, https:\/\/listagil.is\/wp-content\/uploads\/2021\/02\/2020_seria_20190730_3793_painting-150x150.jpg 150w, https:\/\/listagil.is\/wp-content\/uploads\/2021\/02\/2020_seria_20190730_3793_painting-80x80.jpg 80w, https:\/\/listagil.is\/wp-content\/uploads\/2021\/02\/2020_seria_20190730_3793_painting-320x320.jpg 320w\" sizes=\"auto, (max-width: 769px) 100vw, 769px\" \/><\/figure>\n<\/div><\/div>\n\n\n\n<figure class=\"wp-block-gallery columns-2 is-cropped wp-block-gallery-1 is-layout-flex wp-block-gallery-is-layout-flex\"><ul class=\"blocks-gallery-grid\"><li class=\"blocks-gallery-item\"><figure><img loading=\"lazy\" decoding=\"async\" width=\"617\" height=\"844\" src=\"http:\/\/listagil.is\/wp-content\/uploads\/2021\/02\/2020_seria_20190730_3793_litabokas\u00ed\u00f0ur11.jpg\" alt=\"\" data-id=\"2604\" data-full-url=\"http:\/\/listagil.is\/wp-content\/uploads\/2021\/02\/2020_seria_20190730_3793_litabokas\u00ed\u00f0ur11.jpg\" data-link=\"http:\/\/listagil.is\/?attachment_id=2604\" class=\"wp-image-2604\" srcset=\"https:\/\/listagil.is\/wp-content\/uploads\/2021\/02\/2020_seria_20190730_3793_litabokas\u00ed\u00f0ur11.jpg 617w, https:\/\/listagil.is\/wp-content\/uploads\/2021\/02\/2020_seria_20190730_3793_litabokas\u00ed\u00f0ur11-585x800.jpg 585w\" sizes=\"auto, (max-width: 617px) 100vw, 617px\" \/><\/figure><\/li><li class=\"blocks-gallery-item\"><figure><img loading=\"lazy\" decoding=\"async\" width=\"855\" height=\"855\" src=\"http:\/\/listagil.is\/wp-content\/uploads\/2021\/02\/2020_seria_20190730_3793_fj\u00f6lfeldi_1.3-2.3-3.jpg\" alt=\"\" data-id=\"2603\" data-full-url=\"http:\/\/listagil.is\/wp-content\/uploads\/2021\/02\/2020_seria_20190730_3793_fj\u00f6lfeldi_1.3-2.3-3.jpg\" data-link=\"http:\/\/listagil.is\/?attachment_id=2603\" class=\"wp-image-2603\" srcset=\"https:\/\/listagil.is\/wp-content\/uploads\/2021\/02\/2020_seria_20190730_3793_fj\u00f6lfeldi_1.3-2.3-3.jpg 855w, https:\/\/listagil.is\/wp-content\/uploads\/2021\/02\/2020_seria_20190730_3793_fj\u00f6lfeldi_1.3-2.3-3-800x800.jpg 800w, https:\/\/listagil.is\/wp-content\/uploads\/2021\/02\/2020_seria_20190730_3793_fj\u00f6lfeldi_1.3-2.3-3-150x150.jpg 150w, https:\/\/listagil.is\/wp-content\/uploads\/2021\/02\/2020_seria_20190730_3793_fj\u00f6lfeldi_1.3-2.3-3-768x768.jpg 768w, https:\/\/listagil.is\/wp-content\/uploads\/2021\/02\/2020_seria_20190730_3793_fj\u00f6lfeldi_1.3-2.3-3-80x80.jpg 80w, https:\/\/listagil.is\/wp-content\/uploads\/2021\/02\/2020_seria_20190730_3793_fj\u00f6lfeldi_1.3-2.3-3-320x320.jpg 320w\" sizes=\"auto, (max-width: 855px) 100vw, 855px\" \/><\/figure><\/li><\/ul><\/figure>\n","protected":false},"excerpt":{"rendered":"<p>Hafd\u00eds Helgad\u00f3ttir&nbsp; www.hafdishelgadottir.art Born in Patreksfj\u00f6r\u00f0ur in Iceland, lives and works in Reykjav\u00edk. Graduated in painting from The Icelandic College of Art and Crafts. Acquired a Masters degree from the Department of Time and Space (Tila Aika) at&#46;&#46;&#46;<\/p>\n","protected":false},"author":3,"featured_media":2601,"comment_status":"closed","ping_status":"closed","sticky":false,"template":"","format":"standard","meta":{"_exactmetrics_skip_tracking":false,"_exactmetrics_sitenote_active":false,"_exactmetrics_sitenote_note":"","_exactmetrics_sitenote_category":0,"footnotes":""},"categories":[80],"tags":[],"class_list":["post-2607","post","type-post","status-publish","format-standard","has-post-thumbnail","hentry","category-artist-in-residence"],"_links":{"self":[{"href":"https:\/\/listagil.is\/index.php?rest_route=\/wp\/v2\/posts\/2607","targetHints":{"allow":["GET"]}}],"collection":[{"href":"https:\/\/listagil.is\/index.php?rest_route=\/wp\/v2\/posts"}],"about":[{"href":"https:\/\/listagil.is\/index.php?rest_route=\/wp\/v2\/types\/post"}],"author":[{"embeddable":true,"href":"https:\/\/listagil.is\/index.php?rest_route=\/wp\/v2\/users\/3"}],"replies":[{"embeddable":true,"href":"https:\/\/listagil.is\/index.php?rest_route=%2Fwp%2Fv2%2Fcomments&post=2607"}],"version-history":[{"count":2,"href":"https:\/\/listagil.is\/index.php?rest_route=\/wp\/v2\/posts\/2607\/revisions"}],"predecessor-version":[{"id":2617,"href":"https:\/\/listagil.is\/index.php?rest_route=\/wp\/v2\/posts\/2607\/revisions\/2617"}],"wp:featuredmedia":[{"embeddable":true,"href":"https:\/\/listagil.is\/index.php?rest_route=\/wp\/v2\/media\/2601"}],"wp:attachment":[{"href":"https:\/\/listagil.is\/index.php?rest_route=%2Fwp%2Fv2%2Fmedia&parent=2607"}],"wp:term":[{"taxonomy":"category","embeddable":true,"href":"https:\/\/listagil.is\/index.php?rest_route=%2Fwp%2Fv2%2Fcategories&post=2607"},{"taxonomy":"post_tag","embeddable":true,"href":"https:\/\/listagil.is\/index.php?rest_route=%2Fwp%2Fv2%2Ftags&post=2607"}],"curies":[{"name":"wp","href":"https:\/\/api.w.org\/{rel}","templated":true}]}}