{"id":2596,"date":"2021-01-24T23:18:37","date_gmt":"2021-01-24T23:18:37","guid":{"rendered":"http:\/\/listagil.is\/?p=2596"},"modified":"2021-01-24T23:18:37","modified_gmt":"2021-01-24T23:18:37","slug":"martradamadka-sogur-af-moaskottum","status":"publish","type":"post","link":"https:\/\/listagil.is\/?p=2596","title":{"rendered":"Martra\u00f0ama\u00f0ka: S\u00f6gur af M\u00f3askottum"},"content":{"rendered":"\n<div class=\"wp-block-image is-style-rounded\"><figure class=\"alignleft size-large is-resized\"><img loading=\"lazy\" decoding=\"async\" src=\"http:\/\/listagil.is\/wp-content\/uploads\/2021\/01\/A\u0301gu\u0301sta-2minna-682x1024.jpg\" alt=\"\" class=\"wp-image-2579\" width=\"152\" height=\"229\"\/><\/figure><\/div>\n\n\n\n<p>Laugardaginn 30. jan\u00faar kl. 16 &#8211; 20<br>Sunnudaginn 31. jan\u00faar kl. 14 &#8211; 17<\/p>\n\n\n\n<p>\u00c1g\u00fasta Bj\u00f6rnsd\u00f3ttir, gestalistama\u00f0ur Gilf\u00e9lagsins \u00ed jan\u00faar s\u00fdnir afrakstur dvalar sinnar me\u00f0 s\u00fdningu \u00ed Deiglunni, k\u00f6llu\u00f0<em> Martra\u00f0ama\u00f0ka: S\u00f6gur af M\u00f3askottum. <\/em>Veri\u00f0 \u00f6ll hjartanlega velkomin.<br><br>\u00cd Deiglunni er gr\u00edmuskylda og fj\u00f6ldatakmarkanir virtar, s\u00fdnum hvort \u00f6\u00f0ru tillitsemi og gefum gott pl\u00e1ss.<\/p>\n\n\n\n<p>\u00c1g\u00fasta Bj\u00f6rnsd\u00f3ttir er f\u00e6dd og uppalin \u00ed Reykjav\u00edk. H\u00fan h\u00f3f myndlistarn\u00e1m sitt \u00ed\u00a0 Myndlistarsk\u00f3la Reykjav\u00edkur \u00e1ri\u00f0 2014 \u00fear sem h\u00fan lag\u00f0i stund \u00e1 sj\u00f3nlist. H\u00fan \u00fatskrifa\u00f0ist\u00a0 \u00fea\u00f0an me\u00f0 dipl\u00f3magr\u00e1\u00f0u \u00e1ri\u00f0 2015. Seinna sama \u00e1r t\u00f3k myndlistardeild Listah\u00e1sk\u00f3la \u00cdslands\u00a0 vi\u00f0. \u00c1ri\u00f0 2017 lag\u00f0i h\u00fan lei\u00f0 s\u00edna til Tallinn \u00fear sem h\u00fan sat eina \u00f6nn \u00ed sk\u00falpt\u00far og\u00a0 innsetningardeild Listah\u00e1sk\u00f3lans \u00ed Eistlandi. \u00c1g\u00fasta \u00fatskrifa\u00f0ist \u00far LH\u00cd \u00e1ri\u00f0 2018. Eftir \u00fatskrift\u00a0 fluttist h\u00fan til Berl\u00ednar \u00fear sem h\u00fan vann a\u00f0 myndlist sinni \u00e1samt \u00fev\u00ed a\u00f0 starfa hj\u00e1 galller\u00edinu\u00a0 Verein Berliner K\u00fcnstler. \u00cd dag er h\u00fan b\u00fasett \u00ed Reykjav\u00edk og hefur veri\u00f0 me\u00f0limur\u00a0 listah\u00f3psins Myrkraverk fr\u00e1 byrjun \u00e1rs 2020.\u00a0<\/p>\n\n\n\n<p>\u00c1g\u00fasta er hugfangin af hinu \u00f3\u00feekkta og notar \u00fea\u00f0 \u00f3spart \u00ed myndlist sinni sem ver\u00f0ur \u00fear a\u00f0 lei\u00f0andi dularfull jafnvel drungaleg. Einl\u00e6gnin er \u00fe\u00f3 aldrei langt \u00e1 undan. H\u00fan vonast til a\u00f0 me\u00f0 verkum s\u00ednum geti \u00e1horfandinn r\u00e9tt svo stigi\u00f0 \u00fat \u00far hversdagsleikanum og gleymt s\u00e9r&nbsp; \u00f6rl\u00edti\u00f0 \u00ed eigin vangaveltum.&nbsp;<\/p>\n\n\n\n<p>Vinnustofudv\u00f6lin er hugsu\u00f0 sem \u00e1framhaldandi vinna a\u00f0 b\u00f3kverki \u00fear sem \u00c1g\u00fasta reynir a\u00f0 vekja upp uppsk\u00e1lda\u00f0ar dulverur \u00ed formi teikninga, sk\u00falpt\u00fara og lj\u00f3\u00f0a. H\u00fan s\u00e6kir innbl\u00e1stur \u00ed\u00a0 n\u00e1tt\u00faruna og \u00fej\u00f3\u00f0s\u00f6gur v\u00ed\u00f0svegar um heiminn. Einnig \u00e6tlar \u00c1g\u00fasta a\u00f0 n\u00fdta s\u00e9r dv\u00f6lina \u00ed\u00a0 ranns\u00f3knir \u00e1 hlj\u00f3\u00f0um sem spretta upp fr\u00e1 dulr\u00e6num s\u00f6gus\u00f6gnum b\u00e6\u00f0i \u00ed formi drauma og draugalegra upplifana hennar og annarra.<\/p>\n\n\n\n<figure class=\"wp-block-gallery columns-2 is-cropped wp-block-gallery-1 is-layout-flex wp-block-gallery-is-layout-flex\"><ul class=\"blocks-gallery-grid\"><li class=\"blocks-gallery-item\"><figure><img loading=\"lazy\" decoding=\"async\" width=\"723\" height=\"1024\" src=\"http:\/\/listagil.is\/wp-content\/uploads\/2021\/01\/Sja\u0301varfo\u0301lki\u00f0-723x1024.jpg\" alt=\"\" data-id=\"2584\" data-full-url=\"http:\/\/listagil.is\/wp-content\/uploads\/2021\/01\/Sja\u0301varfo\u0301lki\u00f0-scaled.jpg\" data-link=\"http:\/\/listagil.is\/?attachment_id=2584\" class=\"wp-image-2584\" srcset=\"https:\/\/listagil.is\/wp-content\/uploads\/2021\/01\/Sja\u0301varfo\u0301lki\u00f0-723x1024.jpg 723w, https:\/\/listagil.is\/wp-content\/uploads\/2021\/01\/Sja\u0301varfo\u0301lki\u00f0-565x800.jpg 565w, https:\/\/listagil.is\/wp-content\/uploads\/2021\/01\/Sja\u0301varfo\u0301lki\u00f0-768x1087.jpg 768w, https:\/\/listagil.is\/wp-content\/uploads\/2021\/01\/Sja\u0301varfo\u0301lki\u00f0-1085x1536.jpg 1085w, https:\/\/listagil.is\/wp-content\/uploads\/2021\/01\/Sja\u0301varfo\u0301lki\u00f0-1447x2048.jpg 1447w, https:\/\/listagil.is\/wp-content\/uploads\/2021\/01\/Sja\u0301varfo\u0301lki\u00f0-scaled.jpg 1808w\" sizes=\"auto, (max-width: 723px) 100vw, 723px\" \/><\/figure><\/li><li class=\"blocks-gallery-item\"><figure><img loading=\"lazy\" decoding=\"async\" width=\"635\" height=\"994\" src=\"http:\/\/listagil.is\/wp-content\/uploads\/2021\/01\/Bro\u0301\u00f0irTungl.jpg\" alt=\"\" data-id=\"2580\" data-full-url=\"http:\/\/listagil.is\/wp-content\/uploads\/2021\/01\/Bro\u0301\u00f0irTungl.jpg\" data-link=\"http:\/\/listagil.is\/?attachment_id=2580\" class=\"wp-image-2580\" srcset=\"https:\/\/listagil.is\/wp-content\/uploads\/2021\/01\/Bro\u0301\u00f0irTungl.jpg 635w, https:\/\/listagil.is\/wp-content\/uploads\/2021\/01\/Bro\u0301\u00f0irTungl-511x800.jpg 511w\" sizes=\"auto, (max-width: 635px) 100vw, 635px\" \/><\/figure><\/li><\/ul><\/figure>\n","protected":false},"excerpt":{"rendered":"<p>Laugardaginn 30. jan\u00faar kl. 16 &#8211; 20Sunnudaginn 31. jan\u00faar kl. 14 &#8211; 17 \u00c1g\u00fasta Bj\u00f6rnsd\u00f3ttir, gestalistama\u00f0ur Gilf\u00e9lagsins \u00ed jan\u00faar s\u00fdnir afrakstur dvalar sinnar me\u00f0 s\u00fdningu \u00ed Deiglunni, k\u00f6llu\u00f0 Martra\u00f0ama\u00f0ka: S\u00f6gur af M\u00f3askottum. Veri\u00f0 \u00f6ll hjartanlega velkomin. \u00cd Deiglunni&#46;&#46;&#46;<\/p>\n","protected":false},"author":3,"featured_media":2586,"comment_status":"closed","ping_status":"closed","sticky":false,"template":"","format":"standard","meta":{"_exactmetrics_skip_tracking":false,"_exactmetrics_sitenote_active":false,"_exactmetrics_sitenote_note":"","_exactmetrics_sitenote_category":0,"footnotes":""},"categories":[4],"tags":[],"class_list":["post-2596","post","type-post","status-publish","format-standard","has-post-thumbnail","hentry","category-frettir"],"_links":{"self":[{"href":"https:\/\/listagil.is\/index.php?rest_route=\/wp\/v2\/posts\/2596","targetHints":{"allow":["GET"]}}],"collection":[{"href":"https:\/\/listagil.is\/index.php?rest_route=\/wp\/v2\/posts"}],"about":[{"href":"https:\/\/listagil.is\/index.php?rest_route=\/wp\/v2\/types\/post"}],"author":[{"embeddable":true,"href":"https:\/\/listagil.is\/index.php?rest_route=\/wp\/v2\/users\/3"}],"replies":[{"embeddable":true,"href":"https:\/\/listagil.is\/index.php?rest_route=%2Fwp%2Fv2%2Fcomments&post=2596"}],"version-history":[{"count":1,"href":"https:\/\/listagil.is\/index.php?rest_route=\/wp\/v2\/posts\/2596\/revisions"}],"predecessor-version":[{"id":2597,"href":"https:\/\/listagil.is\/index.php?rest_route=\/wp\/v2\/posts\/2596\/revisions\/2597"}],"wp:featuredmedia":[{"embeddable":true,"href":"https:\/\/listagil.is\/index.php?rest_route=\/wp\/v2\/media\/2586"}],"wp:attachment":[{"href":"https:\/\/listagil.is\/index.php?rest_route=%2Fwp%2Fv2%2Fmedia&parent=2596"}],"wp:term":[{"taxonomy":"category","embeddable":true,"href":"https:\/\/listagil.is\/index.php?rest_route=%2Fwp%2Fv2%2Fcategories&post=2596"},{"taxonomy":"post_tag","embeddable":true,"href":"https:\/\/listagil.is\/index.php?rest_route=%2Fwp%2Fv2%2Ftags&post=2596"}],"curies":[{"name":"wp","href":"https:\/\/api.w.org\/{rel}","templated":true}]}}