{"id":2543,"date":"2020-09-14T15:47:43","date_gmt":"2020-09-14T15:47:43","guid":{"rendered":"http:\/\/listagil.is\/?p=2543"},"modified":"2020-09-15T10:10:43","modified_gmt":"2020-09-15T10:10:43","slug":"namskeid-i-listraenum-utsaum","status":"publish","type":"post","link":"https:\/\/listagil.is\/?p=2543","title":{"rendered":"N\u00e1mskei\u00f0 \u00ed listr\u00e6num \u00fatsaum"},"content":{"rendered":"\n<h4 class=\"wp-block-heading\">EIN A\u00d0FER\u00d0 MARGAR \u00daTF\u00c6RSLUR<br><em>N\u00e1mskei\u00f0 \u00ed listr\u00e6num \u00fatsaum<\/em><\/h4>\n\n\n\n<figure class=\"wp-block-gallery columns-3 is-cropped wp-block-gallery-1 is-layout-flex wp-block-gallery-is-layout-flex\"><ul class=\"blocks-gallery-grid\"><li class=\"blocks-gallery-item\"><figure><img loading=\"lazy\" decoding=\"async\" width=\"960\" height=\"960\" src=\"http:\/\/listagil.is\/wp-content\/uploads\/2020\/09\/Tolka-en-bild-i-broderi2.jpg\" alt=\"\" data-id=\"2545\" data-link=\"http:\/\/listagil.is\/?attachment_id=2545\" class=\"wp-image-2545\" srcset=\"https:\/\/listagil.is\/wp-content\/uploads\/2020\/09\/Tolka-en-bild-i-broderi2.jpg 960w, https:\/\/listagil.is\/wp-content\/uploads\/2020\/09\/Tolka-en-bild-i-broderi2-800x800.jpg 800w, https:\/\/listagil.is\/wp-content\/uploads\/2020\/09\/Tolka-en-bild-i-broderi2-150x150.jpg 150w, https:\/\/listagil.is\/wp-content\/uploads\/2020\/09\/Tolka-en-bild-i-broderi2-768x768.jpg 768w, https:\/\/listagil.is\/wp-content\/uploads\/2020\/09\/Tolka-en-bild-i-broderi2-80x80.jpg 80w, https:\/\/listagil.is\/wp-content\/uploads\/2020\/09\/Tolka-en-bild-i-broderi2-320x320.jpg 320w\" sizes=\"auto, (max-width: 960px) 100vw, 960px\" \/><\/figure><\/li><li class=\"blocks-gallery-item\"><figure><img loading=\"lazy\" decoding=\"async\" width=\"1000\" height=\"1000\" src=\"http:\/\/listagil.is\/wp-content\/uploads\/2020\/09\/Version-2.jpg\" alt=\"\" data-id=\"2546\" data-link=\"http:\/\/listagil.is\/?attachment_id=2546\" class=\"wp-image-2546\" srcset=\"https:\/\/listagil.is\/wp-content\/uploads\/2020\/09\/Version-2.jpg 1000w, https:\/\/listagil.is\/wp-content\/uploads\/2020\/09\/Version-2-800x800.jpg 800w, https:\/\/listagil.is\/wp-content\/uploads\/2020\/09\/Version-2-150x150.jpg 150w, https:\/\/listagil.is\/wp-content\/uploads\/2020\/09\/Version-2-768x768.jpg 768w, https:\/\/listagil.is\/wp-content\/uploads\/2020\/09\/Version-2-80x80.jpg 80w, https:\/\/listagil.is\/wp-content\/uploads\/2020\/09\/Version-2-320x320.jpg 320w\" sizes=\"auto, (max-width: 1000px) 100vw, 1000px\" \/><\/figure><\/li><li class=\"blocks-gallery-item\"><figure><img loading=\"lazy\" decoding=\"async\" width=\"1024\" height=\"1024\" src=\"http:\/\/listagil.is\/wp-content\/uploads\/2020\/09\/inspirat\u00f6r_dots-1-1024x1024.jpg\" alt=\"\" data-id=\"2547\" data-full-url=\"http:\/\/listagil.is\/wp-content\/uploads\/2020\/09\/inspirat\u00f6r_dots-1.jpg\" data-link=\"http:\/\/listagil.is\/?attachment_id=2547\" class=\"wp-image-2547\" srcset=\"https:\/\/listagil.is\/wp-content\/uploads\/2020\/09\/inspirat\u00f6r_dots-1-1024x1024.jpg 1024w, https:\/\/listagil.is\/wp-content\/uploads\/2020\/09\/inspirat\u00f6r_dots-1-800x800.jpg 800w, https:\/\/listagil.is\/wp-content\/uploads\/2020\/09\/inspirat\u00f6r_dots-1-150x150.jpg 150w, https:\/\/listagil.is\/wp-content\/uploads\/2020\/09\/inspirat\u00f6r_dots-1-768x768.jpg 768w, https:\/\/listagil.is\/wp-content\/uploads\/2020\/09\/inspirat\u00f6r_dots-1-80x80.jpg 80w, https:\/\/listagil.is\/wp-content\/uploads\/2020\/09\/inspirat\u00f6r_dots-1-320x320.jpg 320w, https:\/\/listagil.is\/wp-content\/uploads\/2020\/09\/inspirat\u00f6r_dots-1.jpg 1200w\" sizes=\"auto, (max-width: 1024px) 100vw, 1024px\" \/><\/figure><\/li><\/ul><\/figure>\n\n\n\n<p>S\u00e6nska text\u00edllistakonan Ren\u00e9e Rudebrant mun halda n\u00e1mskei\u00f0 \u00ed frj\u00e1lsum og abstrakt \u00fatsaum helgina 26. og 27. september 2020.\u00a0<\/p>\n\n\n\n<p>Ren\u00e9e hefur s\u00fdnt verk s\u00edn v\u00ed\u00f0a um heim og heldur reglulega n\u00e1mskei\u00f0 \u00ed a\u00f0fer\u00f0um s\u00ednum. H\u00fan hefur gefi\u00f0 \u00fat tv\u00e6r b\u00e6kur um \u00fatsaum, <em>Graphic cross stitch<\/em> og <em>Expression with needle and thread<\/em>. Ren\u00e9e hugsar \u00fatsauminn eins og m\u00e1lverk og n\u00fdtir oft endurunnin efni \u00ed bland vi\u00f0 text\u00edl \u00ed verkin s\u00edn. \u00deetta er einstakt t\u00e6kif\u00e6ri a\u00f0 komast \u00e1 n\u00e1mskei\u00f0 hj\u00e1 henni.<\/p>\n\n\n\n<p>N\u00e1mskei\u00f0i\u00f0 ver\u00f0ur haldi\u00f0 \u00e1 Laugalandi \u00ed Eyjafjar\u00f0arsveit (Gamli H\u00fasm\u00e6\u00f0rask\u00f3linn) kl. 10 &#8211; 12 og 13 &#8211; 17 b\u00e1\u00f0a dagana. Nemendur \u00feurfa a\u00f0 hafa efni og \u00e1h\u00f6ld til prufuger\u00f0a me\u00f0 s\u00e9r, n\u00e1nari uppl\u00fdsingar vi\u00f0 skr\u00e1ningu. Vegna Covid-19 \u00feurfa nemendur a\u00f0 hafa me\u00f0 s\u00e9r nesti \u00ed h\u00e1deginu.&nbsp;<\/p>\n\n\n\n<p>N\u00e1mskei\u00f0isgjald er 25.000 kr.&nbsp;<br>Skr\u00e1ning er til m\u00e1nudagsins 21. september hj\u00e1 netfanginu <a href=\"mailto:gilfelag@listagil.is\">gilfelag@listagil.is<\/a> og n\u00e1nari uppl\u00fdsingar m\u00e1 n\u00e1lgast \u00fear e\u00f0a hj\u00e1 Ingibj\u00f6rgu \u00ed s\u00edma 895-3345.<\/p>\n\n\n\n<p>N\u00e1nari uppl\u00fdsingar um Ren\u00e9e Rudebrant m\u00e1 sj\u00e1 \u00e1 heimas\u00ed\u00f0u hennar www.rudebrant.se\/<\/p>\n\n\n\n<p>N\u00e1mskei\u00f0i\u00f0 er haldi\u00f0 \u00ed samvinnu vi\u00f0 Gilf\u00e9lagi\u00f0 og Handra\u00f0ann.<\/p>\n\n\n\n<figure class=\"wp-block-image size-large\"><img loading=\"lazy\" decoding=\"async\" width=\"819\" height=\"585\" src=\"http:\/\/listagil.is\/wp-content\/uploads\/2020\/09\/renee_rudebrant_01.png\" alt=\"\" class=\"wp-image-2548\" srcset=\"https:\/\/listagil.is\/wp-content\/uploads\/2020\/09\/renee_rudebrant_01.png 819w, https:\/\/listagil.is\/wp-content\/uploads\/2020\/09\/renee_rudebrant_01-800x571.png 800w, https:\/\/listagil.is\/wp-content\/uploads\/2020\/09\/renee_rudebrant_01-768x549.png 768w\" sizes=\"auto, (max-width: 819px) 100vw, 819px\" \/><\/figure>\n","protected":false},"excerpt":{"rendered":"<p>EIN A\u00d0FER\u00d0 MARGAR \u00daTF\u00c6RSLURN\u00e1mskei\u00f0 \u00ed listr\u00e6num \u00fatsaum S\u00e6nska text\u00edllistakonan Ren\u00e9e Rudebrant mun halda n\u00e1mskei\u00f0 \u00ed frj\u00e1lsum og abstrakt \u00fatsaum helgina 26. og 27. september 2020.\u00a0 Ren\u00e9e hefur s\u00fdnt verk s\u00edn v\u00ed\u00f0a um heim og heldur reglulega n\u00e1mskei\u00f0 \u00ed&#46;&#46;&#46;<\/p>\n","protected":false},"author":3,"featured_media":2544,"comment_status":"closed","ping_status":"closed","sticky":false,"template":"","format":"standard","meta":{"_exactmetrics_skip_tracking":false,"_exactmetrics_sitenote_active":false,"_exactmetrics_sitenote_note":"","_exactmetrics_sitenote_category":0,"footnotes":""},"categories":[4],"tags":[],"class_list":["post-2543","post","type-post","status-publish","format-standard","has-post-thumbnail","hentry","category-frettir"],"_links":{"self":[{"href":"https:\/\/listagil.is\/index.php?rest_route=\/wp\/v2\/posts\/2543","targetHints":{"allow":["GET"]}}],"collection":[{"href":"https:\/\/listagil.is\/index.php?rest_route=\/wp\/v2\/posts"}],"about":[{"href":"https:\/\/listagil.is\/index.php?rest_route=\/wp\/v2\/types\/post"}],"author":[{"embeddable":true,"href":"https:\/\/listagil.is\/index.php?rest_route=\/wp\/v2\/users\/3"}],"replies":[{"embeddable":true,"href":"https:\/\/listagil.is\/index.php?rest_route=%2Fwp%2Fv2%2Fcomments&post=2543"}],"version-history":[{"count":2,"href":"https:\/\/listagil.is\/index.php?rest_route=\/wp\/v2\/posts\/2543\/revisions"}],"predecessor-version":[{"id":2554,"href":"https:\/\/listagil.is\/index.php?rest_route=\/wp\/v2\/posts\/2543\/revisions\/2554"}],"wp:featuredmedia":[{"embeddable":true,"href":"https:\/\/listagil.is\/index.php?rest_route=\/wp\/v2\/media\/2544"}],"wp:attachment":[{"href":"https:\/\/listagil.is\/index.php?rest_route=%2Fwp%2Fv2%2Fmedia&parent=2543"}],"wp:term":[{"taxonomy":"category","embeddable":true,"href":"https:\/\/listagil.is\/index.php?rest_route=%2Fwp%2Fv2%2Fcategories&post=2543"},{"taxonomy":"post_tag","embeddable":true,"href":"https:\/\/listagil.is\/index.php?rest_route=%2Fwp%2Fv2%2Ftags&post=2543"}],"curies":[{"name":"wp","href":"https:\/\/api.w.org\/{rel}","templated":true}]}}