{"id":2506,"date":"2020-07-20T14:39:51","date_gmt":"2020-07-20T14:39:51","guid":{"rendered":"http:\/\/listagil.is\/?p=2506"},"modified":"2020-07-30T14:14:38","modified_gmt":"2020-07-30T14:14:38","slug":"myndlistasyning-sigga-snjolaug","status":"publish","type":"post","link":"https:\/\/listagil.is\/?p=2506","title":{"rendered":"Myndlistas\u00fdning &#8211; Sigga Snj\u00f3laug"},"content":{"rendered":"\n<figure class=\"wp-block-image size-large\"><img loading=\"lazy\" decoding=\"async\" width=\"1024\" height=\"1024\" src=\"http:\/\/listagil.is\/wp-content\/uploads\/2020\/07\/kynning2-1024x1024.jpg\" alt=\"\" class=\"wp-image-2507\" srcset=\"https:\/\/listagil.is\/wp-content\/uploads\/2020\/07\/kynning2-1024x1024.jpg 1024w, https:\/\/listagil.is\/wp-content\/uploads\/2020\/07\/kynning2-800x800.jpg 800w, https:\/\/listagil.is\/wp-content\/uploads\/2020\/07\/kynning2-150x150.jpg 150w, https:\/\/listagil.is\/wp-content\/uploads\/2020\/07\/kynning2-768x768.jpg 768w, https:\/\/listagil.is\/wp-content\/uploads\/2020\/07\/kynning2-80x80.jpg 80w, https:\/\/listagil.is\/wp-content\/uploads\/2020\/07\/kynning2-320x320.jpg 320w, https:\/\/listagil.is\/wp-content\/uploads\/2020\/07\/kynning2.jpg 1080w\" sizes=\"auto, (max-width: 1024px) 100vw, 1024px\" \/><\/figure>\n\n\n\n<p><br>F\u00f6studaginn 24. j\u00fal\u00ed kl. 20:00 opnar Sigr\u00ed\u00f0ur Snj\u00f3laug Vernhar\u00f0sd\u00f3ttir s\u00fdningu \u00ed Deiglunni \u00e1 Akureyri.<br>S\u00fdningin er afrakstur vinnustofudvalar hennar \u00ed 3 vikur og eru verkin enn \u00ed vinnslu.<\/p>\n\n\n\n<p>Sigga Snj\u00f3laug hefur veri\u00f0 a\u00f0 vinna me\u00f0 \u00e6vint\u00fdri\u00f0 um Eldfuglinn sem er gamalt r\u00fassneskt \u00e6vint\u00fdri.<br>\u00c6vint\u00fdri eru \u00fej\u00f3\u00f0s\u00f6gur sem fjalla gjarnan um yfirn\u00e1tt\u00farulegar verur, fyrirb\u00e6ri, t\u00f6fra og \u00e1l\u00f6g.<br><br>Erum vi\u00f0 st\u00f6dd \u00ed mi\u00f0ju vondu \u00e6vint\u00fdri \u00ed dag?<br>N\u00fa m\u00e1 segja a\u00f0 vi\u00f0\/heimurinn s\u00e9um \u00ed \u00e1l\u00f6gum k\u00f3r\u00f3nuveirunnar:&nbsp; Gr\u00edmur, veira, k\u00f3r\u00f3nur.<br><br>\u00cd \u00e6vint\u00fdrinu um Eldfuglinn er ill vera sem nefnist Kachtche\u00ef dau\u00f0alausi.<br>Dau\u00f0i Kachtche\u00ef er falinn og \u00e1l\u00f6g sem hann hefur lagt yfir samf\u00e9lagi\u00f0 ver\u00f0ur ekki l\u00e9tt nema dau\u00f0i hans finnist.<br><br>Hva\u00f0 ver\u00f0ur heimurinn lengi \u00ed \u00e1l\u00f6gum veirunnar \u00fear til lausn \u00e1 smiti finnst? &nbsp;<br>Vi\u00f0 vonum a\u00f0 l\u00e6kning finnist og vi\u00f0 leysumst \u00far \u00e1l\u00f6gum.<\/p>\n\n\n\n<p>Igor Stravinsky (1882-1971) var eitt merkasta og fr\u00e6gasta t\u00f3nsk\u00e1ld 20. aldarinnar.<br>Eldfuglinn var fyrsta st\u00f3ra verki\u00f0 sem hann samdi, \u00feegar hann var 27 \u00e1ra gamall.<br>Upphaflega var verki\u00f0 ballett og \u00feegar Eldfuglinn var frums\u00fdndur \u00ed Par\u00eds var\u00f0 Stravinsky heimsfr\u00e6gur \u00e1 einni n\u00f3ttu.<\/p>\n\n\n\n<figure class=\"wp-block-image size-large\"><img loading=\"lazy\" decoding=\"async\" width=\"945\" height=\"945\" src=\"http:\/\/listagil.is\/wp-content\/uploads\/2020\/07\/prinsIvan2.jpg\" alt=\"\" class=\"wp-image-2508\" srcset=\"https:\/\/listagil.is\/wp-content\/uploads\/2020\/07\/prinsIvan2.jpg 945w, https:\/\/listagil.is\/wp-content\/uploads\/2020\/07\/prinsIvan2-800x800.jpg 800w, https:\/\/listagil.is\/wp-content\/uploads\/2020\/07\/prinsIvan2-150x150.jpg 150w, https:\/\/listagil.is\/wp-content\/uploads\/2020\/07\/prinsIvan2-768x768.jpg 768w, https:\/\/listagil.is\/wp-content\/uploads\/2020\/07\/prinsIvan2-80x80.jpg 80w, https:\/\/listagil.is\/wp-content\/uploads\/2020\/07\/prinsIvan2-320x320.jpg 320w\" sizes=\"auto, (max-width: 945px) 100vw, 945px\" \/><\/figure>\n","protected":false},"excerpt":{"rendered":"<p>F\u00f6studaginn 24. j\u00fal\u00ed kl. 20:00 opnar Sigr\u00ed\u00f0ur Snj\u00f3laug Vernhar\u00f0sd\u00f3ttir s\u00fdningu \u00ed Deiglunni \u00e1 Akureyri.S\u00fdningin er afrakstur vinnustofudvalar hennar \u00ed 3 vikur og eru verkin enn \u00ed vinnslu. Sigga Snj\u00f3laug hefur veri\u00f0 a\u00f0 vinna me\u00f0 \u00e6vint\u00fdri\u00f0 um Eldfuglinn sem&#46;&#46;&#46;<\/p>\n","protected":false},"author":3,"featured_media":2510,"comment_status":"closed","ping_status":"closed","sticky":false,"template":"","format":"standard","meta":{"_exactmetrics_skip_tracking":false,"_exactmetrics_sitenote_active":false,"_exactmetrics_sitenote_note":"","_exactmetrics_sitenote_category":0,"footnotes":""},"categories":[4],"tags":[],"class_list":["post-2506","post","type-post","status-publish","format-standard","has-post-thumbnail","hentry","category-frettir"],"_links":{"self":[{"href":"https:\/\/listagil.is\/index.php?rest_route=\/wp\/v2\/posts\/2506","targetHints":{"allow":["GET"]}}],"collection":[{"href":"https:\/\/listagil.is\/index.php?rest_route=\/wp\/v2\/posts"}],"about":[{"href":"https:\/\/listagil.is\/index.php?rest_route=\/wp\/v2\/types\/post"}],"author":[{"embeddable":true,"href":"https:\/\/listagil.is\/index.php?rest_route=\/wp\/v2\/users\/3"}],"replies":[{"embeddable":true,"href":"https:\/\/listagil.is\/index.php?rest_route=%2Fwp%2Fv2%2Fcomments&post=2506"}],"version-history":[{"count":2,"href":"https:\/\/listagil.is\/index.php?rest_route=\/wp\/v2\/posts\/2506\/revisions"}],"predecessor-version":[{"id":2511,"href":"https:\/\/listagil.is\/index.php?rest_route=\/wp\/v2\/posts\/2506\/revisions\/2511"}],"wp:featuredmedia":[{"embeddable":true,"href":"https:\/\/listagil.is\/index.php?rest_route=\/wp\/v2\/media\/2510"}],"wp:attachment":[{"href":"https:\/\/listagil.is\/index.php?rest_route=%2Fwp%2Fv2%2Fmedia&parent=2506"}],"wp:term":[{"taxonomy":"category","embeddable":true,"href":"https:\/\/listagil.is\/index.php?rest_route=%2Fwp%2Fv2%2Fcategories&post=2506"},{"taxonomy":"post_tag","embeddable":true,"href":"https:\/\/listagil.is\/index.php?rest_route=%2Fwp%2Fv2%2Ftags&post=2506"}],"curies":[{"name":"wp","href":"https:\/\/api.w.org\/{rel}","templated":true}]}}