{"id":2485,"date":"2020-07-06T13:23:00","date_gmt":"2020-07-06T13:23:00","guid":{"rendered":"http:\/\/listagil.is\/?p=2485"},"modified":"2020-07-15T10:20:48","modified_gmt":"2020-07-15T10:20:48","slug":"sammalun-tilraunakvold","status":"publish","type":"post","link":"https:\/\/listagil.is\/?p=2485","title":{"rendered":"Samm\u00e1lun &#8211; Tilraunakv\u00f6ld"},"content":{"rendered":"\n<p>Deiglan mi\u00f0vikudagskv\u00f6ldi\u00f0 8. j\u00fal\u00ed kl. 19:30<\/p>\n\n\n\n<p>\u00deri\u00f0ja Tilraunastofan &#8211; M\u00e1la\u00f0 saman \u00e1 st\u00f3ran fl\u00f6t.<\/p>\n\n\n\n<p><br>M\u00e1la\u00f0 ver\u00f0ur me\u00f0 priki (framlengingu \u00e1 pensilinn) \u00e1 st\u00f3rar papp\u00edrsarkir (allt upp \u00ed 1,5 X 4 m), sem liggja flatar \u00e1 g\u00f3lfinu. \u00deetta er tilraunaa\u00f0fer\u00f0 sem gefur g\u00f3\u00f0a fjarl\u00e6g\u00f0 fr\u00e1 m\u00e1lverkinu sj\u00e1lfu. H\u00fan er mikil \u00e1skorun sem \u00fdtir f\u00f3lki \u00fat fyrir \u00fe\u00e6gindarammann \u00ed m\u00e1lun. Gefur n\u00fdja s\u00fdn \u00e1 m\u00e1lverki\u00f0, losar um h\u00f6ft og leyfir m\u00e1lverkinu a\u00f0 \u00fer\u00f3ast og leita n\u00fdrra fj\u00f6lbreyttra lei\u00f0a. \u00deessi \u00e1skorun, samvinnuverkefni \u00fear sem \u00fe\u00e1tttakendur vinna sameiginleg verk og nj\u00f3ta \u00fear \u00feekkingar hvers annars \u00e1 jafnr\u00e9ttisgrundvelli. \u00dea\u00f0 ver\u00f0ur akr\u00fdl litur \u00e1 sta\u00f0num og einhverjir penslar og l\u00e9ttar veitingar. <\/p>\n\n\n\n<p>\u00de\u00e1tttaka er \u00f6llum frj\u00e1ls og er \u00f3keypis inn. \u00d6llum er frj\u00e1lst a\u00f0 taka me\u00f0 s\u00edn eigin \u00e1h\u00f6ld og liti. <\/p>\n\n\n\n<p>Verkefni\u00f0 er styrkt af Menningarsj\u00f3\u00f0i Akureyrar<\/p>\n","protected":false},"excerpt":{"rendered":"<p>Deiglan mi\u00f0vikudagskv\u00f6ldi\u00f0 8. j\u00fal\u00ed kl. 19:30 \u00deri\u00f0ja Tilraunastofan &#8211; M\u00e1la\u00f0 saman \u00e1 st\u00f3ran fl\u00f6t. M\u00e1la\u00f0 ver\u00f0ur me\u00f0 priki (framlengingu \u00e1 pensilinn) \u00e1 st\u00f3rar papp\u00edrsarkir (allt upp \u00ed 1,5 X 4 m), sem liggja flatar \u00e1 g\u00f3lfinu. \u00deetta er&#46;&#46;&#46;<\/p>\n","protected":false},"author":3,"featured_media":2486,"comment_status":"closed","ping_status":"closed","sticky":false,"template":"","format":"standard","meta":{"_exactmetrics_skip_tracking":false,"_exactmetrics_sitenote_active":false,"_exactmetrics_sitenote_note":"","_exactmetrics_sitenote_category":0,"footnotes":""},"categories":[4],"tags":[],"class_list":["post-2485","post","type-post","status-publish","format-standard","has-post-thumbnail","hentry","category-frettir"],"_links":{"self":[{"href":"https:\/\/listagil.is\/index.php?rest_route=\/wp\/v2\/posts\/2485","targetHints":{"allow":["GET"]}}],"collection":[{"href":"https:\/\/listagil.is\/index.php?rest_route=\/wp\/v2\/posts"}],"about":[{"href":"https:\/\/listagil.is\/index.php?rest_route=\/wp\/v2\/types\/post"}],"author":[{"embeddable":true,"href":"https:\/\/listagil.is\/index.php?rest_route=\/wp\/v2\/users\/3"}],"replies":[{"embeddable":true,"href":"https:\/\/listagil.is\/index.php?rest_route=%2Fwp%2Fv2%2Fcomments&post=2485"}],"version-history":[{"count":1,"href":"https:\/\/listagil.is\/index.php?rest_route=\/wp\/v2\/posts\/2485\/revisions"}],"predecessor-version":[{"id":2487,"href":"https:\/\/listagil.is\/index.php?rest_route=\/wp\/v2\/posts\/2485\/revisions\/2487"}],"wp:featuredmedia":[{"embeddable":true,"href":"https:\/\/listagil.is\/index.php?rest_route=\/wp\/v2\/media\/2486"}],"wp:attachment":[{"href":"https:\/\/listagil.is\/index.php?rest_route=%2Fwp%2Fv2%2Fmedia&parent=2485"}],"wp:term":[{"taxonomy":"category","embeddable":true,"href":"https:\/\/listagil.is\/index.php?rest_route=%2Fwp%2Fv2%2Fcategories&post=2485"},{"taxonomy":"post_tag","embeddable":true,"href":"https:\/\/listagil.is\/index.php?rest_route=%2Fwp%2Fv2%2Ftags&post=2485"}],"curies":[{"name":"wp","href":"https:\/\/api.w.org\/{rel}","templated":true}]}}