{"id":2366,"date":"2020-05-25T11:47:12","date_gmt":"2020-05-25T11:47:12","guid":{"rendered":"http:\/\/listagil.is\/?p=2366"},"modified":"2020-05-25T11:47:41","modified_gmt":"2020-05-25T11:47:41","slug":"stjornarfundur","status":"publish","type":"post","link":"https:\/\/listagil.is\/?p=2366","title":{"rendered":"Stj\u00f3rnarfundur 21. ma\u00ed 2020"},"content":{"rendered":"\n<p>10. stj\u00f3rnarfundur starfs\u00e1ri\u00f0 2019\/2020<br>Haldinn \u00ed Deiglunni 21. ma\u00ed 2020 kl 16.00<br>M\u00e6tt eru \u00far stj\u00f3rn: Gu\u00f0mundur \u00c1rmann, A\u00f0alsteinn, Ingibj\u00f6rg, S\u00f3ley Bj\u00f6rk, Sigr\u00fan Birna og Hei\u00f0d\u00eds \u00e1 netinu.<br><\/p>\n\n\n\n<p>Dagskr\u00e1:<br>1. A\u00f0alfundarundirb\u00faningur<br>S\u00f3ley Bj\u00f6rk ver\u00f0ur fundarstj\u00f3ri og Sigr\u00fan Birna ver\u00f0ur fundarritari,<br>Sk\u00fdrsla stj\u00f3rnar er tilb\u00fain og komin \u00e1 vefinn. Reikningar koma vel \u00fat, aukin umsvif og jafnframt aukning \u00e1 eigin f\u00e9.<br>Stj\u00f3rn gerir till\u00f6gu a\u00f0 \u00fev\u00ed a\u00f0 Ingibj\u00f6rg, Hei\u00f0d\u00eds, A\u00f0alsteinn og \u00cdvar ver\u00f0i fulltr\u00faar \u00ed a\u00f0alstj\u00f3rn.<br>Arna Gu\u00f0n\u00fd Valsd\u00f3ttir og Jana A\u00f0albjargar-J\u00f3sefsd\u00f3ttir sem gefa kost \u00e1 s\u00e9r til stj\u00f3rnarsetu, komi inn \u00ed varastj\u00f3rn.<br>Gu\u00f0mundur \u00c1rmann gefur kost \u00e1 s\u00e9r \u00ed formanninn, \u00f6nnur frambo\u00f0 hafa ekki borist.<br>Sigr\u00fan Birna og S\u00f3ley Bj\u00f6rk ganga \u00far stj\u00f3rn.<br>Stj\u00f3rn leggur til a\u00f0 f\u00e9lagsgjald ver\u00f0i \u00f3breytt, 2500 kr\u00f3nur.<br>Ingibj\u00f6rgu gjaldkera fali\u00f0 a\u00f0 kaupa veitingar fyrir fundinn.<\/p>\n\n\n\n<p>2. \u00d6nnur m\u00e1l<br>a. Gestavinnustofan: komin er ein ums\u00f3kn um \u00e1g\u00fast. \u00c1kve\u00f0i\u00f0 a\u00f0 leigja vi\u00f0komandi \u00e1 kr. 80 \u00fe\u00fasund. J\u00fan\u00edm\u00e1nu\u00f0 er enn\u00fe\u00e1 laus og Hei\u00f0d\u00edsi fali\u00f0 a\u00f0 augl\u00fdsa a\u00f0 h\u00e6gt s\u00e9 a\u00f0 leigja vikuna \u00e1 20 \u00fe\u00fasund.<br>b. Deiglan b\u00f3ku\u00f0 alla \u00feri\u00f0judaga og alla helgar \u00ed j\u00fal\u00ed fyrir Listasumar og gestalistamanninn.<br>c. Gildagur 6. j\u00fan\u00ed: stj\u00f3rn leggur til a\u00f0 h\u00f3pnum Gellur sem m\u00e1la ver\u00f0i bo\u00f0i\u00f0 a\u00f0 framlengja s\u00fdninguna sem opnar um n\u00e6stu helgi. Gangi \u00fea\u00f0 ekki eftir ver\u00f0i leita\u00f0 annarra kosta.<br>d. Barnamenningarh\u00e1t\u00ed\u00f0 \u00e1 Akureyrir ver\u00f0ur \u00ed haldin \u00ed okt\u00f3ber.<br>Gu\u00f0mundur \u00c1rmann og Sigr\u00fan Birna ver\u00f0a \u00ed sambandi vi\u00f0 Almar um hva\u00f0a helgar \u00ed okt\u00f3ber henti best.<br>e. Tilraunakv\u00f6ld \u00ed listum: A\u00f0alsteinn minnti \u00e1 tilraunakv\u00f6ldin sem hafa frestast vegna Covid. Menningarsj\u00f3\u00f0ur Akureyrarb\u00e6r styrkir kv\u00f6ldin. Gilf\u00e9lagi\u00f0 er samstarfsa\u00f0ili og leggur til Deigluna sem sitt framlag.<br>f. Sv\u00ed\u00fej\u00f3\u00f0ars\u00fdningin: Menningarsj\u00f3\u00f0ur Akureyrarb\u00e6jar styrkir verkefni\u00f0 sem ver\u00f0ur 19.sept. til 22 n\u00f3v. \u00ed haust. Be\u00f0i\u00f0 er svara um hvort af formlegri opnun getur or\u00f0i\u00f0.<br>Fleira ekki gert og fundi sliti\u00f0 kl.17:30<\/p>\n","protected":false},"excerpt":{"rendered":"<p>10. stj\u00f3rnarfundur starfs\u00e1ri\u00f0 2019\/2020Haldinn \u00ed Deiglunni 21. ma\u00ed 2020 kl 16.00M\u00e6tt eru \u00far stj\u00f3rn: Gu\u00f0mundur \u00c1rmann, A\u00f0alsteinn, Ingibj\u00f6rg, S\u00f3ley Bj\u00f6rk, Sigr\u00fan Birna og Hei\u00f0d\u00eds \u00e1 netinu. Dagskr\u00e1:1. A\u00f0alfundarundirb\u00faningurS\u00f3ley Bj\u00f6rk ver\u00f0ur fundarstj\u00f3ri og Sigr\u00fan Birna ver\u00f0ur fundarritari,Sk\u00fdrsla stj\u00f3rnar er&#46;&#46;&#46;<\/p>\n","protected":false},"author":3,"featured_media":2153,"comment_status":"closed","ping_status":"closed","sticky":false,"template":"","format":"standard","meta":{"_exactmetrics_skip_tracking":false,"_exactmetrics_sitenote_active":false,"_exactmetrics_sitenote_note":"","_exactmetrics_sitenote_category":0,"footnotes":""},"categories":[71],"tags":[],"class_list":["post-2366","post","type-post","status-publish","format-standard","has-post-thumbnail","hentry","category-fundargerdir"],"_links":{"self":[{"href":"https:\/\/listagil.is\/index.php?rest_route=\/wp\/v2\/posts\/2366","targetHints":{"allow":["GET"]}}],"collection":[{"href":"https:\/\/listagil.is\/index.php?rest_route=\/wp\/v2\/posts"}],"about":[{"href":"https:\/\/listagil.is\/index.php?rest_route=\/wp\/v2\/types\/post"}],"author":[{"embeddable":true,"href":"https:\/\/listagil.is\/index.php?rest_route=\/wp\/v2\/users\/3"}],"replies":[{"embeddable":true,"href":"https:\/\/listagil.is\/index.php?rest_route=%2Fwp%2Fv2%2Fcomments&post=2366"}],"version-history":[{"count":2,"href":"https:\/\/listagil.is\/index.php?rest_route=\/wp\/v2\/posts\/2366\/revisions"}],"predecessor-version":[{"id":2368,"href":"https:\/\/listagil.is\/index.php?rest_route=\/wp\/v2\/posts\/2366\/revisions\/2368"}],"wp:featuredmedia":[{"embeddable":true,"href":"https:\/\/listagil.is\/index.php?rest_route=\/wp\/v2\/media\/2153"}],"wp:attachment":[{"href":"https:\/\/listagil.is\/index.php?rest_route=%2Fwp%2Fv2%2Fmedia&parent=2366"}],"wp:term":[{"taxonomy":"category","embeddable":true,"href":"https:\/\/listagil.is\/index.php?rest_route=%2Fwp%2Fv2%2Fcategories&post=2366"},{"taxonomy":"post_tag","embeddable":true,"href":"https:\/\/listagil.is\/index.php?rest_route=%2Fwp%2Fv2%2Ftags&post=2366"}],"curies":[{"name":"wp","href":"https:\/\/api.w.org\/{rel}","templated":true}]}}