{"id":2300,"date":"2020-02-13T14:56:46","date_gmt":"2020-02-13T14:56:46","guid":{"rendered":"http:\/\/listagil.is\/?p=2300"},"modified":"2020-02-20T14:59:40","modified_gmt":"2020-02-20T14:59:40","slug":"stjornarfundur-12-februar-2020","status":"publish","type":"post","link":"https:\/\/listagil.is\/?p=2300","title":{"rendered":"Stj\u00f3rnarfundur 12. febr\u00faar 2020"},"content":{"rendered":"\n<p><strong>9. stj\u00f3rnarfundur&nbsp; starfs\u00e1ri\u00f0 2019\/2020<\/strong><\/p>\n\n\n\n<p>Haldinn \u00ed Deiglunni 12. febr\u00faar 2020 kl 18:15<\/p>\n\n\n\n<p>M\u00e6tt eru \u00far stj\u00f3rn: Gu\u00f0mundur \u00c1rmann, Ingibj\u00f6rg, Sigr\u00fan Birna og Hei\u00f0d\u00eds \u00e1 netinu<\/p>\n\n\n\n<p>Dagskr\u00e1<\/p>\n\n\n\n<ol class=\"wp-block-list\"><li><strong>Undirb\u00faningur fyrir a\u00f0alfund<\/strong><\/li><\/ol>\n\n\n\n<p>A\u00f0alfundur laugardaginn 23.ma\u00ed kl 13:00<\/p>\n\n\n\n<p>Undirb\u00faningur efnahagsreiknings, \u00e6ttum a\u00f0 hittast og fara yfir reikninga og a\u00f0greina gestavinnustofu.<\/p>\n\n\n\n<p>Sk\u00fdrsla stj\u00f3rnar, Hei\u00f0d\u00eds \u00e6tlar a\u00f0 taka saman vi\u00f0bur\u00f0i s\u00ed\u00f0asta starfs\u00e1rs. Gu\u00f0mundur tekur saman dr\u00f6g og sendir \u00e1 stj\u00f3rn.<\/p>\n\n\n\n<p>Stj\u00f3rnarframbo\u00f0: F\u00f3lk er a\u00f0 hugsa sinn gang og leitar a\u00f0 n\u00fdjum kand\u00edd\u00f6tum.<\/p>\n\n\n\n<ol class=\"wp-block-list\"><li><strong>&nbsp;\u00c1herslur og till\u00f6gur var\u00f0andi samkomulag milli Gilf\u00e9lags og Akureyrarb\u00e6jar<\/strong><\/li><\/ol>\n\n\n\n<p>L\u00f6g\u00f0 ver\u00f0ur \u00e1hersla \u00e1 a\u00f0 gera leigusamning me\u00f0 \u00e1herslu \u00e1 a\u00f0 f\u00e1 a\u00f0 setja upp graf\u00edk verkst\u00e6\u00f0i.<\/p>\n\n\n\n<ol class=\"wp-block-list\"><li><strong>Gestavinnustofan<\/strong><\/li><\/ol>\n\n\n\n<p>Skerpa \u00fearf&nbsp; \u00e1 reglum um hversu mikla a\u00f0sto\u00f0 gestalistamenn f\u00e1 fr\u00e1 okkur,<\/p>\n\n\n\n<p>Gu\u00f0mundur leitar tilbo\u00f0a um prentun \u00e1 p\u00f3ster og s\u00fdningaskr\u00e1<\/p>\n\n\n\n<p>Hei\u00f0d\u00eds skerpir \u00e1 reglum um upphengingar og prentun.<\/p>\n\n\n\n<p>\u00deurfum a\u00f0 muna a\u00f0 innheimta \u00ferifagjaldi\u00f0<\/p>\n\n\n\n<p>Lei\u00f0beiningar um loftun \u00e1 ba\u00f0herbergi &#8211;&nbsp; kaupa ryksugupokar, h\u00e1r\u00feurrku ofl.<\/p>\n\n\n\n<ol class=\"wp-block-list\"><li><strong>Sv\u00ed\u00f0j\u00f3\u00f0ars\u00fdningin:&nbsp; G\u00f3\u00f0ur gangur \u00ed undirb\u00faningi og b\u00fai\u00f0 a\u00f0 s\u00e6kja um 300 \u00fe\u00fas kr styrk Menningarsj\u00f3\u00f0s Akureyrar.<\/strong><strong><br><br><\/strong><\/li><li><strong>\u00f6nnur m\u00e1l<\/strong><\/li><\/ol>\n\n\n\n<ol class=\"wp-block-list\"><li><strong>&nbsp;\u00datleiga \u00e1 vinnur\u00fdmi \u00ed Deiglu. Bj\u00f3\u00f0um \u00e1framhaldandi samning til hausts.<\/strong><\/li><li>fj\u00f6lgun vi\u00f0bur\u00f0a \u00ed Deiglu &#8211; allir leggi h\u00f6fu\u00f0i\u00f0 \u00ed bleyti<\/li><li><strong>Barnamenningarh\u00e1t\u00ed\u00f0&nbsp;<\/strong><\/li><\/ol>\n\n\n\n<p>S\u00f3tt var um styrk til , svar hefur ekki borist,&nbsp; f\u00e6ra vi\u00f0bur\u00f0inn til sumardagsins fyrsta&nbsp;<\/p>\n\n\n\n<p>Fundi sliti\u00f0 20.00<br><\/p>\n","protected":false},"excerpt":{"rendered":"<p>9. stj\u00f3rnarfundur&nbsp; starfs\u00e1ri\u00f0 2019\/2020 Haldinn \u00ed Deiglunni 12. febr\u00faar 2020 kl 18:15 M\u00e6tt eru \u00far stj\u00f3rn: Gu\u00f0mundur \u00c1rmann, Ingibj\u00f6rg, Sigr\u00fan Birna og Hei\u00f0d\u00eds \u00e1 netinu Dagskr\u00e1 Undirb\u00faningur fyrir a\u00f0alfund A\u00f0alfundur laugardaginn 23.ma\u00ed kl 13:00 Undirb\u00faningur efnahagsreiknings, \u00e6ttum a\u00f0&#46;&#46;&#46;<\/p>\n","protected":false},"author":3,"featured_media":1936,"comment_status":"closed","ping_status":"closed","sticky":false,"template":"","format":"standard","meta":{"_exactmetrics_skip_tracking":false,"_exactmetrics_sitenote_active":false,"_exactmetrics_sitenote_note":"","_exactmetrics_sitenote_category":0,"footnotes":""},"categories":[71],"tags":[],"class_list":["post-2300","post","type-post","status-publish","format-standard","has-post-thumbnail","hentry","category-fundargerdir"],"_links":{"self":[{"href":"https:\/\/listagil.is\/index.php?rest_route=\/wp\/v2\/posts\/2300","targetHints":{"allow":["GET"]}}],"collection":[{"href":"https:\/\/listagil.is\/index.php?rest_route=\/wp\/v2\/posts"}],"about":[{"href":"https:\/\/listagil.is\/index.php?rest_route=\/wp\/v2\/types\/post"}],"author":[{"embeddable":true,"href":"https:\/\/listagil.is\/index.php?rest_route=\/wp\/v2\/users\/3"}],"replies":[{"embeddable":true,"href":"https:\/\/listagil.is\/index.php?rest_route=%2Fwp%2Fv2%2Fcomments&post=2300"}],"version-history":[{"count":1,"href":"https:\/\/listagil.is\/index.php?rest_route=\/wp\/v2\/posts\/2300\/revisions"}],"predecessor-version":[{"id":2301,"href":"https:\/\/listagil.is\/index.php?rest_route=\/wp\/v2\/posts\/2300\/revisions\/2301"}],"wp:featuredmedia":[{"embeddable":true,"href":"https:\/\/listagil.is\/index.php?rest_route=\/wp\/v2\/media\/1936"}],"wp:attachment":[{"href":"https:\/\/listagil.is\/index.php?rest_route=%2Fwp%2Fv2%2Fmedia&parent=2300"}],"wp:term":[{"taxonomy":"category","embeddable":true,"href":"https:\/\/listagil.is\/index.php?rest_route=%2Fwp%2Fv2%2Fcategories&post=2300"},{"taxonomy":"post_tag","embeddable":true,"href":"https:\/\/listagil.is\/index.php?rest_route=%2Fwp%2Fv2%2Ftags&post=2300"}],"curies":[{"name":"wp","href":"https:\/\/api.w.org\/{rel}","templated":true}]}}