{"id":2150,"date":"2019-09-27T12:29:54","date_gmt":"2019-09-27T12:29:54","guid":{"rendered":"http:\/\/listagil.is\/?p=2150"},"modified":"2019-09-27T12:29:54","modified_gmt":"2019-09-27T12:29:54","slug":"stjornarfundur-25-september-2019","status":"publish","type":"post","link":"https:\/\/listagil.is\/?p=2150","title":{"rendered":"Stj\u00f3rnarfundur 25. september 2019"},"content":{"rendered":"<ol start=\"4\">\n<li><b> stj\u00f3rnarfundur\u00a0 starfs\u00e1ri\u00f0 2019\/2020<\/b><\/li>\n<\/ol>\n<p><span style=\"font-weight: 400;\">Haldinn \u00ed Deiglunni 25. september kl 16:15<\/span><\/p>\n<p><span style=\"font-weight: 400;\">M\u00e6tt eru \u00far stj\u00f3rn: Gu\u00f0mundur \u00c1rmann, Ingibj\u00f6rg, Sigr\u00fan Birna , A\u00f0alsteinn og Hei\u00f0d\u00eds \u00e1 netinu.<\/span><\/p>\n<p><span style=\"font-weight: 400;\">Dagskr\u00e1<\/span><\/p>\n<p>&nbsp;<\/p>\n<ul>\n<li><b>Vatnslitan\u00e1mskei\u00f0 Keith Hornblower<\/b><\/li>\n<\/ul>\n<p>&nbsp;<\/p>\n<p><span style=\"font-weight: 400;\">Vatnslistan\u00e1mskei\u00f0 ver\u00f0ur haldi\u00f0\u00a0 4. &#8211; 6. okt\u00f3ber. N\u00e1mskei\u00f0i\u00f0 hefst kl 20:00 f\u00f6studagskv\u00f6ld og er fr\u00e1 10-17 laugardag og sunnudag.\u00a0 \u00de\u00e1tttakendur eru 12. Undirb\u00faa \u00fearf Deigluna fimmtudagskv\u00f6ldi\u00f0 3. okt. N\u00e1mskei\u00f0sgj\u00f6ld eru 35 \u00fe\u00fasund. Kennari tekur 340 \u00fe\u00fasund. Gu\u00f0mundur \u00c1rmann ver\u00f0ur me\u00f0 auka papp\u00edr og liti \u00ed bo\u00f0i ef \u00fe\u00e1tttakendur vilja kaupa.<\/span><\/p>\n<p>&nbsp;<\/p>\n<ul>\n<li><b>List- og handverksmessa \u00e1 a\u00f0ventu<\/b><\/li>\n<\/ul>\n<p>&nbsp;<\/p>\n<p><span style=\"font-weight: 400;\">List- og handverksmessa ver\u00f0ur haldin helgina 29. n\u00f3vember &#8211; 1. des.\u00a0<\/span><\/p>\n<p><span style=\"font-weight: 400;\">Bor\u00f0aleiga ver\u00f0uri s\u00fa sama og undanfarin \u00e1r,\u00a0 2500 kr fyrir bor\u00f0i\u00f0.<\/span><\/p>\n<p>&nbsp;<\/p>\n<ul>\n<li><b>Graf\u00edkn\u00e1mskei\u00f0 hluti\u00a0 II og III\u00a0\u00a0<\/b><\/li>\n<\/ul>\n<p>&nbsp;<\/p>\n<p><span style=\"font-weight: 400;\">S\u00ed\u00f0ari hlutar graf\u00edkn\u00e1mskei\u00f0s ver\u00f0a haldnir 8. -10. n\u00f3vember og\u00a0 15. &#8211; 17. n\u00f3vember. <\/span><span style=\"font-weight: 400;\"><br \/>\n<\/span><span style=\"font-weight: 400;\">Gu\u00f0mundur \u00c1rmann kannar hva\u00f0 vistv\u00e6nir litir kosta,\u00a0 einnig papp\u00edr, pl\u00f6tur og skur\u00f0arj\u00e1rn. Einnig \u00fearf a\u00f0 leysa \u00fea\u00f0 hvernig vi\u00f0 bleytum papp\u00edrinn og fr\u00e1leggsm\u00e1l.<\/span><\/p>\n<p>&nbsp;<\/p>\n<ul>\n<li><b>Samningar vi\u00f0 Akureyrarstofu<\/b><\/li>\n<\/ul>\n<p>&nbsp;<\/p>\n<p><span style=\"font-weight: 400;\">Enn hefur ekkert heyrst fr\u00e1 Akureyrarstofu varandi samnings m\u00e1l, Gu\u00f0mundur \u00c1rmann sendir \u00edtrekun \u00e1 Kristinn.<\/span><\/p>\n<p>&nbsp;<\/p>\n<ul>\n<li><b>\u00d6nnur m\u00e1l<\/b><\/li>\n<\/ul>\n<p>&nbsp;<\/p>\n<p><b>a)<\/b><span style=\"font-weight: 400;\">Hei\u00f0d\u00eds leggur til a\u00f0 f\u00e9lagsm\u00f6nnum ver\u00f0i bo\u00f0i\u00f0 a\u00f0 nota Deigluna \u00e1n endurgjalds , sem samstarfsa\u00f0ilar en ekki leigendur. \u00deannig sj\u00e1i\u00a0 e.t.v.fleiri s\u00e9r kost \u00e1 a\u00f0 vera me\u00f0 vi\u00f0bur\u00f0i\/s\u00fdningar.<\/span><\/p>\n<ol>\n<li><b>b) Augl\u00fdsingar \u00ed N4<\/b><b><br \/>\n<\/b><span style=\"font-weight: 400;\">Komi\u00f0 hefur tilbo\u00f0 fr\u00e1 N4 dagskr\u00e1nni\u00a0 til kynningar \u00e1 gestalistamanni hverju sinni. Me\u00f0 \u00ed \u00fev\u00ed tilbo\u00f0i fylgja birtingar \u00ed skj\u00e1augl\u00fdsningum \u00ed 3 daga.<\/span><span style=\"font-weight: 400;\"><br \/>\n<\/span><span style=\"font-weight: 400;\">Ingibj\u00f6rg kannar hva\u00f0a tilbo\u00f0 h\u00e6gt s\u00e9 a\u00f0 f\u00e1 hj\u00e1 Dagskr\u00e1nni.<\/span><\/li>\n<\/ol>\n<p><span style=\"font-weight: 400;\">Fundi sliti\u00f0 18:15<\/span><\/p>\n<p>&nbsp;<\/p>\n","protected":false},"excerpt":{"rendered":"<p>stj\u00f3rnarfundur\u00a0 starfs\u00e1ri\u00f0 2019\/2020 Haldinn \u00ed Deiglunni 25. september kl 16:15 M\u00e6tt eru \u00far stj\u00f3rn: Gu\u00f0mundur \u00c1rmann, Ingibj\u00f6rg, Sigr\u00fan Birna , A\u00f0alsteinn og Hei\u00f0d\u00eds \u00e1 netinu. Dagskr\u00e1 &nbsp; Vatnslitan\u00e1mskei\u00f0 Keith Hornblower &nbsp; Vatnslistan\u00e1mskei\u00f0 ver\u00f0ur haldi\u00f0\u00a0 4. &#8211; 6. okt\u00f3ber.&#46;&#46;&#46;<\/p>\n","protected":false},"author":3,"featured_media":1936,"comment_status":"closed","ping_status":"closed","sticky":false,"template":"","format":"standard","meta":{"_exactmetrics_skip_tracking":false,"_exactmetrics_sitenote_active":false,"_exactmetrics_sitenote_note":"","_exactmetrics_sitenote_category":0,"footnotes":""},"categories":[71],"tags":[],"class_list":["post-2150","post","type-post","status-publish","format-standard","has-post-thumbnail","hentry","category-fundargerdir"],"_links":{"self":[{"href":"https:\/\/listagil.is\/index.php?rest_route=\/wp\/v2\/posts\/2150","targetHints":{"allow":["GET"]}}],"collection":[{"href":"https:\/\/listagil.is\/index.php?rest_route=\/wp\/v2\/posts"}],"about":[{"href":"https:\/\/listagil.is\/index.php?rest_route=\/wp\/v2\/types\/post"}],"author":[{"embeddable":true,"href":"https:\/\/listagil.is\/index.php?rest_route=\/wp\/v2\/users\/3"}],"replies":[{"embeddable":true,"href":"https:\/\/listagil.is\/index.php?rest_route=%2Fwp%2Fv2%2Fcomments&post=2150"}],"version-history":[{"count":1,"href":"https:\/\/listagil.is\/index.php?rest_route=\/wp\/v2\/posts\/2150\/revisions"}],"predecessor-version":[{"id":2151,"href":"https:\/\/listagil.is\/index.php?rest_route=\/wp\/v2\/posts\/2150\/revisions\/2151"}],"wp:featuredmedia":[{"embeddable":true,"href":"https:\/\/listagil.is\/index.php?rest_route=\/wp\/v2\/media\/1936"}],"wp:attachment":[{"href":"https:\/\/listagil.is\/index.php?rest_route=%2Fwp%2Fv2%2Fmedia&parent=2150"}],"wp:term":[{"taxonomy":"category","embeddable":true,"href":"https:\/\/listagil.is\/index.php?rest_route=%2Fwp%2Fv2%2Fcategories&post=2150"},{"taxonomy":"post_tag","embeddable":true,"href":"https:\/\/listagil.is\/index.php?rest_route=%2Fwp%2Fv2%2Ftags&post=2150"}],"curies":[{"name":"wp","href":"https:\/\/api.w.org\/{rel}","templated":true}]}}