{"id":2119,"date":"2019-09-10T12:23:57","date_gmt":"2019-09-10T12:23:57","guid":{"rendered":"http:\/\/listagil.is\/?p=2119"},"modified":"2019-09-10T12:23:57","modified_gmt":"2019-09-10T12:23:57","slug":"graenn-markadsdagur-plastlaus-september","status":"publish","type":"post","link":"https:\/\/listagil.is\/?p=2119","title":{"rendered":"Gr\u00e6nn marka\u00f0sdagur &#8211; Plastlaus September"},"content":{"rendered":"<p><img loading=\"lazy\" decoding=\"async\" class=\"aligncenter size-medium wp-image-2120\" src=\"http:\/\/listagil.is\/wp-content\/uploads\/2019\/09\/69028893_3053131971428869_1765911658137387008_o-800x573.jpg\" alt=\"\" width=\"800\" height=\"573\" srcset=\"https:\/\/listagil.is\/wp-content\/uploads\/2019\/09\/69028893_3053131971428869_1765911658137387008_o-800x573.jpg 800w, https:\/\/listagil.is\/wp-content\/uploads\/2019\/09\/69028893_3053131971428869_1765911658137387008_o-768x550.jpg 768w, https:\/\/listagil.is\/wp-content\/uploads\/2019\/09\/69028893_3053131971428869_1765911658137387008_o-1024x733.jpg 1024w, https:\/\/listagil.is\/wp-content\/uploads\/2019\/09\/69028893_3053131971428869_1765911658137387008_o.jpg 1920w\" sizes=\"auto, (max-width: 800px) 100vw, 800px\" \/><\/p>\n<p>Laugardaginn 14. september kl. 12 &#8211; 16 mun fara fram marka\u00f0sdagur \u00ed Deiglunni \u00e1 Akureyri, \u00fear sem kynntar ver\u00f0a umhverfisv\u00e6nar v\u00f6rur. Bambustannburstar, h\u00e1rs\u00e1pustykki, b\u00fdvaxfilmur, fj\u00f6lnota kaffipokar, taubleyjur og \u00fdmislegt fleira. Sj\u00f3n er s\u00f6gu r\u00edkari!<\/p>\n<p>S\u00f6lua\u00f0ilar \u00e1 marka\u00f0num eru:<br \/>\nMena, Modibodi, Vistvera, L\u00f3l\u00f3 verslun, Mjallhv\u00edt, J\u00f3gu b\u00fa\u00f0, Ethic, Fj\u00f6lnota.is og Tropic.is.<\/p>\n<p>A\u00f0gangur \u00f3keypis og allir hjartanlega velkomnir!<\/p>\n<p>N\u00e1nari uppl\u00fdsingar um Plastlausan september:<br \/>\nPlastlaus september er \u00e1rvekni\u00e1tak, sem haldi\u00f0 var \u00ed fyrsta sinn \u00ed september 2017. Tilgangur verkefnisins er a\u00f0 vekja f\u00f3lk til umhugsunar um plastnotkun og \u00feann plast\u00fargang sem fellur til dagsdaglega og leita lei\u00f0a til a\u00f0 minnka plastnotkun. Gr\u00ed\u00f0arlegt magn af einnota plasti endar \u00ed landfyllingum og \u00ed hafinu sem er miki\u00f0 \u00e1hyggjuefni. Allt plast sem hefur veri\u00f0 framleitt er enn til, \u00fea\u00f0 brotnar ni\u00f0ur \u00ed sm\u00e6rri einingar en ey\u00f0ist ekki.<\/p>\n<p>Plastlaus september hvetur okkur til a\u00f0 kaupa minna af einnota plasti \u00ed september. Vi\u00f0 getum vali\u00f0 hvort vi\u00f0 t\u00f6kum \u00fe\u00e1tt \u00ed einn dag, eina viku, heilan m\u00e1nu\u00f0 e\u00f0a til framb\u00fa\u00f0ar.<\/p>\n","protected":false},"excerpt":{"rendered":"<p>Laugardaginn 14. september kl. 12 &#8211; 16 mun fara fram marka\u00f0sdagur \u00ed Deiglunni \u00e1 Akureyri, \u00fear sem kynntar ver\u00f0a umhverfisv\u00e6nar v\u00f6rur. Bambustannburstar, h\u00e1rs\u00e1pustykki, b\u00fdvaxfilmur, fj\u00f6lnota kaffipokar, taubleyjur og \u00fdmislegt fleira. Sj\u00f3n er s\u00f6gu r\u00edkari! S\u00f6lua\u00f0ilar \u00e1 marka\u00f0num eru:&#46;&#46;&#46;<\/p>\n","protected":false},"author":3,"featured_media":2120,"comment_status":"closed","ping_status":"closed","sticky":false,"template":"","format":"standard","meta":{"_exactmetrics_skip_tracking":false,"_exactmetrics_sitenote_active":false,"_exactmetrics_sitenote_note":"","_exactmetrics_sitenote_category":0,"footnotes":""},"categories":[4],"tags":[],"class_list":["post-2119","post","type-post","status-publish","format-standard","has-post-thumbnail","hentry","category-frettir"],"_links":{"self":[{"href":"https:\/\/listagil.is\/index.php?rest_route=\/wp\/v2\/posts\/2119","targetHints":{"allow":["GET"]}}],"collection":[{"href":"https:\/\/listagil.is\/index.php?rest_route=\/wp\/v2\/posts"}],"about":[{"href":"https:\/\/listagil.is\/index.php?rest_route=\/wp\/v2\/types\/post"}],"author":[{"embeddable":true,"href":"https:\/\/listagil.is\/index.php?rest_route=\/wp\/v2\/users\/3"}],"replies":[{"embeddable":true,"href":"https:\/\/listagil.is\/index.php?rest_route=%2Fwp%2Fv2%2Fcomments&post=2119"}],"version-history":[{"count":1,"href":"https:\/\/listagil.is\/index.php?rest_route=\/wp\/v2\/posts\/2119\/revisions"}],"predecessor-version":[{"id":2121,"href":"https:\/\/listagil.is\/index.php?rest_route=\/wp\/v2\/posts\/2119\/revisions\/2121"}],"wp:featuredmedia":[{"embeddable":true,"href":"https:\/\/listagil.is\/index.php?rest_route=\/wp\/v2\/media\/2120"}],"wp:attachment":[{"href":"https:\/\/listagil.is\/index.php?rest_route=%2Fwp%2Fv2%2Fmedia&parent=2119"}],"wp:term":[{"taxonomy":"category","embeddable":true,"href":"https:\/\/listagil.is\/index.php?rest_route=%2Fwp%2Fv2%2Fcategories&post=2119"},{"taxonomy":"post_tag","embeddable":true,"href":"https:\/\/listagil.is\/index.php?rest_route=%2Fwp%2Fv2%2Ftags&post=2119"}],"curies":[{"name":"wp","href":"https:\/\/api.w.org\/{rel}","templated":true}]}}