{"id":2080,"date":"2019-08-23T12:43:41","date_gmt":"2019-08-23T12:43:41","guid":{"rendered":"http:\/\/listagil.is\/?p=2080"},"modified":"2019-08-23T12:43:41","modified_gmt":"2019-08-23T12:43:41","slug":"plastlaus-september-opnunarhatid","status":"publish","type":"post","link":"https:\/\/listagil.is\/?p=2080","title":{"rendered":"Plastlaus september opnunarh\u00e1t\u00ed\u00f0"},"content":{"rendered":"<p><img loading=\"lazy\" decoding=\"async\" class=\"aligncenter size-medium wp-image-2081\" src=\"http:\/\/listagil.is\/wp-content\/uploads\/2019\/08\/67899518_3018020634940003_9012453674781245440_o-800x419.jpg\" alt=\"\" width=\"800\" height=\"419\" srcset=\"https:\/\/listagil.is\/wp-content\/uploads\/2019\/08\/67899518_3018020634940003_9012453674781245440_o-800x419.jpg 800w, https:\/\/listagil.is\/wp-content\/uploads\/2019\/08\/67899518_3018020634940003_9012453674781245440_o-768x402.jpg 768w, https:\/\/listagil.is\/wp-content\/uploads\/2019\/08\/67899518_3018020634940003_9012453674781245440_o-1024x536.jpg 1024w, https:\/\/listagil.is\/wp-content\/uploads\/2019\/08\/67899518_3018020634940003_9012453674781245440_o.jpg 1600w\" sizes=\"auto, (max-width: 800px) 100vw, 800px\" \/><\/p>\n<p>Plastlaus september, Akureyri<br \/>\nSunnudaginn 1. september mun \u00e1rvekni\u00e1taki\u00f0 Plastlaus september hefjast me\u00f0 krassandi umr\u00e6\u00f0um um umhverfism\u00e1l \u00ed Deiglunni kl. 14-16.<\/p>\n<p>\u00ddmsir vi\u00f0m\u00e6lendur munu taka til m\u00e1ls:<br \/>\n&#8211; Gu\u00f0mundur Haukur Sigur\u00f0ur\u00f0arson fr\u00e1 Vistorku kynnir stefnu Akureyrarb\u00e6jar \u00ed umhverfism\u00e1lum.<br \/>\n&#8211; \u201cAllir eru a\u00f0 &#8220;swappa&#8221; &#8211; breytt vi\u00f0horf \u00ed gar\u00f0 nytjamarka\u00f0a og skiptimarka\u00f0a. Linda Gu\u00f0mundsd\u00f3ttir verkefnastj\u00f3ri hj\u00e1 Rau\u00f0a krossinum fr\u00e6\u00f0ir okkur um gamalt\/n\u00fdtt.<br \/>\n&#8211; Hva\u00f0a \u00e1hrif hefur \u00fea\u00f0 \u00e1 neysluvenjur a\u00f0 fjarl\u00e6gja sorptunnur vi\u00f0 heimili? Sn\u00e6fr\u00ed\u00f0ur Ingad\u00f3ttir fer\u00f0ab\u00f3kah\u00f6fundur mi\u00f0lar af reynslu sinni fr\u00e1 Tenerife.<br \/>\n&#8211; Hvernig getum vi\u00f0 gert gagn \u00ed umhverfism\u00e1lum \u00e1n \u00feess a\u00f0 fyllast umhverfiskv\u00ed\u00f0a? Eyr\u00fan Krist\u00edna Gunnarsd\u00f3ttir s\u00e1lfr\u00e6\u00f0ingur gefur okkur j\u00e1kv\u00e6\u00f0a punkta.<\/p>\n<p>Enginn a\u00f0gangseyrir. Veri\u00f0 \u00f6ll hjartanlega velkomin!<\/p>\n<p>N\u00e1nari uppl\u00fdsingar um \u00e1taki\u00f0:<br \/>\nPlastlaus september er \u00e1rvekni\u00e1tak, sem haldi\u00f0 var \u00ed fyrsta sinn \u00ed september 2017. Tilgangur verkefnisins er a\u00f0 vekja f\u00f3lk til umhugsunar um plastnotkun og \u00feann plast\u00fargang sem fellur til dagsdaglega og leita lei\u00f0a til a\u00f0 minnka plastnotkun. Gr\u00ed\u00f0arlegt magn af einnota plasti endar \u00ed landfyllingum og \u00ed hafinu sem er miki\u00f0 \u00e1hyggjuefni. Allt plast sem hefur veri\u00f0 framleitt er enn til, \u00fea\u00f0 brotnar ni\u00f0ur \u00ed sm\u00e6rri einingar en ey\u00f0ist ekki.<\/p>\n<p>Plastlaus september hvetur okkur til a\u00f0 kaupa minna af einnota plasti \u00ed september. Vi\u00f0 getum vali\u00f0 hvort vi\u00f0 t\u00f6kum \u00fe\u00e1tt \u00ed einn dag, eina viku, heilan m\u00e1nu\u00f0 e\u00f0a til framb\u00fa\u00f0ar.<\/p>\n","protected":false},"excerpt":{"rendered":"<p>Plastlaus september, Akureyri Sunnudaginn 1. september mun \u00e1rvekni\u00e1taki\u00f0 Plastlaus september hefjast me\u00f0 krassandi umr\u00e6\u00f0um um umhverfism\u00e1l \u00ed Deiglunni kl. 14-16. \u00ddmsir vi\u00f0m\u00e6lendur munu taka til m\u00e1ls: &#8211; Gu\u00f0mundur Haukur Sigur\u00f0ur\u00f0arson fr\u00e1 Vistorku kynnir stefnu Akureyrarb\u00e6jar \u00ed umhverfism\u00e1lum. &#8211;&#46;&#46;&#46;<\/p>\n","protected":false},"author":3,"featured_media":2081,"comment_status":"closed","ping_status":"closed","sticky":false,"template":"","format":"standard","meta":{"_exactmetrics_skip_tracking":false,"_exactmetrics_sitenote_active":false,"_exactmetrics_sitenote_note":"","_exactmetrics_sitenote_category":0,"footnotes":""},"categories":[4],"tags":[],"class_list":["post-2080","post","type-post","status-publish","format-standard","has-post-thumbnail","hentry","category-frettir"],"_links":{"self":[{"href":"https:\/\/listagil.is\/index.php?rest_route=\/wp\/v2\/posts\/2080","targetHints":{"allow":["GET"]}}],"collection":[{"href":"https:\/\/listagil.is\/index.php?rest_route=\/wp\/v2\/posts"}],"about":[{"href":"https:\/\/listagil.is\/index.php?rest_route=\/wp\/v2\/types\/post"}],"author":[{"embeddable":true,"href":"https:\/\/listagil.is\/index.php?rest_route=\/wp\/v2\/users\/3"}],"replies":[{"embeddable":true,"href":"https:\/\/listagil.is\/index.php?rest_route=%2Fwp%2Fv2%2Fcomments&post=2080"}],"version-history":[{"count":1,"href":"https:\/\/listagil.is\/index.php?rest_route=\/wp\/v2\/posts\/2080\/revisions"}],"predecessor-version":[{"id":2082,"href":"https:\/\/listagil.is\/index.php?rest_route=\/wp\/v2\/posts\/2080\/revisions\/2082"}],"wp:featuredmedia":[{"embeddable":true,"href":"https:\/\/listagil.is\/index.php?rest_route=\/wp\/v2\/media\/2081"}],"wp:attachment":[{"href":"https:\/\/listagil.is\/index.php?rest_route=%2Fwp%2Fv2%2Fmedia&parent=2080"}],"wp:term":[{"taxonomy":"category","embeddable":true,"href":"https:\/\/listagil.is\/index.php?rest_route=%2Fwp%2Fv2%2Fcategories&post=2080"},{"taxonomy":"post_tag","embeddable":true,"href":"https:\/\/listagil.is\/index.php?rest_route=%2Fwp%2Fv2%2Ftags&post=2080"}],"curies":[{"name":"wp","href":"https:\/\/api.w.org\/{rel}","templated":true}]}}